{"id":14141,"date":"2024-02-15T18:50:01","date_gmt":"2024-02-15T17:50:01","guid":{"rendered":"https:\/\/locorraldarnes.com\/?p=14141"},"modified":"2024-02-15T18:51:03","modified_gmt":"2024-02-15T17:51:03","slug":"excursio-per-lentorn-de-fontespatla-matarranya-on-visitarem-la-caseta-del-moro-pujarem-a-la-punta-de-lombria-i-baixarem-per-un-bonic-bosc-tot-passant-per-la-coveta-de-laigua","status":"publish","type":"post","link":"https:\/\/locorraldarnes.com\/fr\/excursio-per-lentorn-de-fontespatla-matarranya-on-visitarem-la-caseta-del-moro-pujarem-a-la-punta-de-lombria-i-baixarem-per-un-bonic-bosc-tot-passant-per-la-coveta-de-laigua\/","title":{"rendered":"Excursi\u00f3 pel Matarranya: Caseta del Moro-Punta de l&rsquo;Ombria-Coveta Aigua a Fontespalda"},"content":{"rendered":"<p>[et_pb_section fb_built=\u00a0\u00bb1&Prime; admin_label=\u00a0\u00bbsection\u00a0\u00bb _builder_version=\u00a0\u00bb4.16&Prime; global_colors_info=\u00a0\u00bb{}\u00a0\u00bb][et_pb_row column_structure=\u00a0\u00bb3_5,2_5&Prime; admin_label=\u00a0\u00bbrow\u00a0\u00bb _builder_version=\u00a0\u00bb4.16&Prime; background_size=\u00a0\u00bbinitial\u00a0\u00bb background_position=\u00a0\u00bbtop_left\u00a0\u00bb background_repeat=\u00a0\u00bbrepeat\u00a0\u00bb global_colors_info=\u00a0\u00bb{}\u00a0\u00bb][et_pb_column type=\u00a0\u00bb3_5&Prime; _builder_version=\u00a0\u00bb4.16&Prime; custom_padding=\u00a0\u00bb|||\u00a0\u00bb global_colors_info=\u00a0\u00bb{}\u00a0\u00bb custom_padding__hover=\u00a0\u00bb|||\u00a0\u00bb][et_pb_text admin_label=\u00a0\u00bbText\u00a0\u00bb _builder_version=\u00a0\u00bb4.24.0&Prime; background_size=\u00a0\u00bbinitial\u00a0\u00bb background_position=\u00a0\u00bbtop_left\u00a0\u00bb background_repeat=\u00a0\u00bbrepeat\u00a0\u00bb custom_margin=\u00a0\u00bb||-283px|||\u00a0\u00bb global_colors_info=\u00a0\u00bb{}\u00a0\u00bb]<\/p>\n<h2>EXCURSI\u00d3 PEL MATARRANYA<\/h2>\n<h3>Caseta del Moro-Punta de l&rsquo;Ombria-Coveta de l&rsquo;Aigua.<\/h3>\n<div class=\"row\">\n<div class=\"col-md-8\">\n<p>Per arribar a l&rsquo;inici de l&rsquo;excursi\u00f3, haurem d&rsquo;arribar fins a Fondespatla (Matarranya), a pocs kil\u00f2metres de Vall-de-roures. Si venim des de el nord, poc abans de la sortida del poble veurem a m\u00e0 esquerra un cam\u00ed amb indicacions per anar a la \u00ab\u00a0Coveta de l&rsquo;Aigua\u00a0\u00bb. Seguirem aquesta pista en bon estat un parell de km. fins arribar a l&rsquo;aparcament de la Coveta.<br \/>Agafarem el sender senyalitzat com a PR en direcci\u00f3 nord, passarem per la Caseta del Moro, i seguirem fins un collet on hi ha una cruilla amb el sender de la Penya del Corb, nosaltres girarem a la dreta en direcci\u00f3 sudest. Al poc arribarem a una pista que seguirem cap a la dreta i que ens dur\u00e0 fins el cim de la Punta de l&rsquo;Ombria.<br \/>Seguim uns cent metres baixant per la pista i trobarem una senda que surt a m\u00e0 dreta i que \u00e9s per on baixarem. Passarem per la Coveta de l&rsquo;Aigua i al poc arribarem al cotxe.<\/p>\n<p>Aqu\u00ed teniu el link al nostre <a href=\"https:\/\/ca.wikiloc.com\/rutes-senderisme\/rutes-a-peu-lo-corral-darnes-ruta-36-caseta-del-moro-punta-de-lombria-coveta-aigua-a-fontespalda-161216411\" target=\"_blank\" rel=\"noopener\"><strong>Wikiloc<\/strong><\/a> on podreu descarregar el track de la sortida<\/p>\n<p>B\u00e9, que disfruteu de la muntanya,\u00a0 i sobretot, que disfruteu de la vida.<\/p>\n<p>Salut<\/p>\n<p>&nbsp;<\/p>\n<div class=\"entry-content-asset videofit\">\u00a0<\/div>\n<p>&nbsp;<\/p>\n<\/div>\n<div class=\"col-md-4\">\n<p>&nbsp;<\/p>\n<p>&nbsp;<\/p>\n<p>&nbsp;<\/p>\n<p>&nbsp;<\/p>\n<p>&nbsp;<\/p>\n<p>&nbsp;<\/p>\n<\/div>\n<\/div>\n<p>&nbsp;<\/p>\n<p>&nbsp;<\/p>\n<p>&nbsp;<\/p>\n<div style=\"color: #777; font-size: 11px; line-height: 16px;\">\u00a0<\/div>\n<p>&nbsp;<\/p>\n<p>[\/et_pb_text][\/et_pb_column][et_pb_column type=\u00a0\u00bb2_5&Prime; _builder_version=\u00a0\u00bb4.16&Prime; custom_padding=\u00a0\u00bb|||\u00a0\u00bb global_colors_info=\u00a0\u00bb{}\u00a0\u00bb custom_padding__hover=\u00a0\u00bb|||\u00a0\u00bb][et_pb_gallery gallery_ids=\u00a0\u00bb14147,14151,14155&Prime; posts_number=\u00a0\u00bb30&Prime; show_title_and_caption=\u00a0\u00bboff\u00a0\u00bb show_pagination=\u00a0\u00bboff\u00a0\u00bb _builder_version=\u00a0\u00bb4.24.0&Prime; _module_preset=\u00a0\u00bbdefault\u00a0\u00bb global_colors_info=\u00a0\u00bb{}\u00a0\u00bb][\/et_pb_gallery][\/et_pb_column][\/et_pb_row][\/et_pb_section]<\/p>\n<span class=\"et_bloom_bottom_trigger\"><\/span>","protected":false},"excerpt":{"rendered":"<p>Excursi\u00f3 per l&rsquo;entorn de Fontespatla, Matarranya, on visitarem la Caseta del Moro, pujarem a la Punta de l&rsquo;Ombria i baixarem per un bonic bosc tot passant per la Coveta de l&rsquo;Aigua<\/p>\n","protected":false},"author":7344,"featured_media":14161,"comment_status":"open","ping_status":"open","sticky":false,"template":"","format":"standard","meta":{"_et_pb_use_builder":"on","_et_pb_old_content":"","_et_gb_content_width":"","footnotes":""},"categories":[413,4,57],"tags":[11,220,285,223],"class_list":["post-14141","post","type-post","status-publish","format-standard","has-post-thumbnail","hentry","category-allotjament-rural","category-excursions","category-senderisme","tag-arnes","tag-els-ports","tag-matarranya","tag-senderisme"],"yoast_head":"<!-- This site is optimized with the Yoast SEO plugin v27.5 - https:\/\/yoast.com\/product\/yoast-seo-wordpress\/ -->\n<title>Excursi\u00f3 pel Matarranya: Caseta del Moro-Punta de l&#039;Ombria-Coveta Aigua a Fontespalda - lo corral d&#039;arnes<\/title>\n<meta name=\"description\" content=\"Excursi\u00f3 per l&#039;entorn de Fontespatla, Matarranya, on visitarem la Caseta del Moro, la Punta de l&#039;Ombria i baixarem per un bonic bosc passant per la Coveta de l&#039;Aigua\" \/>\n<meta name=\"robots\" content=\"index, follow, max-snippet:-1, max-image-preview:large, max-video-preview:-1\" \/>\n<link rel=\"canonical\" href=\"https:\/\/locorraldarnes.com\/excursio-per-lentorn-de-fontespatla-matarranya-on-visitarem-la-caseta-del-moro-pujarem-a-la-punta-de-lombria-i-baixarem-per-un-bonic-bosc-tot-passant-per-la-coveta-de-laigua\/\" \/>\n<meta property=\"og:locale\" content=\"fr_FR\" \/>\n<meta property=\"og:type\" content=\"article\" \/>\n<meta property=\"og:title\" content=\"Excursi\u00f3 pel Matarranya: Caseta del Moro-Punta de l&#039;Ombria-Coveta Aigua a Fontespalda - lo corral d&#039;arnes\" \/>\n<meta property=\"og:description\" content=\"Excursi\u00f3 per l&#039;entorn de Fontespatla, Matarranya, on visitarem la Caseta del Moro, la Punta de l&#039;Ombria i baixarem per un bonic bosc passant per la Coveta de l&#039;Aigua\" \/>\n<meta property=\"og:url\" content=\"https:\/\/locorraldarnes.com\/excursio-per-lentorn-de-fontespatla-matarranya-on-visitarem-la-caseta-del-moro-pujarem-a-la-punta-de-lombria-i-baixarem-per-un-bonic-bosc-tot-passant-per-la-coveta-de-laigua\/\" \/>\n<meta property=\"og:site_name\" content=\"lo corral d&#039;arnes\" \/>\n<meta property=\"article:publisher\" content=\"https:\/\/www.facebook.com\/locorraldarnes\" \/>\n<meta property=\"article:published_time\" content=\"2024-02-15T17:50:01+00:00\" \/>\n<meta property=\"article:modified_time\" content=\"2024-02-15T17:51:03+00:00\" \/>\n<meta property=\"og:image\" content=\"https:\/\/locorraldarnes.com\/wp-content\/uploads\/2024\/02\/Punta-Umbria-Fontespalda-32.jpg\" \/>\n\t<meta property=\"og:image:width\" content=\"756\" \/>\n\t<meta property=\"og:image:height\" content=\"349\" \/>\n\t<meta property=\"og:image:type\" content=\"image\/jpeg\" \/>\n<meta name=\"author\" content=\"Lo corral d&#039;arnes\" \/>\n<meta name=\"twitter:card\" content=\"summary_large_image\" \/>\n<meta name=\"twitter:label1\" content=\"\u00c9crit par\" \/>\n\t<meta name=\"twitter:data1\" content=\"Lo corral d&#039;arnes\" \/>\n\t<meta name=\"twitter:label2\" content=\"Dur\u00e9e de lecture estim\u00e9e\" \/>\n\t<meta name=\"twitter:data2\" content=\"2 minutes\" \/>\n<script type=\"application\/ld+json\" class=\"yoast-schema-graph\">{\"@context\":\"https:\\\/\\\/schema.org\",\"@graph\":[{\"@type\":\"Article\",\"@id\":\"https:\\\/\\\/locorraldarnes.com\\\/excursio-per-lentorn-de-fontespatla-matarranya-on-visitarem-la-caseta-del-moro-pujarem-a-la-punta-de-lombria-i-baixarem-per-un-bonic-bosc-tot-passant-per-la-coveta-de-laigua\\\/#article\",\"isPartOf\":{\"@id\":\"https:\\\/\\\/locorraldarnes.com\\\/excursio-per-lentorn-de-fontespatla-matarranya-on-visitarem-la-caseta-del-moro-pujarem-a-la-punta-de-lombria-i-baixarem-per-un-bonic-bosc-tot-passant-per-la-coveta-de-laigua\\\/\"},\"author\":{\"name\":\"Lo corral d'arnes\",\"@id\":\"https:\\\/\\\/locorraldarnes.com\\\/#\\\/schema\\\/person\\\/014cb61eff277c4d2c65f4e64512915f\"},\"headline\":\"Excursi\u00f3 pel Matarranya: Caseta del Moro-Punta de l&rsquo;Ombria-Coveta Aigua a Fontespalda\",\"datePublished\":\"2024-02-15T17:50:01+00:00\",\"dateModified\":\"2024-02-15T17:51:03+00:00\",\"mainEntityOfPage\":{\"@id\":\"https:\\\/\\\/locorraldarnes.com\\\/excursio-per-lentorn-de-fontespatla-matarranya-on-visitarem-la-caseta-del-moro-pujarem-a-la-punta-de-lombria-i-baixarem-per-un-bonic-bosc-tot-passant-per-la-coveta-de-laigua\\\/\"},\"wordCount\":366,\"commentCount\":0,\"publisher\":{\"@id\":\"https:\\\/\\\/locorraldarnes.com\\\/#organization\"},\"image\":{\"@id\":\"https:\\\/\\\/locorraldarnes.com\\\/excursio-per-lentorn-de-fontespatla-matarranya-on-visitarem-la-caseta-del-moro-pujarem-a-la-punta-de-lombria-i-baixarem-per-un-bonic-bosc-tot-passant-per-la-coveta-de-laigua\\\/#primaryimage\"},\"thumbnailUrl\":\"https:\\\/\\\/locorraldarnes.com\\\/wp-content\\\/uploads\\\/2024\\\/02\\\/Punta-Umbria-Fontespalda-32.jpg\",\"keywords\":[\"Arnes\",\"Els Ports\",\"Matarranya\",\"senderisme\"],\"articleSection\":[\"allotjament rural\",\"excursions\",\"senderisme\"],\"inLanguage\":\"fr-FR\",\"potentialAction\":[{\"@type\":\"CommentAction\",\"name\":\"Comment\",\"target\":[\"https:\\\/\\\/locorraldarnes.com\\\/excursio-per-lentorn-de-fontespatla-matarranya-on-visitarem-la-caseta-del-moro-pujarem-a-la-punta-de-lombria-i-baixarem-per-un-bonic-bosc-tot-passant-per-la-coveta-de-laigua\\\/#respond\"]}]},{\"@type\":\"WebPage\",\"@id\":\"https:\\\/\\\/locorraldarnes.com\\\/excursio-per-lentorn-de-fontespatla-matarranya-on-visitarem-la-caseta-del-moro-pujarem-a-la-punta-de-lombria-i-baixarem-per-un-bonic-bosc-tot-passant-per-la-coveta-de-laigua\\\/\",\"url\":\"https:\\\/\\\/locorraldarnes.com\\\/excursio-per-lentorn-de-fontespatla-matarranya-on-visitarem-la-caseta-del-moro-pujarem-a-la-punta-de-lombria-i-baixarem-per-un-bonic-bosc-tot-passant-per-la-coveta-de-laigua\\\/\",\"name\":\"Excursi\u00f3 pel Matarranya: Caseta del Moro-Punta de l'Ombria-Coveta Aigua a Fontespalda - lo corral d&#039;arnes\",\"isPartOf\":{\"@id\":\"https:\\\/\\\/locorraldarnes.com\\\/#website\"},\"primaryImageOfPage\":{\"@id\":\"https:\\\/\\\/locorraldarnes.com\\\/excursio-per-lentorn-de-fontespatla-matarranya-on-visitarem-la-caseta-del-moro-pujarem-a-la-punta-de-lombria-i-baixarem-per-un-bonic-bosc-tot-passant-per-la-coveta-de-laigua\\\/#primaryimage\"},\"image\":{\"@id\":\"https:\\\/\\\/locorraldarnes.com\\\/excursio-per-lentorn-de-fontespatla-matarranya-on-visitarem-la-caseta-del-moro-pujarem-a-la-punta-de-lombria-i-baixarem-per-un-bonic-bosc-tot-passant-per-la-coveta-de-laigua\\\/#primaryimage\"},\"thumbnailUrl\":\"https:\\\/\\\/locorraldarnes.com\\\/wp-content\\\/uploads\\\/2024\\\/02\\\/Punta-Umbria-Fontespalda-32.jpg\",\"datePublished\":\"2024-02-15T17:50:01+00:00\",\"dateModified\":\"2024-02-15T17:51:03+00:00\",\"description\":\"Excursi\u00f3 per l'entorn de Fontespatla, Matarranya, on visitarem la Caseta del Moro, la Punta de l'Ombria i baixarem per un bonic bosc passant per la Coveta de l'Aigua\",\"breadcrumb\":{\"@id\":\"https:\\\/\\\/locorraldarnes.com\\\/excursio-per-lentorn-de-fontespatla-matarranya-on-visitarem-la-caseta-del-moro-pujarem-a-la-punta-de-lombria-i-baixarem-per-un-bonic-bosc-tot-passant-per-la-coveta-de-laigua\\\/#breadcrumb\"},\"inLanguage\":\"fr-FR\",\"potentialAction\":[{\"@type\":\"ReadAction\",\"target\":[\"https:\\\/\\\/locorraldarnes.com\\\/excursio-per-lentorn-de-fontespatla-matarranya-on-visitarem-la-caseta-del-moro-pujarem-a-la-punta-de-lombria-i-baixarem-per-un-bonic-bosc-tot-passant-per-la-coveta-de-laigua\\\/\"]}]},{\"@type\":\"ImageObject\",\"inLanguage\":\"fr-FR\",\"@id\":\"https:\\\/\\\/locorraldarnes.com\\\/excursio-per-lentorn-de-fontespatla-matarranya-on-visitarem-la-caseta-del-moro-pujarem-a-la-punta-de-lombria-i-baixarem-per-un-bonic-bosc-tot-passant-per-la-coveta-de-laigua\\\/#primaryimage\",\"url\":\"https:\\\/\\\/locorraldarnes.com\\\/wp-content\\\/uploads\\\/2024\\\/02\\\/Punta-Umbria-Fontespalda-32.jpg\",\"contentUrl\":\"https:\\\/\\\/locorraldarnes.com\\\/wp-content\\\/uploads\\\/2024\\\/02\\\/Punta-Umbria-Fontespalda-32.jpg\",\"width\":756,\"height\":349},{\"@type\":\"BreadcrumbList\",\"@id\":\"https:\\\/\\\/locorraldarnes.com\\\/excursio-per-lentorn-de-fontespatla-matarranya-on-visitarem-la-caseta-del-moro-pujarem-a-la-punta-de-lombria-i-baixarem-per-un-bonic-bosc-tot-passant-per-la-coveta-de-laigua\\\/#breadcrumb\",\"itemListElement\":[{\"@type\":\"ListItem\",\"position\":1,\"name\":\"Inici\",\"item\":\"https:\\\/\\\/locorraldarnes.com\\\/\"},{\"@type\":\"ListItem\",\"position\":2,\"name\":\"Excursi\u00f3 pel Matarranya: Caseta del Moro-Punta de l&#8217;Ombria-Coveta Aigua a Fontespalda\"}]},{\"@type\":\"WebSite\",\"@id\":\"https:\\\/\\\/locorraldarnes.com\\\/#website\",\"url\":\"https:\\\/\\\/locorraldarnes.com\\\/\",\"name\":\"lo corral d'arnes\",\"description\":\"Allotjament rural a Arnes. Estels del Sud. Els Ports\",\"publisher\":{\"@id\":\"https:\\\/\\\/locorraldarnes.com\\\/#organization\"},\"potentialAction\":[{\"@type\":\"SearchAction\",\"target\":{\"@type\":\"EntryPoint\",\"urlTemplate\":\"https:\\\/\\\/locorraldarnes.com\\\/?s={search_term_string}\"},\"query-input\":{\"@type\":\"PropertyValueSpecification\",\"valueRequired\":true,\"valueName\":\"search_term_string\"}}],\"inLanguage\":\"fr-FR\"},{\"@type\":\"Organization\",\"@id\":\"https:\\\/\\\/locorraldarnes.com\\\/#organization\",\"name\":\"Lo corral d'arnes\",\"url\":\"https:\\\/\\\/locorraldarnes.com\\\/\",\"logo\":{\"@type\":\"ImageObject\",\"inLanguage\":\"fr-FR\",\"@id\":\"https:\\\/\\\/locorraldarnes.com\\\/#\\\/schema\\\/logo\\\/image\\\/\",\"url\":\"https:\\\/\\\/locorraldarnes.com\\\/wp-content\\\/uploads\\\/logo-lo-corral-mini.gif\",\"contentUrl\":\"https:\\\/\\\/locorraldarnes.com\\\/wp-content\\\/uploads\\\/logo-lo-corral-mini.gif\",\"width\":283,\"height\":116,\"caption\":\"Lo corral d'arnes\"},\"image\":{\"@id\":\"https:\\\/\\\/locorraldarnes.com\\\/#\\\/schema\\\/logo\\\/image\\\/\"},\"sameAs\":[\"https:\\\/\\\/www.facebook.com\\\/locorraldarnes\",\"https:\\\/\\\/www.instagram.com\\\/locorraldarnes8087\\\/\"]},{\"@type\":\"Person\",\"@id\":\"https:\\\/\\\/locorraldarnes.com\\\/#\\\/schema\\\/person\\\/014cb61eff277c4d2c65f4e64512915f\",\"name\":\"Lo corral d'arnes\",\"image\":{\"@type\":\"ImageObject\",\"inLanguage\":\"fr-FR\",\"@id\":\"https:\\\/\\\/secure.gravatar.com\\\/avatar\\\/0ec546518cdc38222ea845d597c90f30ed6748bc9239933ec7c1bfbc090e17f2?s=96&d=mm&r=g\",\"url\":\"https:\\\/\\\/secure.gravatar.com\\\/avatar\\\/0ec546518cdc38222ea845d597c90f30ed6748bc9239933ec7c1bfbc090e17f2?s=96&d=mm&r=g\",\"contentUrl\":\"https:\\\/\\\/secure.gravatar.com\\\/avatar\\\/0ec546518cdc38222ea845d597c90f30ed6748bc9239933ec7c1bfbc090e17f2?s=96&d=mm&r=g\",\"caption\":\"Lo corral d'arnes\"},\"sameAs\":[\"http:\\\/\\\/locorraldarnes.com\"]}]}<\/script>\n<!-- \/ Yoast SEO plugin. -->","yoast_head_json":{"title":"Excursi\u00f3 pel Matarranya: Caseta del Moro-Punta de l'Ombria-Coveta Aigua a Fontespalda - lo corral d&#039;arnes","description":"Excursi\u00f3 per l'entorn de Fontespatla, Matarranya, on visitarem la Caseta del Moro, la Punta de l'Ombria i baixarem per un bonic bosc passant per la Coveta de l'Aigua","robots":{"index":"index","follow":"follow","max-snippet":"max-snippet:-1","max-image-preview":"max-image-preview:large","max-video-preview":"max-video-preview:-1"},"canonical":"https:\/\/locorraldarnes.com\/excursio-per-lentorn-de-fontespatla-matarranya-on-visitarem-la-caseta-del-moro-pujarem-a-la-punta-de-lombria-i-baixarem-per-un-bonic-bosc-tot-passant-per-la-coveta-de-laigua\/","og_locale":"fr_FR","og_type":"article","og_title":"Excursi\u00f3 pel Matarranya: Caseta del Moro-Punta de l'Ombria-Coveta Aigua a Fontespalda - lo corral d&#039;arnes","og_description":"Excursi\u00f3 per l'entorn de Fontespatla, Matarranya, on visitarem la Caseta del Moro, la Punta de l'Ombria i baixarem per un bonic bosc passant per la Coveta de l'Aigua","og_url":"https:\/\/locorraldarnes.com\/excursio-per-lentorn-de-fontespatla-matarranya-on-visitarem-la-caseta-del-moro-pujarem-a-la-punta-de-lombria-i-baixarem-per-un-bonic-bosc-tot-passant-per-la-coveta-de-laigua\/","og_site_name":"lo corral d&#039;arnes","article_publisher":"https:\/\/www.facebook.com\/locorraldarnes","article_published_time":"2024-02-15T17:50:01+00:00","article_modified_time":"2024-02-15T17:51:03+00:00","og_image":[{"width":756,"height":349,"url":"https:\/\/locorraldarnes.com\/wp-content\/uploads\/2024\/02\/Punta-Umbria-Fontespalda-32.jpg","type":"image\/jpeg"}],"author":"Lo corral d'arnes","twitter_card":"summary_large_image","twitter_misc":{"\u00c9crit par":"Lo corral d'arnes","Dur\u00e9e de lecture estim\u00e9e":"2 minutes"},"schema":{"@context":"https:\/\/schema.org","@graph":[{"@type":"Article","@id":"https:\/\/locorraldarnes.com\/excursio-per-lentorn-de-fontespatla-matarranya-on-visitarem-la-caseta-del-moro-pujarem-a-la-punta-de-lombria-i-baixarem-per-un-bonic-bosc-tot-passant-per-la-coveta-de-laigua\/#article","isPartOf":{"@id":"https:\/\/locorraldarnes.com\/excursio-per-lentorn-de-fontespatla-matarranya-on-visitarem-la-caseta-del-moro-pujarem-a-la-punta-de-lombria-i-baixarem-per-un-bonic-bosc-tot-passant-per-la-coveta-de-laigua\/"},"author":{"name":"Lo corral d'arnes","@id":"https:\/\/locorraldarnes.com\/#\/schema\/person\/014cb61eff277c4d2c65f4e64512915f"},"headline":"Excursi\u00f3 pel Matarranya: Caseta del Moro-Punta de l&rsquo;Ombria-Coveta Aigua a Fontespalda","datePublished":"2024-02-15T17:50:01+00:00","dateModified":"2024-02-15T17:51:03+00:00","mainEntityOfPage":{"@id":"https:\/\/locorraldarnes.com\/excursio-per-lentorn-de-fontespatla-matarranya-on-visitarem-la-caseta-del-moro-pujarem-a-la-punta-de-lombria-i-baixarem-per-un-bonic-bosc-tot-passant-per-la-coveta-de-laigua\/"},"wordCount":366,"commentCount":0,"publisher":{"@id":"https:\/\/locorraldarnes.com\/#organization"},"image":{"@id":"https:\/\/locorraldarnes.com\/excursio-per-lentorn-de-fontespatla-matarranya-on-visitarem-la-caseta-del-moro-pujarem-a-la-punta-de-lombria-i-baixarem-per-un-bonic-bosc-tot-passant-per-la-coveta-de-laigua\/#primaryimage"},"thumbnailUrl":"https:\/\/locorraldarnes.com\/wp-content\/uploads\/2024\/02\/Punta-Umbria-Fontespalda-32.jpg","keywords":["Arnes","Els Ports","Matarranya","senderisme"],"articleSection":["allotjament rural","excursions","senderisme"],"inLanguage":"fr-FR","potentialAction":[{"@type":"CommentAction","name":"Comment","target":["https:\/\/locorraldarnes.com\/excursio-per-lentorn-de-fontespatla-matarranya-on-visitarem-la-caseta-del-moro-pujarem-a-la-punta-de-lombria-i-baixarem-per-un-bonic-bosc-tot-passant-per-la-coveta-de-laigua\/#respond"]}]},{"@type":"WebPage","@id":"https:\/\/locorraldarnes.com\/excursio-per-lentorn-de-fontespatla-matarranya-on-visitarem-la-caseta-del-moro-pujarem-a-la-punta-de-lombria-i-baixarem-per-un-bonic-bosc-tot-passant-per-la-coveta-de-laigua\/","url":"https:\/\/locorraldarnes.com\/excursio-per-lentorn-de-fontespatla-matarranya-on-visitarem-la-caseta-del-moro-pujarem-a-la-punta-de-lombria-i-baixarem-per-un-bonic-bosc-tot-passant-per-la-coveta-de-laigua\/","name":"Excursi\u00f3 pel Matarranya: Caseta del Moro-Punta de l'Ombria-Coveta Aigua a Fontespalda - lo corral d&#039;arnes","isPartOf":{"@id":"https:\/\/locorraldarnes.com\/#website"},"primaryImageOfPage":{"@id":"https:\/\/locorraldarnes.com\/excursio-per-lentorn-de-fontespatla-matarranya-on-visitarem-la-caseta-del-moro-pujarem-a-la-punta-de-lombria-i-baixarem-per-un-bonic-bosc-tot-passant-per-la-coveta-de-laigua\/#primaryimage"},"image":{"@id":"https:\/\/locorraldarnes.com\/excursio-per-lentorn-de-fontespatla-matarranya-on-visitarem-la-caseta-del-moro-pujarem-a-la-punta-de-lombria-i-baixarem-per-un-bonic-bosc-tot-passant-per-la-coveta-de-laigua\/#primaryimage"},"thumbnailUrl":"https:\/\/locorraldarnes.com\/wp-content\/uploads\/2024\/02\/Punta-Umbria-Fontespalda-32.jpg","datePublished":"2024-02-15T17:50:01+00:00","dateModified":"2024-02-15T17:51:03+00:00","description":"Excursi\u00f3 per l'entorn de Fontespatla, Matarranya, on visitarem la Caseta del Moro, la Punta de l'Ombria i baixarem per un bonic bosc passant per la Coveta de l'Aigua","breadcrumb":{"@id":"https:\/\/locorraldarnes.com\/excursio-per-lentorn-de-fontespatla-matarranya-on-visitarem-la-caseta-del-moro-pujarem-a-la-punta-de-lombria-i-baixarem-per-un-bonic-bosc-tot-passant-per-la-coveta-de-laigua\/#breadcrumb"},"inLanguage":"fr-FR","potentialAction":[{"@type":"ReadAction","target":["https:\/\/locorraldarnes.com\/excursio-per-lentorn-de-fontespatla-matarranya-on-visitarem-la-caseta-del-moro-pujarem-a-la-punta-de-lombria-i-baixarem-per-un-bonic-bosc-tot-passant-per-la-coveta-de-laigua\/"]}]},{"@type":"ImageObject","inLanguage":"fr-FR","@id":"https:\/\/locorraldarnes.com\/excursio-per-lentorn-de-fontespatla-matarranya-on-visitarem-la-caseta-del-moro-pujarem-a-la-punta-de-lombria-i-baixarem-per-un-bonic-bosc-tot-passant-per-la-coveta-de-laigua\/#primaryimage","url":"https:\/\/locorraldarnes.com\/wp-content\/uploads\/2024\/02\/Punta-Umbria-Fontespalda-32.jpg","contentUrl":"https:\/\/locorraldarnes.com\/wp-content\/uploads\/2024\/02\/Punta-Umbria-Fontespalda-32.jpg","width":756,"height":349},{"@type":"BreadcrumbList","@id":"https:\/\/locorraldarnes.com\/excursio-per-lentorn-de-fontespatla-matarranya-on-visitarem-la-caseta-del-moro-pujarem-a-la-punta-de-lombria-i-baixarem-per-un-bonic-bosc-tot-passant-per-la-coveta-de-laigua\/#breadcrumb","itemListElement":[{"@type":"ListItem","position":1,"name":"Inici","item":"https:\/\/locorraldarnes.com\/"},{"@type":"ListItem","position":2,"name":"Excursi\u00f3 pel Matarranya: Caseta del Moro-Punta de l&#8217;Ombria-Coveta Aigua a Fontespalda"}]},{"@type":"WebSite","@id":"https:\/\/locorraldarnes.com\/#website","url":"https:\/\/locorraldarnes.com\/","name":"lo corral d'arnes","description":"Allotjament rural a Arnes. Estels del Sud. Els Ports","publisher":{"@id":"https:\/\/locorraldarnes.com\/#organization"},"potentialAction":[{"@type":"SearchAction","target":{"@type":"EntryPoint","urlTemplate":"https:\/\/locorraldarnes.com\/?s={search_term_string}"},"query-input":{"@type":"PropertyValueSpecification","valueRequired":true,"valueName":"search_term_string"}}],"inLanguage":"fr-FR"},{"@type":"Organization","@id":"https:\/\/locorraldarnes.com\/#organization","name":"Lo corral d'arnes","url":"https:\/\/locorraldarnes.com\/","logo":{"@type":"ImageObject","inLanguage":"fr-FR","@id":"https:\/\/locorraldarnes.com\/#\/schema\/logo\/image\/","url":"https:\/\/locorraldarnes.com\/wp-content\/uploads\/logo-lo-corral-mini.gif","contentUrl":"https:\/\/locorraldarnes.com\/wp-content\/uploads\/logo-lo-corral-mini.gif","width":283,"height":116,"caption":"Lo corral d'arnes"},"image":{"@id":"https:\/\/locorraldarnes.com\/#\/schema\/logo\/image\/"},"sameAs":["https:\/\/www.facebook.com\/locorraldarnes","https:\/\/www.instagram.com\/locorraldarnes8087\/"]},{"@type":"Person","@id":"https:\/\/locorraldarnes.com\/#\/schema\/person\/014cb61eff277c4d2c65f4e64512915f","name":"Lo corral d'arnes","image":{"@type":"ImageObject","inLanguage":"fr-FR","@id":"https:\/\/secure.gravatar.com\/avatar\/0ec546518cdc38222ea845d597c90f30ed6748bc9239933ec7c1bfbc090e17f2?s=96&d=mm&r=g","url":"https:\/\/secure.gravatar.com\/avatar\/0ec546518cdc38222ea845d597c90f30ed6748bc9239933ec7c1bfbc090e17f2?s=96&d=mm&r=g","contentUrl":"https:\/\/secure.gravatar.com\/avatar\/0ec546518cdc38222ea845d597c90f30ed6748bc9239933ec7c1bfbc090e17f2?s=96&d=mm&r=g","caption":"Lo corral d'arnes"},"sameAs":["http:\/\/locorraldarnes.com"]}]}},"_links":{"self":[{"href":"https:\/\/locorraldarnes.com\/fr\/wp-json\/wp\/v2\/posts\/14141","targetHints":{"allow":["GET"]}}],"collection":[{"href":"https:\/\/locorraldarnes.com\/fr\/wp-json\/wp\/v2\/posts"}],"about":[{"href":"https:\/\/locorraldarnes.com\/fr\/wp-json\/wp\/v2\/types\/post"}],"author":[{"embeddable":true,"href":"https:\/\/locorraldarnes.com\/fr\/wp-json\/wp\/v2\/users\/7344"}],"replies":[{"embeddable":true,"href":"https:\/\/locorraldarnes.com\/fr\/wp-json\/wp\/v2\/comments?post=14141"}],"version-history":[{"count":0,"href":"https:\/\/locorraldarnes.com\/fr\/wp-json\/wp\/v2\/posts\/14141\/revisions"}],"wp:featuredmedia":[{"embeddable":true,"href":"https:\/\/locorraldarnes.com\/fr\/wp-json\/wp\/v2\/media\/14161"}],"wp:attachment":[{"href":"https:\/\/locorraldarnes.com\/fr\/wp-json\/wp\/v2\/media?parent=14141"}],"wp:term":[{"taxonomy":"category","embeddable":true,"href":"https:\/\/locorraldarnes.com\/fr\/wp-json\/wp\/v2\/categories?post=14141"},{"taxonomy":"post_tag","embeddable":true,"href":"https:\/\/locorraldarnes.com\/fr\/wp-json\/wp\/v2\/tags?post=14141"}],"curies":[{"name":"wp","href":"https:\/\/api.w.org\/{rel}","templated":true}]}}