{"id":14067,"date":"2024-01-27T13:35:57","date_gmt":"2024-01-27T12:35:57","guid":{"rendered":"https:\/\/locorraldarnes.com\/?p=14067"},"modified":"2024-01-27T13:58:13","modified_gmt":"2024-01-27T12:58:13","slug":"la-via-mas-facil-de-aguero","status":"publish","type":"post","link":"https:\/\/locorraldarnes.com\/fr\/la-via-mas-facil-de-aguero\/","title":{"rendered":"LA V\u00cdA M\u00c1S F\u00c1CIL DE AG\u00dcERO"},"content":{"rendered":"<p>[et_pb_section fb_built=\u00a0\u00bb1&Prime; admin_label=\u00a0\u00bbsection\u00a0\u00bb _builder_version=\u00a0\u00bb4.16&Prime; global_colors_info=\u00a0\u00bb{}\u00a0\u00bb][et_pb_row column_structure=\u00a0\u00bb3_5,2_5&Prime; admin_label=\u00a0\u00bbrow\u00a0\u00bb _builder_version=\u00a0\u00bb4.16&Prime; background_size=\u00a0\u00bbinitial\u00a0\u00bb background_position=\u00a0\u00bbtop_left\u00a0\u00bb background_repeat=\u00a0\u00bbrepeat\u00a0\u00bb global_colors_info=\u00a0\u00bb{}\u00a0\u00bb][et_pb_column type=\u00a0\u00bb3_5&Prime; _builder_version=\u00a0\u00bb4.16&Prime; custom_padding=\u00a0\u00bb|||\u00a0\u00bb global_colors_info=\u00a0\u00bb{}\u00a0\u00bb custom_padding__hover=\u00a0\u00bb|||\u00a0\u00bb][et_pb_text admin_label=\u00a0\u00bbText\u00a0\u00bb _builder_version=\u00a0\u00bb4.24.0&Prime; background_size=\u00a0\u00bbinitial\u00a0\u00bb background_position=\u00a0\u00bbtop_left\u00a0\u00bb background_repeat=\u00a0\u00bbrepeat\u00a0\u00bb custom_margin=\u00a0\u00bb||-283px|||\u00a0\u00bb global_colors_info=\u00a0\u00bb{}\u00a0\u00bb]<\/p>\n<h2>EL REINO DE LOS MALLOS: LA VIA MAS F\u00c1CIL DE AG\u00dcERO.<\/h2>\n<h3>ESCALADA IDEAL PER A PENSIONISTES I ASSIMILATS.<\/h3>\n<div class=\"row\">\n<div class=\"col-md-8\">\n<p>Es tracta d&rsquo;una via oberta per la colla de <strong>Sendero L\u00edmite<\/strong> amb un equipament gener\u00f2s, que es mant\u00e9 en un grau entre el III &#8211; IV, i que est\u00e0 equipada<strong> per que la gent que escala III i IV no pateixi<\/strong>. Evidentment a les persones que tenen un nivell m\u00e9s elevat els hi sobrar\u00e0 de tot, s&rsquo;hauran equivocat de via, ho sento, per la zona trobaran multitud d&rsquo;itineraris molt m\u00e9s potents.<\/p>\n<p>Personalment mai els hi podr\u00e9 agrair com es mereixen a la gent de <strong>Sendero L\u00edmite<\/strong> tota la feina que han fet amb les bones vies que han obert arreu. A la gent del meu Casal d&rsquo;Avis ens ha allargat la vida \u00ab\u00a0casi-activa\u00a0\u00bb una bona temporada.<\/p>\n<p>La vall del riu G\u00e1llego al seu pas per la zona del Reino de los Mallos (Riglos, Rueba i Ag\u00fcero), ens ofereix unes formacions rocoses espectaculars, parad\u00eds per a tots els amants de la muntanya, ja siguin excursionistes o escaladors. En aquest lloc, tothom troba el seu lloc per a gaudir de les activitats que ens apassionen. Tot i que als escaladors amb les limitacions pr\u00f2pies de la tercera edat ens costa trobar objectius assequibles, de tant en tant apareixen alguns itineraris que ens permeten tornar a il\u00b7lusionar-nos com si torn\u00e9ssim a tenir 60 anys.<\/p>\n<p>La <strong>Via m\u00e1s f\u00e1cil de Ag\u00fcero<\/strong> \u00e9s una escalada sense m\u00e9s pretensions que la de passar una bona jornada d&rsquo;escalada en un entorn meravell\u00f3s. Amb una aproximaci\u00f3 no gaire llarga, uns 30 minuts a pas de pensionista esgotat, i dues possibilitats de descens que ens permeten passar per peu de via a recollir el material que hagu\u00e9rem pogut deixar (bastons, motxilla, sabates,&#8230;).<\/p>\n<p>Per arribar a les parets ens haurem d&rsquo;acostar fins el poble d&rsquo;Ag\u00fcero, i una mica abans d&rsquo;arribar al poble, desviar-nos a la dreta en forta pujada en direcci\u00f3 a la Residencia de la 3\u00aa Edat (quina gr\u00e0cia, no?), i aparcar en un lloc ple de plafons indicadors des d&rsquo;on surt la senda d&rsquo;aproximaci\u00f3.<\/p>\n<p>Seguir la senda com si f\u00f3ssim a fer la volta a los Mallos, i quan estem a sota de les vies Tierra de Nadie, de Toz i de la nostra, veurem que surt un sender\u00f3 que en forta pujada ens deixar\u00e0 a peu de via.<\/p>\n<p>En la web d&rsquo;en <a href=\"http:\/\/eskalatzencas.blogspot.com\/2021\/08\/mallos-de-aguero-la-via-mas-facil.html\"><strong>Xabier Larretxea (Escalatzencas)<\/strong><\/a>, hi trobareu una informaci\u00f3 molt acurada i ressenyes excel\u00b7lents d&rsquo;aquesta i d&rsquo;altres vies molt en la l\u00ednia d&rsquo;aquest post. Val a dir que en Xabier ha escrit una Guia \u00ab\u00a0Escaladas en el Pirineo Norte\u00a0\u00bb, en la que la immensa majoria de les vies ressenyades son aptes per la gent del meu Casal d&rsquo;Avis.\u00a0 GENIAL !!!!<\/p>\n<p>Com que soc incapa\u00e7 de superar les ressenyes i l&rsquo;info. d&rsquo;aquest gran personatge, cliqueu aquest enlla\u00e7 per veure-ho des de el seu web.<\/p>\n<p>I si hi aneu per la zona i voleu estar en un lloc ben bonic, proveu a la <a href=\"https:\/\/lacasonadelareinaberta.com\/\"><strong>Casona de la Reina Berta<\/strong><\/a>, esmorzars espectaculars. A no perdre-s&rsquo;ho.<\/p>\n<p>B\u00e9, que disfruteu de la muntanya, que disfruteu de l&rsquo;escalada i sobretot, que disfruteu de la vida.<\/p>\n<p>Salut<\/p>\n<p>&nbsp;<\/p>\n<div class=\"entry-content-asset videofit\">\u00a0<\/div>\n<p>&nbsp;<\/p>\n<\/div>\n<div class=\"col-md-4\">\n<p>&nbsp;<\/p>\n<p>&nbsp;<\/p>\n<p>&nbsp;<\/p>\n<p>&nbsp;<\/p>\n<p>&nbsp;<\/p>\n<p>&nbsp;<\/p>\n<\/div>\n<\/div>\n<p>&nbsp;<\/p>\n<p>&nbsp;<\/p>\n<p>&nbsp;<\/p>\n<div style=\"color: #777; font-size: 11px; line-height: 16px;\">\u00a0<\/div>\n<p>&nbsp;<\/p>\n<p>[\/et_pb_text][\/et_pb_column][et_pb_column type=\u00a0\u00bb2_5&Prime; _builder_version=\u00a0\u00bb4.16&Prime; custom_padding=\u00a0\u00bb|||\u00a0\u00bb global_colors_info=\u00a0\u00bb{}\u00a0\u00bb custom_padding__hover=\u00a0\u00bb|||\u00a0\u00bb][et_pb_gallery gallery_ids=\u00a0\u00bb14076,14081,14085,14089,14094,14098,14102,14106&Prime; posts_number=\u00a0\u00bb30&Prime; show_title_and_caption=\u00a0\u00bboff\u00a0\u00bb show_pagination=\u00a0\u00bboff\u00a0\u00bb _builder_version=\u00a0\u00bb4.24.0&Prime; _module_preset=\u00a0\u00bbdefault\u00a0\u00bb global_colors_info=\u00a0\u00bb{}\u00a0\u00bb][\/et_pb_gallery][\/et_pb_column][\/et_pb_row][\/et_pb_section]<\/p>\n<span class=\"et_bloom_bottom_trigger\"><\/span>","protected":false},"excerpt":{"rendered":"<p>EL REINO DE LOS MALLOS: LA VIA MAS F\u00c1CIL DE AG\u00dcERO. ESCALADA IDEAL PER A PENSIONISTES I ASSIMILATS. Es tracta d&rsquo;una via oberta per la colla de Sendero L\u00edmite amb un equipament gener\u00f2s, que es mant\u00e9 en un grau entre el III &#8211; IV, i que est\u00e0 equipada per que la gent que escala III [&hellip;]<\/p>\n","protected":false},"author":7344,"featured_media":14115,"comment_status":"open","ping_status":"open","sticky":false,"template":"","format":"standard","meta":{"_et_pb_use_builder":"on","_et_pb_old_content":"","_et_gb_content_width":"","footnotes":""},"categories":[413,108,429],"tags":[535,192,536],"class_list":["post-14067","post","type-post","status-publish","format-standard","has-post-thumbnail","hentry","category-allotjament-rural","category-escalada","category-ressenyes","tag-aguero","tag-escalada","tag-riglos"],"yoast_head":"<!-- This site is optimized with the Yoast SEO plugin v27.5 - https:\/\/yoast.com\/product\/yoast-seo-wordpress\/ -->\n<title>LA V\u00cdA M\u00c1S F\u00c1CIL DE AG\u00dcERO - lo corral d&#039;arnes<\/title>\n<meta name=\"description\" content=\"Via d&#039;escalada en un entorn magnific, ideal per a pensionistes, aprenents i altres gents amants del bon viure.\" \/>\n<meta name=\"robots\" content=\"index, follow, max-snippet:-1, max-image-preview:large, max-video-preview:-1\" \/>\n<link rel=\"canonical\" href=\"https:\/\/locorraldarnes.com\/la-via-mas-facil-de-aguero\/\" \/>\n<meta property=\"og:locale\" content=\"fr_FR\" \/>\n<meta property=\"og:type\" content=\"article\" \/>\n<meta property=\"og:title\" content=\"LA V\u00cdA M\u00c1S F\u00c1CIL DE AG\u00dcERO - lo corral d&#039;arnes\" \/>\n<meta property=\"og:description\" content=\"Via d&#039;escalada en un entorn magnific, ideal per a pensionistes, aprenents i altres gents amants del bon viure.\" \/>\n<meta property=\"og:url\" content=\"https:\/\/locorraldarnes.com\/la-via-mas-facil-de-aguero\/\" \/>\n<meta property=\"og:site_name\" content=\"lo corral d&#039;arnes\" \/>\n<meta property=\"article:publisher\" content=\"https:\/\/www.facebook.com\/locorraldarnes\" \/>\n<meta property=\"article:published_time\" content=\"2024-01-27T12:35:57+00:00\" \/>\n<meta property=\"article:modified_time\" content=\"2024-01-27T12:58:13+00:00\" \/>\n<meta property=\"og:image\" content=\"https:\/\/locorraldarnes.com\/wp-content\/uploads\/2024\/01\/Aguero-ret.jpg\" \/>\n\t<meta property=\"og:image:width\" content=\"350\" \/>\n\t<meta property=\"og:image:height\" content=\"263\" \/>\n\t<meta property=\"og:image:type\" content=\"image\/jpeg\" \/>\n<meta name=\"author\" content=\"Lo corral d&#039;arnes\" \/>\n<meta name=\"twitter:card\" content=\"summary_large_image\" \/>\n<meta name=\"twitter:label1\" content=\"\u00c9crit par\" \/>\n\t<meta name=\"twitter:data1\" content=\"Lo corral d&#039;arnes\" \/>\n\t<meta name=\"twitter:label2\" content=\"Dur\u00e9e de lecture estim\u00e9e\" \/>\n\t<meta name=\"twitter:data2\" content=\"5 minutes\" \/>\n<script type=\"application\/ld+json\" class=\"yoast-schema-graph\">{\"@context\":\"https:\\\/\\\/schema.org\",\"@graph\":[{\"@type\":\"Article\",\"@id\":\"https:\\\/\\\/locorraldarnes.com\\\/la-via-mas-facil-de-aguero\\\/#article\",\"isPartOf\":{\"@id\":\"https:\\\/\\\/locorraldarnes.com\\\/la-via-mas-facil-de-aguero\\\/\"},\"author\":{\"name\":\"Lo corral d'arnes\",\"@id\":\"https:\\\/\\\/locorraldarnes.com\\\/#\\\/schema\\\/person\\\/014cb61eff277c4d2c65f4e64512915f\"},\"headline\":\"LA V\u00cdA M\u00c1S F\u00c1CIL DE AG\u00dcERO\",\"datePublished\":\"2024-01-27T12:35:57+00:00\",\"dateModified\":\"2024-01-27T12:58:13+00:00\",\"mainEntityOfPage\":{\"@id\":\"https:\\\/\\\/locorraldarnes.com\\\/la-via-mas-facil-de-aguero\\\/\"},\"wordCount\":711,\"commentCount\":0,\"publisher\":{\"@id\":\"https:\\\/\\\/locorraldarnes.com\\\/#organization\"},\"image\":{\"@id\":\"https:\\\/\\\/locorraldarnes.com\\\/la-via-mas-facil-de-aguero\\\/#primaryimage\"},\"thumbnailUrl\":\"https:\\\/\\\/locorraldarnes.com\\\/wp-content\\\/uploads\\\/2024\\\/01\\\/Aguero-ret.jpg\",\"keywords\":[\"ag\u00fcero\",\"escalada\",\"riglos\"],\"articleSection\":[\"allotjament rural\",\"Escalada\",\"Ressenyes\"],\"inLanguage\":\"fr-FR\",\"potentialAction\":[{\"@type\":\"CommentAction\",\"name\":\"Comment\",\"target\":[\"https:\\\/\\\/locorraldarnes.com\\\/la-via-mas-facil-de-aguero\\\/#respond\"]}]},{\"@type\":\"WebPage\",\"@id\":\"https:\\\/\\\/locorraldarnes.com\\\/la-via-mas-facil-de-aguero\\\/\",\"url\":\"https:\\\/\\\/locorraldarnes.com\\\/la-via-mas-facil-de-aguero\\\/\",\"name\":\"LA V\u00cdA M\u00c1S F\u00c1CIL DE AG\u00dcERO - lo corral d&#039;arnes\",\"isPartOf\":{\"@id\":\"https:\\\/\\\/locorraldarnes.com\\\/#website\"},\"primaryImageOfPage\":{\"@id\":\"https:\\\/\\\/locorraldarnes.com\\\/la-via-mas-facil-de-aguero\\\/#primaryimage\"},\"image\":{\"@id\":\"https:\\\/\\\/locorraldarnes.com\\\/la-via-mas-facil-de-aguero\\\/#primaryimage\"},\"thumbnailUrl\":\"https:\\\/\\\/locorraldarnes.com\\\/wp-content\\\/uploads\\\/2024\\\/01\\\/Aguero-ret.jpg\",\"datePublished\":\"2024-01-27T12:35:57+00:00\",\"dateModified\":\"2024-01-27T12:58:13+00:00\",\"description\":\"Via d'escalada en un entorn magnific, ideal per a pensionistes, aprenents i altres gents amants del bon viure.\",\"breadcrumb\":{\"@id\":\"https:\\\/\\\/locorraldarnes.com\\\/la-via-mas-facil-de-aguero\\\/#breadcrumb\"},\"inLanguage\":\"fr-FR\",\"potentialAction\":[{\"@type\":\"ReadAction\",\"target\":[\"https:\\\/\\\/locorraldarnes.com\\\/la-via-mas-facil-de-aguero\\\/\"]}]},{\"@type\":\"ImageObject\",\"inLanguage\":\"fr-FR\",\"@id\":\"https:\\\/\\\/locorraldarnes.com\\\/la-via-mas-facil-de-aguero\\\/#primaryimage\",\"url\":\"https:\\\/\\\/locorraldarnes.com\\\/wp-content\\\/uploads\\\/2024\\\/01\\\/Aguero-ret.jpg\",\"contentUrl\":\"https:\\\/\\\/locorraldarnes.com\\\/wp-content\\\/uploads\\\/2024\\\/01\\\/Aguero-ret.jpg\",\"width\":350,\"height\":263,\"caption\":\"Ag\u00fcero\"},{\"@type\":\"BreadcrumbList\",\"@id\":\"https:\\\/\\\/locorraldarnes.com\\\/la-via-mas-facil-de-aguero\\\/#breadcrumb\",\"itemListElement\":[{\"@type\":\"ListItem\",\"position\":1,\"name\":\"Inici\",\"item\":\"https:\\\/\\\/locorraldarnes.com\\\/\"},{\"@type\":\"ListItem\",\"position\":2,\"name\":\"LA V\u00cdA M\u00c1S F\u00c1CIL DE AG\u00dcERO\"}]},{\"@type\":\"WebSite\",\"@id\":\"https:\\\/\\\/locorraldarnes.com\\\/#website\",\"url\":\"https:\\\/\\\/locorraldarnes.com\\\/\",\"name\":\"lo corral d'arnes\",\"description\":\"Allotjament rural a Arnes. Estels del Sud. Els Ports\",\"publisher\":{\"@id\":\"https:\\\/\\\/locorraldarnes.com\\\/#organization\"},\"potentialAction\":[{\"@type\":\"SearchAction\",\"target\":{\"@type\":\"EntryPoint\",\"urlTemplate\":\"https:\\\/\\\/locorraldarnes.com\\\/?s={search_term_string}\"},\"query-input\":{\"@type\":\"PropertyValueSpecification\",\"valueRequired\":true,\"valueName\":\"search_term_string\"}}],\"inLanguage\":\"fr-FR\"},{\"@type\":\"Organization\",\"@id\":\"https:\\\/\\\/locorraldarnes.com\\\/#organization\",\"name\":\"Lo corral d'arnes\",\"url\":\"https:\\\/\\\/locorraldarnes.com\\\/\",\"logo\":{\"@type\":\"ImageObject\",\"inLanguage\":\"fr-FR\",\"@id\":\"https:\\\/\\\/locorraldarnes.com\\\/#\\\/schema\\\/logo\\\/image\\\/\",\"url\":\"https:\\\/\\\/locorraldarnes.com\\\/wp-content\\\/uploads\\\/logo-lo-corral-mini.gif\",\"contentUrl\":\"https:\\\/\\\/locorraldarnes.com\\\/wp-content\\\/uploads\\\/logo-lo-corral-mini.gif\",\"width\":283,\"height\":116,\"caption\":\"Lo corral d'arnes\"},\"image\":{\"@id\":\"https:\\\/\\\/locorraldarnes.com\\\/#\\\/schema\\\/logo\\\/image\\\/\"},\"sameAs\":[\"https:\\\/\\\/www.facebook.com\\\/locorraldarnes\",\"https:\\\/\\\/www.instagram.com\\\/locorraldarnes8087\\\/\"]},{\"@type\":\"Person\",\"@id\":\"https:\\\/\\\/locorraldarnes.com\\\/#\\\/schema\\\/person\\\/014cb61eff277c4d2c65f4e64512915f\",\"name\":\"Lo corral d'arnes\",\"image\":{\"@type\":\"ImageObject\",\"inLanguage\":\"fr-FR\",\"@id\":\"https:\\\/\\\/secure.gravatar.com\\\/avatar\\\/0ec546518cdc38222ea845d597c90f30ed6748bc9239933ec7c1bfbc090e17f2?s=96&d=mm&r=g\",\"url\":\"https:\\\/\\\/secure.gravatar.com\\\/avatar\\\/0ec546518cdc38222ea845d597c90f30ed6748bc9239933ec7c1bfbc090e17f2?s=96&d=mm&r=g\",\"contentUrl\":\"https:\\\/\\\/secure.gravatar.com\\\/avatar\\\/0ec546518cdc38222ea845d597c90f30ed6748bc9239933ec7c1bfbc090e17f2?s=96&d=mm&r=g\",\"caption\":\"Lo corral d'arnes\"},\"sameAs\":[\"http:\\\/\\\/locorraldarnes.com\"]}]}<\/script>\n<!-- \/ Yoast SEO plugin. -->","yoast_head_json":{"title":"LA V\u00cdA M\u00c1S F\u00c1CIL DE AG\u00dcERO - lo corral d&#039;arnes","description":"Via d'escalada en un entorn magnific, ideal per a pensionistes, aprenents i altres gents amants del bon viure.","robots":{"index":"index","follow":"follow","max-snippet":"max-snippet:-1","max-image-preview":"max-image-preview:large","max-video-preview":"max-video-preview:-1"},"canonical":"https:\/\/locorraldarnes.com\/la-via-mas-facil-de-aguero\/","og_locale":"fr_FR","og_type":"article","og_title":"LA V\u00cdA M\u00c1S F\u00c1CIL DE AG\u00dcERO - lo corral d&#039;arnes","og_description":"Via d'escalada en un entorn magnific, ideal per a pensionistes, aprenents i altres gents amants del bon viure.","og_url":"https:\/\/locorraldarnes.com\/la-via-mas-facil-de-aguero\/","og_site_name":"lo corral d&#039;arnes","article_publisher":"https:\/\/www.facebook.com\/locorraldarnes","article_published_time":"2024-01-27T12:35:57+00:00","article_modified_time":"2024-01-27T12:58:13+00:00","og_image":[{"width":350,"height":263,"url":"https:\/\/locorraldarnes.com\/wp-content\/uploads\/2024\/01\/Aguero-ret.jpg","type":"image\/jpeg"}],"author":"Lo corral d'arnes","twitter_card":"summary_large_image","twitter_misc":{"\u00c9crit par":"Lo corral d'arnes","Dur\u00e9e de lecture estim\u00e9e":"5 minutes"},"schema":{"@context":"https:\/\/schema.org","@graph":[{"@type":"Article","@id":"https:\/\/locorraldarnes.com\/la-via-mas-facil-de-aguero\/#article","isPartOf":{"@id":"https:\/\/locorraldarnes.com\/la-via-mas-facil-de-aguero\/"},"author":{"name":"Lo corral d'arnes","@id":"https:\/\/locorraldarnes.com\/#\/schema\/person\/014cb61eff277c4d2c65f4e64512915f"},"headline":"LA V\u00cdA M\u00c1S F\u00c1CIL DE AG\u00dcERO","datePublished":"2024-01-27T12:35:57+00:00","dateModified":"2024-01-27T12:58:13+00:00","mainEntityOfPage":{"@id":"https:\/\/locorraldarnes.com\/la-via-mas-facil-de-aguero\/"},"wordCount":711,"commentCount":0,"publisher":{"@id":"https:\/\/locorraldarnes.com\/#organization"},"image":{"@id":"https:\/\/locorraldarnes.com\/la-via-mas-facil-de-aguero\/#primaryimage"},"thumbnailUrl":"https:\/\/locorraldarnes.com\/wp-content\/uploads\/2024\/01\/Aguero-ret.jpg","keywords":["ag\u00fcero","escalada","riglos"],"articleSection":["allotjament rural","Escalada","Ressenyes"],"inLanguage":"fr-FR","potentialAction":[{"@type":"CommentAction","name":"Comment","target":["https:\/\/locorraldarnes.com\/la-via-mas-facil-de-aguero\/#respond"]}]},{"@type":"WebPage","@id":"https:\/\/locorraldarnes.com\/la-via-mas-facil-de-aguero\/","url":"https:\/\/locorraldarnes.com\/la-via-mas-facil-de-aguero\/","name":"LA V\u00cdA M\u00c1S F\u00c1CIL DE AG\u00dcERO - lo corral d&#039;arnes","isPartOf":{"@id":"https:\/\/locorraldarnes.com\/#website"},"primaryImageOfPage":{"@id":"https:\/\/locorraldarnes.com\/la-via-mas-facil-de-aguero\/#primaryimage"},"image":{"@id":"https:\/\/locorraldarnes.com\/la-via-mas-facil-de-aguero\/#primaryimage"},"thumbnailUrl":"https:\/\/locorraldarnes.com\/wp-content\/uploads\/2024\/01\/Aguero-ret.jpg","datePublished":"2024-01-27T12:35:57+00:00","dateModified":"2024-01-27T12:58:13+00:00","description":"Via d'escalada en un entorn magnific, ideal per a pensionistes, aprenents i altres gents amants del bon viure.","breadcrumb":{"@id":"https:\/\/locorraldarnes.com\/la-via-mas-facil-de-aguero\/#breadcrumb"},"inLanguage":"fr-FR","potentialAction":[{"@type":"ReadAction","target":["https:\/\/locorraldarnes.com\/la-via-mas-facil-de-aguero\/"]}]},{"@type":"ImageObject","inLanguage":"fr-FR","@id":"https:\/\/locorraldarnes.com\/la-via-mas-facil-de-aguero\/#primaryimage","url":"https:\/\/locorraldarnes.com\/wp-content\/uploads\/2024\/01\/Aguero-ret.jpg","contentUrl":"https:\/\/locorraldarnes.com\/wp-content\/uploads\/2024\/01\/Aguero-ret.jpg","width":350,"height":263,"caption":"Ag\u00fcero"},{"@type":"BreadcrumbList","@id":"https:\/\/locorraldarnes.com\/la-via-mas-facil-de-aguero\/#breadcrumb","itemListElement":[{"@type":"ListItem","position":1,"name":"Inici","item":"https:\/\/locorraldarnes.com\/"},{"@type":"ListItem","position":2,"name":"LA V\u00cdA M\u00c1S F\u00c1CIL DE AG\u00dcERO"}]},{"@type":"WebSite","@id":"https:\/\/locorraldarnes.com\/#website","url":"https:\/\/locorraldarnes.com\/","name":"lo corral d'arnes","description":"Allotjament rural a Arnes. Estels del Sud. Els Ports","publisher":{"@id":"https:\/\/locorraldarnes.com\/#organization"},"potentialAction":[{"@type":"SearchAction","target":{"@type":"EntryPoint","urlTemplate":"https:\/\/locorraldarnes.com\/?s={search_term_string}"},"query-input":{"@type":"PropertyValueSpecification","valueRequired":true,"valueName":"search_term_string"}}],"inLanguage":"fr-FR"},{"@type":"Organization","@id":"https:\/\/locorraldarnes.com\/#organization","name":"Lo corral d'arnes","url":"https:\/\/locorraldarnes.com\/","logo":{"@type":"ImageObject","inLanguage":"fr-FR","@id":"https:\/\/locorraldarnes.com\/#\/schema\/logo\/image\/","url":"https:\/\/locorraldarnes.com\/wp-content\/uploads\/logo-lo-corral-mini.gif","contentUrl":"https:\/\/locorraldarnes.com\/wp-content\/uploads\/logo-lo-corral-mini.gif","width":283,"height":116,"caption":"Lo corral d'arnes"},"image":{"@id":"https:\/\/locorraldarnes.com\/#\/schema\/logo\/image\/"},"sameAs":["https:\/\/www.facebook.com\/locorraldarnes","https:\/\/www.instagram.com\/locorraldarnes8087\/"]},{"@type":"Person","@id":"https:\/\/locorraldarnes.com\/#\/schema\/person\/014cb61eff277c4d2c65f4e64512915f","name":"Lo corral d'arnes","image":{"@type":"ImageObject","inLanguage":"fr-FR","@id":"https:\/\/secure.gravatar.com\/avatar\/0ec546518cdc38222ea845d597c90f30ed6748bc9239933ec7c1bfbc090e17f2?s=96&d=mm&r=g","url":"https:\/\/secure.gravatar.com\/avatar\/0ec546518cdc38222ea845d597c90f30ed6748bc9239933ec7c1bfbc090e17f2?s=96&d=mm&r=g","contentUrl":"https:\/\/secure.gravatar.com\/avatar\/0ec546518cdc38222ea845d597c90f30ed6748bc9239933ec7c1bfbc090e17f2?s=96&d=mm&r=g","caption":"Lo corral d'arnes"},"sameAs":["http:\/\/locorraldarnes.com"]}]}},"_links":{"self":[{"href":"https:\/\/locorraldarnes.com\/fr\/wp-json\/wp\/v2\/posts\/14067","targetHints":{"allow":["GET"]}}],"collection":[{"href":"https:\/\/locorraldarnes.com\/fr\/wp-json\/wp\/v2\/posts"}],"about":[{"href":"https:\/\/locorraldarnes.com\/fr\/wp-json\/wp\/v2\/types\/post"}],"author":[{"embeddable":true,"href":"https:\/\/locorraldarnes.com\/fr\/wp-json\/wp\/v2\/users\/7344"}],"replies":[{"embeddable":true,"href":"https:\/\/locorraldarnes.com\/fr\/wp-json\/wp\/v2\/comments?post=14067"}],"version-history":[{"count":0,"href":"https:\/\/locorraldarnes.com\/fr\/wp-json\/wp\/v2\/posts\/14067\/revisions"}],"wp:featuredmedia":[{"embeddable":true,"href":"https:\/\/locorraldarnes.com\/fr\/wp-json\/wp\/v2\/media\/14115"}],"wp:attachment":[{"href":"https:\/\/locorraldarnes.com\/fr\/wp-json\/wp\/v2\/media?parent=14067"}],"wp:term":[{"taxonomy":"category","embeddable":true,"href":"https:\/\/locorraldarnes.com\/fr\/wp-json\/wp\/v2\/categories?post=14067"},{"taxonomy":"post_tag","embeddable":true,"href":"https:\/\/locorraldarnes.com\/fr\/wp-json\/wp\/v2\/tags?post=14067"}],"curies":[{"name":"wp","href":"https:\/\/api.w.org\/{rel}","templated":true}]}}