{"id":13758,"date":"2023-02-21T12:50:53","date_gmt":"2023-02-21T11:50:53","guid":{"rendered":"https:\/\/locorraldarnes.com\/?p=13758"},"modified":"2023-11-08T10:52:17","modified_gmt":"2023-11-08T09:52:17","slug":"jordania-petra-wadi-rum-i-mes","status":"publish","type":"post","link":"https:\/\/locorraldarnes.com\/fr\/jordania-petra-wadi-rum-i-mes\/","title":{"rendered":"JORD\u00c0NIA: Petra, Wadi Rum i m\u00e9s."},"content":{"rendered":"<p>[et_pb_section fb_built=\u00a0\u00bb1&Prime; admin_label=\u00a0\u00bbsection\u00a0\u00bb _builder_version=\u00a0\u00bb4.16&Prime; global_colors_info=\u00a0\u00bb{}\u00a0\u00bb][et_pb_row column_structure=\u00a0\u00bb3_5,2_5&Prime; admin_label=\u00a0\u00bbrow\u00a0\u00bb _builder_version=\u00a0\u00bb4.16&Prime; background_size=\u00a0\u00bbinitial\u00a0\u00bb background_position=\u00a0\u00bbtop_left\u00a0\u00bb background_repeat=\u00a0\u00bbrepeat\u00a0\u00bb global_colors_info=\u00a0\u00bb{}\u00a0\u00bb][et_pb_column type=\u00a0\u00bb3_5&Prime; _builder_version=\u00a0\u00bb4.16&Prime; custom_padding=\u00a0\u00bb|||\u00a0\u00bb global_colors_info=\u00a0\u00bb{}\u00a0\u00bb custom_padding__hover=\u00a0\u00bb|||\u00a0\u00bb][et_pb_text admin_label=\u00a0\u00bbText\u00a0\u00bb _builder_version=\u00a0\u00bb4.20.0&Prime; background_size=\u00a0\u00bbinitial\u00a0\u00bb background_position=\u00a0\u00bbtop_left\u00a0\u00bb background_repeat=\u00a0\u00bbrepeat\u00a0\u00bb custom_margin=\u00a0\u00bb||-283px|||\u00a0\u00bb link_option_url=\u00a0\u00bbhttps:\/\/youtu.be\/YBx9V3OXZxA\u00a0\u00bb global_colors_info=\u00a0\u00bb{}\u00a0\u00bb]<\/p>\n<p><strong>SENDERISME A JORD\u00c0NIA<\/strong><\/p>\n<p>La majoria de nosaltres de ben segur que ha pogut veure al cinema amb una pantalla ben gran, la superproducci\u00f3 <strong><em>Lawrence d&rsquo;Arabia<\/em><\/strong>, una de les pel\u00b7l\u00edcules que m\u00e9s set dona.<\/p>\n<p>Una de les escenes m\u00e9s espectaculars \u00e9s quan en <strong>Lawrence<\/strong> i tota la colla surten en direcci\u00f3 a Aqaba.\u00a0 Aquella escena tan grandiosa, amb tanta gent a cavall i dalt de camells, est\u00e0 rodada al desert de Wadi Rum. Des del primer dia que la vaig veure em van entrar unes ganes irresistibles de visitar aquell indret, les seves arenes i les seves parets rogenques de formes incre\u00efbles,\u00a0 que sembla que t&rsquo;estiguin dient: vine, enfilat per aqu\u00ed, a vore si pots.<\/p>\n<p>Hem trigat molts anys, per\u00f2 al final s&rsquo;han reunit les condicions per poder fer aquest viatge. Segur que si el vessi\u2019m fet fa uns quants anys (de m\u00e9s jovenets), l\u2019hagu\u00e9rem plantejat diferent, per\u00f2 de vegades la vida s&rsquo;ha d&rsquo;acceptar tal i com ve, i 40 anys despr\u00e9s d&rsquo;haver vist aquella pel\u00b7l\u00edcula per fi podem anar a visitar Jord\u00e0nia.<\/p>\n<p>En general es creu que a l&rsquo;Orient Mitj\u00e0 en ple hivern no fa tant de fret con a casa nostra, error. Natros varem patir for\u00e7a de fred, i no sols en les nits del desert. En general en totes les excursions que varem fer, sempre an\u00e0vem amb el plomes posat. No era l\u2019Him\u00e0laia per\u00f2 deu ni do.<\/p>\n<p>Despr\u00e9s d&rsquo;aterrar a l&rsquo;aeroport d&rsquo;Amman i passar una nit a Madaba, lloc conegut pels seus mosaics antics i for\u00e7a interessants, ens varem dirigir a la Reserva Natural de Dana per tal de fer una excursi\u00f3. Dana \u00e9s un lloc for\u00e7a desconegut per\u00f2 d&rsquo;una bellesa paisatg\u00edstica brutal. Les formacions rocoses, for\u00e7a erosionades, formen un caos d&rsquo;agulles que ens poden recordar a Montserrat, si no fos per que el tipus de roca (arenisca rogenca en aquest cas contra el conglomerat grisenc de Montserrat) i la vegetaci\u00f3 \u00e9s diferent .<\/p>\n<p>Un cop fet el tastet a Dana, ens dirigim cap a Wadi Musa, la poblaci\u00f3 m\u00e9s propera a Petra on farem dues nits.<\/p>\n<p>Petra \u00e9s una passada, si tingu\u00e9ssim unes ulleres de \u00ab\u00a0irrealitat virtual\u00a0\u00bb que foren capaces d&rsquo;eliminar\u00a0 la resta de turistes que estan pel mig de totes les fotos que voldries fer sense turistes, seria fant\u00e0stic. Per\u00f2 aquestes ulleres crec que encara no existeixen. Ll\u00e0stima.<\/p>\n<p>Des del moment que accedeixes a l&rsquo;engorjat, <strong>el Siqh<\/strong>, que dona pas a l\u2019esplanada on hi ha \u00ab\u00a0el tresor\u00a0\u00bb, la quantitat de babes de turista que regalimen pel terra \u00e9s descomunal. Les formes rocoses i les tombes i resta d&rsquo;imatges tallades a la roca del Siqh fan que tota l&rsquo;estona vagis amb la boca oberta, per molt que tots haguem vist documentals de la 2 o les pelis de l&rsquo;Indiana Jones, aqu\u00ed no dir\u00e0s: <strong><em>me l&rsquo;imachinae m\u00e9s gran<\/em><\/strong>.<\/p>\n<p>El tresor \u00e9s una de les fa\u00e7anes m\u00e9s espectaculars, per\u00f2 no \u00e9s l\u2019\u00fanica, la visita a les tombes reials, tamb\u00e9 generar\u00e0 una bona dosi de \u00ab\u00a0bocaoberts\u00a0\u00bb. La vista del teatre des de la zona de les tombes reials \u00e9s, com deia el tureru: Im-presionant!!<\/p>\n<p>Per fer aquesta visita, no tingueu presa. Gaudiu-la amb tranquil\u00b7litat, feu paradetes a prendre el te en els nombrosos xiringuitos que hi trobareu, dineu en algun dels seus restaurants i preneu-vos les coses amb calma.<\/p>\n<p>Val a dir que val molt la pena de pujar a l&rsquo;Altar, es pot fer una excursi\u00f3 circular.<\/p>\n<p>Al dia seg\u00fcent varem fer una excursi\u00f3 des de la Petita Petra per pujar al Monestir i tornar a baixar passant un altre cop per tots els tresors de Petra.<\/p>\n<p>Val a dir que de Petra varem sortir fugint de la neu, si arriba a nevar fort, l&rsquo;autocar no crec que hagu\u00e9s pogut sortir.<\/p>\n<p>El nostre transport ens va dur fins el poble de Rum, just a l&rsquo;entrada de la Reserva de Wadi Rum. En aquest punt una serie de vehicles 4&#215;4 ens varen traslladar fins el nostre camp al desert.<\/p>\n<p>Aquest campament, sense tenir gaires luxes i malgrat el fred regnant, era un lloc bastant confortable. Les tendes tenien un llit c\u00f2mode, hi havia WCs i una enorme tenda menjador on \u00ab\u00a0fumaven\u00a0\u00bb als turistes. Els beduins ens fumaven literalment i de dues maneres diferents: mitjan\u00e7ant el foc de rostolls que encenien a les tardes per escalfar l&rsquo;ambient i amb el fum de les seves cigarretes que tenien enceses a tot hora. A Londres en un dia de boira espessa, segur que hi ha millor visibilitat que dins d&rsquo;aquell menjador.<\/p>\n<p>El planing inicial era fer una travessa de tres dies pel desert per\u00f2 diverses circumst\u00e0ncies varen estroncar aquest pla. Llavors el grup es va dedicar a fer una s\u00e8rie d\u2019excursions radials des de el campament. Les possibilitats son gaireb\u00e9 infinites.<\/p>\n<p>Un cop retornats al poble de Rum, el nostre autocar ens esperava per dur-nos fins a Aqaba, a con\u00e8ixer el Mar Roig i qui va voler es va poder submergir a les seves cristal\u00b7lines aig\u00fces. \u00a0Val a dir que el nostre viatge i arribada a Aqaba va ser bastant m\u00e9s tranquil que el que va fer en el seu moment en Lawrence i els seus amics bedu\u00efns.<\/p>\n<p>Tot s\u2019acaba, i les nostres vacances tamb\u00e9, ja sols ens quedava un dia per retornar a Madaba i prendre l\u2019avi\u00f3 fins a casa. Per\u00f2 aquest dia el varem aprofitar la mar de b\u00e9: tocava remullada al Mar Mort, i comprovar si all\u00f2 que diuen que algunes persones poden caminar sobre les seves aig\u00fces \u00e9s veritat. \u00a0Oooohhh, no \u00e9s veritat. \u00c9s clar que tamb\u00e9 podria ser que natros f\u00f3ssim uns pesats. Qui lo sa.<\/p>\n<p>Espero que us agradin les fotos i us agafin ganes de visitar aquell bonic pa\u00eds de gent encantadora.<\/p>\n<p>Que xaleu.<\/p>\n<p><iframe loading=\"lazy\" title=\"JORDANIA 2023, molt m\u00e9s que pedres.\" width=\"1080\" height=\"608\" src=\"https:\/\/www.youtube.com\/embed\/YBx9V3OXZxA?feature=oembed\"  allow=\"accelerometer; autoplay; clipboard-write; encrypted-media; gyroscope; picture-in-picture; web-share\" allowfullscreen><\/iframe><\/p>\n<div class=\"row\">\n<div class=\"col-md-4\">\n<p>&nbsp;<\/p>\n<p>&nbsp;<\/p>\n<p>&nbsp;<\/p>\n<p>&nbsp;<\/p>\n<p>&nbsp;<\/p>\n<\/div>\n<\/div>\n<p>&nbsp;<\/p>\n<p>&nbsp;<\/p>\n<p>&nbsp;<\/p>\n<div style=\"color: #777; font-size: 11px; line-height: 16px;\">\u00a0<\/div>\n<p>&nbsp;<\/p>\n<p>[\/et_pb_text][\/et_pb_column][et_pb_column type=\u00a0\u00bb2_5&Prime; _builder_version=\u00a0\u00bb4.16&Prime; custom_padding=\u00a0\u00bb|||\u00a0\u00bb global_colors_info=\u00a0\u00bb{}\u00a0\u00bb custom_padding__hover=\u00a0\u00bb|||\u00a0\u00bb][et_pb_gallery gallery_ids=\u00a0\u00bb13699,13703,13707,13711,13715,13719,13723,13727,13731,13735,13762,13766&Prime; posts_number=\u00a0\u00bb30&Prime; show_title_and_caption=\u00a0\u00bboff\u00a0\u00bb show_pagination=\u00a0\u00bboff\u00a0\u00bb _builder_version=\u00a0\u00bb4.20.0&Prime; _module_preset=\u00a0\u00bbdefault\u00a0\u00bb global_colors_info=\u00a0\u00bb{}\u00a0\u00bb][\/et_pb_gallery][\/et_pb_column][\/et_pb_row][\/et_pb_section]<\/p>\n<span class=\"et_bloom_bottom_trigger\"><\/span>","protected":false},"excerpt":{"rendered":"<p>SENDERISME A JORD\u00c0NIA La majoria de nosaltres de ben segur que ha pogut veure al cinema amb una pantalla ben gran, la superproducci\u00f3 Lawrence d&rsquo;Arabia, una de les pel\u00b7l\u00edcules que m\u00e9s set dona. Una de les escenes m\u00e9s espectaculars \u00e9s quan en Lawrence i tota la colla surten en direcci\u00f3 a Aqaba.\u00a0 Aquella escena tan [&hellip;]<\/p>\n","protected":false},"author":7344,"featured_media":13741,"comment_status":"open","ping_status":"open","sticky":false,"template":"","format":"standard","meta":{"_et_pb_use_builder":"on","_et_pb_old_content":"","_et_gb_content_width":"","footnotes":""},"categories":[413],"tags":[],"class_list":["post-13758","post","type-post","status-publish","format-standard","has-post-thumbnail","hentry","category-allotjament-rural"],"yoast_head":"<!-- This site is optimized with the Yoast SEO plugin v27.5 - https:\/\/yoast.com\/product\/yoast-seo-wordpress\/ -->\n<title>JORD\u00c0NIA: Petra, Wadi Rum i m\u00e9s. - lo corral d&#039;arnes<\/title>\n<meta name=\"description\" content=\"Imatges d&#039;un viatge de senderisme a Jord\u00e0nia, on visitarem els llocs m\u00e9s coneguts (Petra, Wadi Rum, Mar Roig i Mart Mort), i d&#039;altres que varen ser una agradable sorpresa: la Reserva Natural de Dana. Un paratge de somni sense un punyeter turista.La gent del pa\u00eds \u00e9s for\u00e7a amable i hospital\u00e0ria. Aneu-hi, no us decebr\u00e0.\" \/>\n<meta name=\"robots\" content=\"index, follow, max-snippet:-1, max-image-preview:large, max-video-preview:-1\" \/>\n<link rel=\"canonical\" href=\"https:\/\/locorraldarnes.com\/jordania-petra-wadi-rum-i-mes\/\" \/>\n<meta property=\"og:locale\" content=\"fr_FR\" \/>\n<meta property=\"og:type\" content=\"article\" \/>\n<meta property=\"og:title\" content=\"JORD\u00c0NIA: Petra, Wadi Rum i m\u00e9s. - lo corral d&#039;arnes\" \/>\n<meta property=\"og:description\" content=\"Imatges d&#039;un viatge de senderisme a Jord\u00e0nia, on visitarem els llocs m\u00e9s coneguts (Petra, Wadi Rum, Mar Roig i Mart Mort), i d&#039;altres que varen ser una agradable sorpresa: la Reserva Natural de Dana. Un paratge de somni sense un punyeter turista.La gent del pa\u00eds \u00e9s for\u00e7a amable i hospital\u00e0ria. Aneu-hi, no us decebr\u00e0.\" \/>\n<meta property=\"og:url\" content=\"https:\/\/locorraldarnes.com\/jordania-petra-wadi-rum-i-mes\/\" \/>\n<meta property=\"og:site_name\" content=\"lo corral d&#039;arnes\" \/>\n<meta property=\"article:publisher\" content=\"https:\/\/www.facebook.com\/locorraldarnes\" \/>\n<meta property=\"article:published_time\" content=\"2023-02-21T11:50:53+00:00\" \/>\n<meta property=\"article:modified_time\" content=\"2023-11-08T09:52:17+00:00\" \/>\n<meta property=\"og:image\" content=\"https:\/\/locorraldarnes.com\/wp-content\/uploads\/2023\/02\/05022023-P1000970.jpg\" \/>\n\t<meta property=\"og:image:width\" content=\"756\" \/>\n\t<meta property=\"og:image:height\" content=\"294\" \/>\n\t<meta property=\"og:image:type\" content=\"image\/jpeg\" \/>\n<meta name=\"author\" content=\"Lo corral d&#039;arnes\" \/>\n<meta name=\"twitter:card\" content=\"summary_large_image\" \/>\n<meta name=\"twitter:label1\" content=\"\u00c9crit par\" \/>\n\t<meta name=\"twitter:data1\" content=\"Lo corral d&#039;arnes\" \/>\n\t<meta name=\"twitter:label2\" content=\"Dur\u00e9e de lecture estim\u00e9e\" \/>\n\t<meta name=\"twitter:data2\" content=\"6 minutes\" \/>\n<script type=\"application\/ld+json\" class=\"yoast-schema-graph\">{\"@context\":\"https:\\\/\\\/schema.org\",\"@graph\":[{\"@type\":\"Article\",\"@id\":\"https:\\\/\\\/locorraldarnes.com\\\/jordania-petra-wadi-rum-i-mes\\\/#article\",\"isPartOf\":{\"@id\":\"https:\\\/\\\/locorraldarnes.com\\\/jordania-petra-wadi-rum-i-mes\\\/\"},\"author\":{\"name\":\"Lo corral d'arnes\",\"@id\":\"https:\\\/\\\/locorraldarnes.com\\\/#\\\/schema\\\/person\\\/014cb61eff277c4d2c65f4e64512915f\"},\"headline\":\"JORD\u00c0NIA: Petra, Wadi Rum i m\u00e9s.\",\"datePublished\":\"2023-02-21T11:50:53+00:00\",\"dateModified\":\"2023-11-08T09:52:17+00:00\",\"mainEntityOfPage\":{\"@id\":\"https:\\\/\\\/locorraldarnes.com\\\/jordania-petra-wadi-rum-i-mes\\\/\"},\"wordCount\":1170,\"commentCount\":0,\"publisher\":{\"@id\":\"https:\\\/\\\/locorraldarnes.com\\\/#organization\"},\"image\":{\"@id\":\"https:\\\/\\\/locorraldarnes.com\\\/jordania-petra-wadi-rum-i-mes\\\/#primaryimage\"},\"thumbnailUrl\":\"https:\\\/\\\/locorraldarnes.com\\\/wp-content\\\/uploads\\\/2023\\\/02\\\/05022023-P1000970.jpg\",\"articleSection\":[\"allotjament rural\"],\"inLanguage\":\"fr-FR\",\"potentialAction\":[{\"@type\":\"CommentAction\",\"name\":\"Comment\",\"target\":[\"https:\\\/\\\/locorraldarnes.com\\\/jordania-petra-wadi-rum-i-mes\\\/#respond\"]}]},{\"@type\":\"WebPage\",\"@id\":\"https:\\\/\\\/locorraldarnes.com\\\/jordania-petra-wadi-rum-i-mes\\\/\",\"url\":\"https:\\\/\\\/locorraldarnes.com\\\/jordania-petra-wadi-rum-i-mes\\\/\",\"name\":\"JORD\u00c0NIA: Petra, Wadi Rum i m\u00e9s. - lo corral d&#039;arnes\",\"isPartOf\":{\"@id\":\"https:\\\/\\\/locorraldarnes.com\\\/#website\"},\"primaryImageOfPage\":{\"@id\":\"https:\\\/\\\/locorraldarnes.com\\\/jordania-petra-wadi-rum-i-mes\\\/#primaryimage\"},\"image\":{\"@id\":\"https:\\\/\\\/locorraldarnes.com\\\/jordania-petra-wadi-rum-i-mes\\\/#primaryimage\"},\"thumbnailUrl\":\"https:\\\/\\\/locorraldarnes.com\\\/wp-content\\\/uploads\\\/2023\\\/02\\\/05022023-P1000970.jpg\",\"datePublished\":\"2023-02-21T11:50:53+00:00\",\"dateModified\":\"2023-11-08T09:52:17+00:00\",\"description\":\"Imatges d'un viatge de senderisme a Jord\u00e0nia, on visitarem els llocs m\u00e9s coneguts (Petra, Wadi Rum, Mar Roig i Mart Mort), i d'altres que varen ser una agradable sorpresa: la Reserva Natural de Dana. Un paratge de somni sense un punyeter turista.La gent del pa\u00eds \u00e9s for\u00e7a amable i hospital\u00e0ria. Aneu-hi, no us decebr\u00e0.\",\"breadcrumb\":{\"@id\":\"https:\\\/\\\/locorraldarnes.com\\\/jordania-petra-wadi-rum-i-mes\\\/#breadcrumb\"},\"inLanguage\":\"fr-FR\",\"potentialAction\":[{\"@type\":\"ReadAction\",\"target\":[\"https:\\\/\\\/locorraldarnes.com\\\/jordania-petra-wadi-rum-i-mes\\\/\"]}]},{\"@type\":\"ImageObject\",\"inLanguage\":\"fr-FR\",\"@id\":\"https:\\\/\\\/locorraldarnes.com\\\/jordania-petra-wadi-rum-i-mes\\\/#primaryimage\",\"url\":\"https:\\\/\\\/locorraldarnes.com\\\/wp-content\\\/uploads\\\/2023\\\/02\\\/05022023-P1000970.jpg\",\"contentUrl\":\"https:\\\/\\\/locorraldarnes.com\\\/wp-content\\\/uploads\\\/2023\\\/02\\\/05022023-P1000970.jpg\",\"width\":756,\"height\":294,\"caption\":\"Jordania - Petra\"},{\"@type\":\"BreadcrumbList\",\"@id\":\"https:\\\/\\\/locorraldarnes.com\\\/jordania-petra-wadi-rum-i-mes\\\/#breadcrumb\",\"itemListElement\":[{\"@type\":\"ListItem\",\"position\":1,\"name\":\"Inici\",\"item\":\"https:\\\/\\\/locorraldarnes.com\\\/\"},{\"@type\":\"ListItem\",\"position\":2,\"name\":\"JORD\u00c0NIA: Petra, Wadi Rum i m\u00e9s.\"}]},{\"@type\":\"WebSite\",\"@id\":\"https:\\\/\\\/locorraldarnes.com\\\/#website\",\"url\":\"https:\\\/\\\/locorraldarnes.com\\\/\",\"name\":\"lo corral d'arnes\",\"description\":\"Allotjament rural a Arnes. Estels del Sud. Els Ports\",\"publisher\":{\"@id\":\"https:\\\/\\\/locorraldarnes.com\\\/#organization\"},\"potentialAction\":[{\"@type\":\"SearchAction\",\"target\":{\"@type\":\"EntryPoint\",\"urlTemplate\":\"https:\\\/\\\/locorraldarnes.com\\\/?s={search_term_string}\"},\"query-input\":{\"@type\":\"PropertyValueSpecification\",\"valueRequired\":true,\"valueName\":\"search_term_string\"}}],\"inLanguage\":\"fr-FR\"},{\"@type\":\"Organization\",\"@id\":\"https:\\\/\\\/locorraldarnes.com\\\/#organization\",\"name\":\"Lo corral d'arnes\",\"url\":\"https:\\\/\\\/locorraldarnes.com\\\/\",\"logo\":{\"@type\":\"ImageObject\",\"inLanguage\":\"fr-FR\",\"@id\":\"https:\\\/\\\/locorraldarnes.com\\\/#\\\/schema\\\/logo\\\/image\\\/\",\"url\":\"https:\\\/\\\/locorraldarnes.com\\\/wp-content\\\/uploads\\\/logo-lo-corral-mini.gif\",\"contentUrl\":\"https:\\\/\\\/locorraldarnes.com\\\/wp-content\\\/uploads\\\/logo-lo-corral-mini.gif\",\"width\":283,\"height\":116,\"caption\":\"Lo corral d'arnes\"},\"image\":{\"@id\":\"https:\\\/\\\/locorraldarnes.com\\\/#\\\/schema\\\/logo\\\/image\\\/\"},\"sameAs\":[\"https:\\\/\\\/www.facebook.com\\\/locorraldarnes\",\"https:\\\/\\\/www.instagram.com\\\/locorraldarnes8087\\\/\"]},{\"@type\":\"Person\",\"@id\":\"https:\\\/\\\/locorraldarnes.com\\\/#\\\/schema\\\/person\\\/014cb61eff277c4d2c65f4e64512915f\",\"name\":\"Lo corral d'arnes\",\"image\":{\"@type\":\"ImageObject\",\"inLanguage\":\"fr-FR\",\"@id\":\"https:\\\/\\\/secure.gravatar.com\\\/avatar\\\/0ec546518cdc38222ea845d597c90f30ed6748bc9239933ec7c1bfbc090e17f2?s=96&d=mm&r=g\",\"url\":\"https:\\\/\\\/secure.gravatar.com\\\/avatar\\\/0ec546518cdc38222ea845d597c90f30ed6748bc9239933ec7c1bfbc090e17f2?s=96&d=mm&r=g\",\"contentUrl\":\"https:\\\/\\\/secure.gravatar.com\\\/avatar\\\/0ec546518cdc38222ea845d597c90f30ed6748bc9239933ec7c1bfbc090e17f2?s=96&d=mm&r=g\",\"caption\":\"Lo corral d'arnes\"},\"sameAs\":[\"http:\\\/\\\/locorraldarnes.com\"]}]}<\/script>\n<!-- \/ Yoast SEO plugin. -->","yoast_head_json":{"title":"JORD\u00c0NIA: Petra, Wadi Rum i m\u00e9s. - lo corral d&#039;arnes","description":"Imatges d'un viatge de senderisme a Jord\u00e0nia, on visitarem els llocs m\u00e9s coneguts (Petra, Wadi Rum, Mar Roig i Mart Mort), i d'altres que varen ser una agradable sorpresa: la Reserva Natural de Dana. Un paratge de somni sense un punyeter turista.La gent del pa\u00eds \u00e9s for\u00e7a amable i hospital\u00e0ria. Aneu-hi, no us decebr\u00e0.","robots":{"index":"index","follow":"follow","max-snippet":"max-snippet:-1","max-image-preview":"max-image-preview:large","max-video-preview":"max-video-preview:-1"},"canonical":"https:\/\/locorraldarnes.com\/jordania-petra-wadi-rum-i-mes\/","og_locale":"fr_FR","og_type":"article","og_title":"JORD\u00c0NIA: Petra, Wadi Rum i m\u00e9s. - lo corral d&#039;arnes","og_description":"Imatges d'un viatge de senderisme a Jord\u00e0nia, on visitarem els llocs m\u00e9s coneguts (Petra, Wadi Rum, Mar Roig i Mart Mort), i d'altres que varen ser una agradable sorpresa: la Reserva Natural de Dana. Un paratge de somni sense un punyeter turista.La gent del pa\u00eds \u00e9s for\u00e7a amable i hospital\u00e0ria. Aneu-hi, no us decebr\u00e0.","og_url":"https:\/\/locorraldarnes.com\/jordania-petra-wadi-rum-i-mes\/","og_site_name":"lo corral d&#039;arnes","article_publisher":"https:\/\/www.facebook.com\/locorraldarnes","article_published_time":"2023-02-21T11:50:53+00:00","article_modified_time":"2023-11-08T09:52:17+00:00","og_image":[{"width":756,"height":294,"url":"https:\/\/locorraldarnes.com\/wp-content\/uploads\/2023\/02\/05022023-P1000970.jpg","type":"image\/jpeg"}],"author":"Lo corral d'arnes","twitter_card":"summary_large_image","twitter_misc":{"\u00c9crit par":"Lo corral d'arnes","Dur\u00e9e de lecture estim\u00e9e":"6 minutes"},"schema":{"@context":"https:\/\/schema.org","@graph":[{"@type":"Article","@id":"https:\/\/locorraldarnes.com\/jordania-petra-wadi-rum-i-mes\/#article","isPartOf":{"@id":"https:\/\/locorraldarnes.com\/jordania-petra-wadi-rum-i-mes\/"},"author":{"name":"Lo corral d'arnes","@id":"https:\/\/locorraldarnes.com\/#\/schema\/person\/014cb61eff277c4d2c65f4e64512915f"},"headline":"JORD\u00c0NIA: Petra, Wadi Rum i m\u00e9s.","datePublished":"2023-02-21T11:50:53+00:00","dateModified":"2023-11-08T09:52:17+00:00","mainEntityOfPage":{"@id":"https:\/\/locorraldarnes.com\/jordania-petra-wadi-rum-i-mes\/"},"wordCount":1170,"commentCount":0,"publisher":{"@id":"https:\/\/locorraldarnes.com\/#organization"},"image":{"@id":"https:\/\/locorraldarnes.com\/jordania-petra-wadi-rum-i-mes\/#primaryimage"},"thumbnailUrl":"https:\/\/locorraldarnes.com\/wp-content\/uploads\/2023\/02\/05022023-P1000970.jpg","articleSection":["allotjament rural"],"inLanguage":"fr-FR","potentialAction":[{"@type":"CommentAction","name":"Comment","target":["https:\/\/locorraldarnes.com\/jordania-petra-wadi-rum-i-mes\/#respond"]}]},{"@type":"WebPage","@id":"https:\/\/locorraldarnes.com\/jordania-petra-wadi-rum-i-mes\/","url":"https:\/\/locorraldarnes.com\/jordania-petra-wadi-rum-i-mes\/","name":"JORD\u00c0NIA: Petra, Wadi Rum i m\u00e9s. - lo corral d&#039;arnes","isPartOf":{"@id":"https:\/\/locorraldarnes.com\/#website"},"primaryImageOfPage":{"@id":"https:\/\/locorraldarnes.com\/jordania-petra-wadi-rum-i-mes\/#primaryimage"},"image":{"@id":"https:\/\/locorraldarnes.com\/jordania-petra-wadi-rum-i-mes\/#primaryimage"},"thumbnailUrl":"https:\/\/locorraldarnes.com\/wp-content\/uploads\/2023\/02\/05022023-P1000970.jpg","datePublished":"2023-02-21T11:50:53+00:00","dateModified":"2023-11-08T09:52:17+00:00","description":"Imatges d'un viatge de senderisme a Jord\u00e0nia, on visitarem els llocs m\u00e9s coneguts (Petra, Wadi Rum, Mar Roig i Mart Mort), i d'altres que varen ser una agradable sorpresa: la Reserva Natural de Dana. Un paratge de somni sense un punyeter turista.La gent del pa\u00eds \u00e9s for\u00e7a amable i hospital\u00e0ria. Aneu-hi, no us decebr\u00e0.","breadcrumb":{"@id":"https:\/\/locorraldarnes.com\/jordania-petra-wadi-rum-i-mes\/#breadcrumb"},"inLanguage":"fr-FR","potentialAction":[{"@type":"ReadAction","target":["https:\/\/locorraldarnes.com\/jordania-petra-wadi-rum-i-mes\/"]}]},{"@type":"ImageObject","inLanguage":"fr-FR","@id":"https:\/\/locorraldarnes.com\/jordania-petra-wadi-rum-i-mes\/#primaryimage","url":"https:\/\/locorraldarnes.com\/wp-content\/uploads\/2023\/02\/05022023-P1000970.jpg","contentUrl":"https:\/\/locorraldarnes.com\/wp-content\/uploads\/2023\/02\/05022023-P1000970.jpg","width":756,"height":294,"caption":"Jordania - Petra"},{"@type":"BreadcrumbList","@id":"https:\/\/locorraldarnes.com\/jordania-petra-wadi-rum-i-mes\/#breadcrumb","itemListElement":[{"@type":"ListItem","position":1,"name":"Inici","item":"https:\/\/locorraldarnes.com\/"},{"@type":"ListItem","position":2,"name":"JORD\u00c0NIA: Petra, Wadi Rum i m\u00e9s."}]},{"@type":"WebSite","@id":"https:\/\/locorraldarnes.com\/#website","url":"https:\/\/locorraldarnes.com\/","name":"lo corral d'arnes","description":"Allotjament rural a Arnes. Estels del Sud. Els Ports","publisher":{"@id":"https:\/\/locorraldarnes.com\/#organization"},"potentialAction":[{"@type":"SearchAction","target":{"@type":"EntryPoint","urlTemplate":"https:\/\/locorraldarnes.com\/?s={search_term_string}"},"query-input":{"@type":"PropertyValueSpecification","valueRequired":true,"valueName":"search_term_string"}}],"inLanguage":"fr-FR"},{"@type":"Organization","@id":"https:\/\/locorraldarnes.com\/#organization","name":"Lo corral d'arnes","url":"https:\/\/locorraldarnes.com\/","logo":{"@type":"ImageObject","inLanguage":"fr-FR","@id":"https:\/\/locorraldarnes.com\/#\/schema\/logo\/image\/","url":"https:\/\/locorraldarnes.com\/wp-content\/uploads\/logo-lo-corral-mini.gif","contentUrl":"https:\/\/locorraldarnes.com\/wp-content\/uploads\/logo-lo-corral-mini.gif","width":283,"height":116,"caption":"Lo corral d'arnes"},"image":{"@id":"https:\/\/locorraldarnes.com\/#\/schema\/logo\/image\/"},"sameAs":["https:\/\/www.facebook.com\/locorraldarnes","https:\/\/www.instagram.com\/locorraldarnes8087\/"]},{"@type":"Person","@id":"https:\/\/locorraldarnes.com\/#\/schema\/person\/014cb61eff277c4d2c65f4e64512915f","name":"Lo corral d'arnes","image":{"@type":"ImageObject","inLanguage":"fr-FR","@id":"https:\/\/secure.gravatar.com\/avatar\/0ec546518cdc38222ea845d597c90f30ed6748bc9239933ec7c1bfbc090e17f2?s=96&d=mm&r=g","url":"https:\/\/secure.gravatar.com\/avatar\/0ec546518cdc38222ea845d597c90f30ed6748bc9239933ec7c1bfbc090e17f2?s=96&d=mm&r=g","contentUrl":"https:\/\/secure.gravatar.com\/avatar\/0ec546518cdc38222ea845d597c90f30ed6748bc9239933ec7c1bfbc090e17f2?s=96&d=mm&r=g","caption":"Lo corral d'arnes"},"sameAs":["http:\/\/locorraldarnes.com"]}]}},"_links":{"self":[{"href":"https:\/\/locorraldarnes.com\/fr\/wp-json\/wp\/v2\/posts\/13758","targetHints":{"allow":["GET"]}}],"collection":[{"href":"https:\/\/locorraldarnes.com\/fr\/wp-json\/wp\/v2\/posts"}],"about":[{"href":"https:\/\/locorraldarnes.com\/fr\/wp-json\/wp\/v2\/types\/post"}],"author":[{"embeddable":true,"href":"https:\/\/locorraldarnes.com\/fr\/wp-json\/wp\/v2\/users\/7344"}],"replies":[{"embeddable":true,"href":"https:\/\/locorraldarnes.com\/fr\/wp-json\/wp\/v2\/comments?post=13758"}],"version-history":[{"count":0,"href":"https:\/\/locorraldarnes.com\/fr\/wp-json\/wp\/v2\/posts\/13758\/revisions"}],"wp:featuredmedia":[{"embeddable":true,"href":"https:\/\/locorraldarnes.com\/fr\/wp-json\/wp\/v2\/media\/13741"}],"wp:attachment":[{"href":"https:\/\/locorraldarnes.com\/fr\/wp-json\/wp\/v2\/media?parent=13758"}],"wp:term":[{"taxonomy":"category","embeddable":true,"href":"https:\/\/locorraldarnes.com\/fr\/wp-json\/wp\/v2\/categories?post=13758"},{"taxonomy":"post_tag","embeddable":true,"href":"https:\/\/locorraldarnes.com\/fr\/wp-json\/wp\/v2\/tags?post=13758"}],"curies":[{"name":"wp","href":"https:\/\/api.w.org\/{rel}","templated":true}]}}