{"id":14122,"date":"2024-01-27T13:35:57","date_gmt":"2024-01-27T12:35:57","guid":{"rendered":"https:\/\/locorraldarnes.com\/la-via-mas-facil-de-aguero\/"},"modified":"2024-01-27T13:59:09","modified_gmt":"2024-01-27T12:59:09","slug":"la-via-mas-facil-de-aguero","status":"publish","type":"post","link":"https:\/\/locorraldarnes.com\/es\/la-via-mas-facil-de-aguero\/","title":{"rendered":"LA V\u00cdA M\u00c1S F\u00c1CIL DE AG\u00dcERO"},"content":{"rendered":"<p>[et_pb_section fb_built=\u00bb1&#8243; admin_label=\u00bbsection\u00bb _builder_version=\u00bb4.16&#8243; global_colors_info=\u00bb{}\u00bb][et_pb_row column_structure=\u00bb3_5,2_5&#8243; admin_label=\u00bbrow\u00bb _builder_version=\u00bb4.16&#8243; background_size=\u00bbinitial\u00bb background_position=\u00bbtop_left\u00bb background_repeat=\u00bbrepeat\u00bb global_colors_info=\u00bb{}\u00bb][et_pb_column type=\u00bb3_5&#8243; _builder_version=\u00bb4.16&#8243; custom_padding=\u00bb|||\u00bb global_colors_info=\u00bb{}\u00bb custom_padding__hover=\u00bb|||\u00bb][et_pb_text admin_label=\u00bbText\u00bb _builder_version=\u00bb4.24.0&#8243; background_size=\u00bbinitial\u00bb background_position=\u00bbtop_left\u00bb background_repeat=\u00bbrepeat\u00bb custom_margin=\u00bb||-283px|||\u00bb global_colors_info=\u00bb{}\u00bb]<\/p>\n<h2>EL REINO DE LOS MALLOS: LA V\u00cdA M\u00c1S F\u00c1CIL DE AG\u00dcERO.<\/h2>\n<h3>ESCALADA IDEAL PARA PENSIONISTAS Y ASIMILADOS.<\/h3>\n<div class=\"row\">\n<div class=\"col-md-8\">\n<p>Se trata de una v\u00eda abierta por el grupo <strong>Sendero L\u00edmite<\/strong> con un equipamiento generoso, que se mantiene en un grado entre el III &#8211; IV, y que est\u00e1 equipada<strong> para que la gente que escala III i IV no sufra<\/strong>. Evidentemente a las personas que tienen un nivel m\u00e1s elevado les sobrar\u00e1 de todo, se habr\u00e1n equivocado de v\u00eda, lo siento, por la zona encontrar\u00e1n multitud de itinerarios mucho m\u00e1s potentes.<\/p>\n<p>Personalmente nunca les podr\u00e9 agradecer como se merecen a la gente de <strong>Sendero L\u00edmite<\/strong> todo el trabajo que han hecho con las buenas v\u00edas que han abierto por todas partes. A la gente de mi Residencia de Ancianos nos ha alargado la vida \u00abcasi-activa\u00bb una buena temporada.<\/p>\n<p>El valle del r\u00edo G\u00e1llego a su paso por la zona del Reino de los Mallos (Riglos, Rueba y Ag\u00fcero), nos ofrece unas formaciones rocosas espectaculares, para\u00edso para todos los amantes de la monta\u00f1a, ya sean excursionistas o escaladores. En este lugar, todo el mundo encuentra su lugar para disfrutar de las actividades que nos apasionan. Aunque a los escaladores con las limitaciones propias de la tercera edad nos cuesta encontrar objetivos asequibles, de tanto en tanto aparecen algunos itinerarios que nos permiten volver a ilusionarnos como si volvi\u00e9ramos a tener 60 a\u00f1os.<\/p>\n<p>La <strong>V\u00eda m\u00e1s f\u00e1cil de Ag\u00fcero<\/strong> es una escalada sin m\u00e1s pretensiones que la de pasar una buena jornada de escalada en un entorno espectacular. Con una aproximaci\u00f3n no muy larga, unos 30 minutos a paso de pensionista agotado, y dos posibilidades de descenso que nos permiten pasar por pie de v\u00eda a recoger el material que hubi\u00e9ramos podido dejar (bastones, mochila, zapatos,&#8230;).<\/p>\n<p>Para llegar a las paredes nos tendremos que acercar hasta el pueblo de Ag\u00fcero, y un poco antes de llegar al pueblo, desviarnos a la derecha en fuerte subida en direcci\u00f3n a la Residencia de la 3\u00aa Edad (\u00bfqu\u00e9 gracia, no?), y aparcar en un lugar lleno de paneles indicadores desde donde sale la senda de aproximaci\u00f3n.<\/p>\n<p>Seguir la senda como si fu\u00e9ramos a dar la vuelta a los Mallos, y cuando estemos debajo de las v\u00edas Tierra de Nadie, de Toz y de la nuestra, veremos que sale un sendero que en fuerte subida nos dejar\u00e1 a pie de v\u00eda.<\/p>\n<p>En la web de <a href=\"http:\/\/eskalatzencas.blogspot.com\/2021\/08\/mallos-de-aguero-la-via-mas-facil.html\" target=\"_blank\" rel=\"noopener\"><strong>Xabier Larretxea (Escalatzencas)<\/strong><\/a>, encontrar\u00e9is una informaci\u00f3n muy cuidadosa y rese\u00f1as excelentes de esta y de otras v\u00edas muy en la l\u00ednea de este post. Cabe decir que Xabier ha escrito una Gu\u00eda \u00abEscaladas en el Pirineo Norte\u00bb, en la que la inmensa mayor\u00eda de las v\u00edas rese\u00f1adas son aptas para la gente de la 3\u00aa edad. GENIAL !!!<\/p>\n<p>Como soy incapaz de superar las rese\u00f1as y el info. de este gran personaje, clique este enlace para verlo desde su web.<\/p>\n<p>Y si vais por la zona y quer\u00e9is estar en un lugar muy bonito, probad en la <a href=\"https:\/\/lacasonadelareinaberta.com\/\"><strong>C<\/strong><\/a><a href=\"https:\/\/lacasonadelareinaberta.com\/\" target=\"_blank\" rel=\"noopener\"><strong>asona de la Reina Berta<\/strong><\/a>, desayunos espectaculares. A no perderselo.<\/p>\n<p>Bien, que disfrut\u00e9is de la monta\u00f1a, que disfrut\u00e9is de la escalada y sobre todo, que disfrut\u00e9is de la vida.<\/p>\n<p>Salut<\/p>\n<p>&nbsp;<\/p>\n<div class=\"entry-content-asset videofit\"><\/div>\n<p>&nbsp;<\/p>\n<\/div>\n<div class=\"col-md-4\">\n<p>&nbsp;<\/p>\n<p>&nbsp;<\/p>\n<p>&nbsp;<\/p>\n<p>&nbsp;<\/p>\n<p>&nbsp;<\/p>\n<p>&nbsp;<\/p>\n<\/div>\n<\/div>\n<p>&nbsp;<\/p>\n<p>&nbsp;<\/p>\n<p>&nbsp;<\/p>\n<div style=\"color: #777; font-size: 11px; line-height: 16px;\"><\/div>\n<p>&nbsp;<\/p>\n<p>[\/et_pb_text][\/et_pb_column][et_pb_column type=\u00bb2_5&#8243; _builder_version=\u00bb4.16&#8243; custom_padding=\u00bb|||\u00bb global_colors_info=\u00bb{}\u00bb custom_padding__hover=\u00bb|||\u00bb][et_pb_gallery gallery_ids=\u00bb14076,14081,14085,14089,14094,14098,14102,14106&#8243; posts_number=\u00bb30&#8243; show_title_and_caption=\u00bboff\u00bb show_pagination=\u00bboff\u00bb _builder_version=\u00bb4.24.0&#8243; _module_preset=\u00bbdefault\u00bb global_colors_info=\u00bb{}\u00bb][\/et_pb_gallery][\/et_pb_column][\/et_pb_row][\/et_pb_section]<\/p>\n<span class=\"et_bloom_bottom_trigger\"><\/span>","protected":false},"excerpt":{"rendered":"<p>EL REINO DE LOS MALLOS: LA V\u00cdA M\u00c1S F\u00c1CIL DE AG\u00dcERO. ESCALADA IDEAL PARA PENSIONISTAS Y ASIMILADOS. Se trata de una v\u00eda abierta por el grupo Sendero L\u00edmite con un equipamiento generoso, que se mantiene en un grado entre el III &#8211; IV, y que est\u00e1 equipada para que la gente que escala III i [&hellip;]<\/p>\n","protected":false},"author":7344,"featured_media":14118,"comment_status":"open","ping_status":"open","sticky":false,"template":"","format":"standard","meta":{"_et_pb_use_builder":"on","_et_pb_old_content":"","_et_gb_content_width":"","footnotes":""},"categories":[437,431,430],"tags":[537,512,538],"class_list":["post-14122","post","type-post","status-publish","format-standard","has-post-thumbnail","hentry","category-alojamiento-rural","category-escalada-es","category-resenas","tag-aguero-es","tag-escalada-es","tag-riglos-es"],"yoast_head":"<!-- This site is optimized with the Yoast SEO plugin v27.5 - https:\/\/yoast.com\/product\/yoast-seo-wordpress\/ -->\n<title>LA V\u00cdA M\u00c1S F\u00c1CIL DE AG\u00dcERO - lo corral d&#039;arnes<\/title>\n<meta name=\"description\" content=\"Via de escalada en un entorno magn\u00edfico, ideal para pensionistas, aprendices y otras gentes amantes del buen vivir.\" \/>\n<meta name=\"robots\" content=\"index, follow, max-snippet:-1, max-image-preview:large, max-video-preview:-1\" \/>\n<link rel=\"canonical\" href=\"https:\/\/locorraldarnes.com\/es\/la-via-mas-facil-de-aguero\/\" \/>\n<meta property=\"og:locale\" content=\"es_ES\" \/>\n<meta property=\"og:type\" content=\"article\" \/>\n<meta property=\"og:title\" content=\"LA V\u00cdA M\u00c1S F\u00c1CIL DE AG\u00dcERO - lo corral d&#039;arnes\" \/>\n<meta property=\"og:description\" content=\"Via de escalada en un entorno magn\u00edfico, ideal para pensionistas, aprendices y otras gentes amantes del buen vivir.\" \/>\n<meta property=\"og:url\" content=\"https:\/\/locorraldarnes.com\/es\/la-via-mas-facil-de-aguero\/\" \/>\n<meta property=\"og:site_name\" content=\"lo corral d&#039;arnes\" \/>\n<meta property=\"article:publisher\" content=\"https:\/\/www.facebook.com\/locorraldarnes\" \/>\n<meta property=\"article:published_time\" content=\"2024-01-27T12:35:57+00:00\" \/>\n<meta property=\"article:modified_time\" content=\"2024-01-27T12:59:09+00:00\" \/>\n<meta property=\"og:image\" content=\"https:\/\/locorraldarnes.com\/wp-content\/uploads\/2024\/01\/Aguero-ret.jpg\" \/>\n\t<meta property=\"og:image:width\" content=\"350\" \/>\n\t<meta property=\"og:image:height\" content=\"263\" \/>\n\t<meta property=\"og:image:type\" content=\"image\/jpeg\" \/>\n<meta name=\"author\" content=\"Lo corral d&#039;arnes\" \/>\n<meta name=\"twitter:card\" content=\"summary_large_image\" \/>\n<meta name=\"twitter:label1\" content=\"Escrito por\" \/>\n\t<meta name=\"twitter:data1\" content=\"Lo corral d&#039;arnes\" \/>\n\t<meta name=\"twitter:label2\" content=\"Tiempo de lectura\" \/>\n\t<meta name=\"twitter:data2\" content=\"5 minutos\" \/>\n<script type=\"application\/ld+json\" class=\"yoast-schema-graph\">{\"@context\":\"https:\\\/\\\/schema.org\",\"@graph\":[{\"@type\":\"Article\",\"@id\":\"https:\\\/\\\/locorraldarnes.com\\\/es\\\/la-via-mas-facil-de-aguero\\\/#article\",\"isPartOf\":{\"@id\":\"https:\\\/\\\/locorraldarnes.com\\\/es\\\/la-via-mas-facil-de-aguero\\\/\"},\"author\":{\"name\":\"Lo corral d'arnes\",\"@id\":\"https:\\\/\\\/locorraldarnes.com\\\/#\\\/schema\\\/person\\\/014cb61eff277c4d2c65f4e64512915f\"},\"headline\":\"LA V\u00cdA M\u00c1S F\u00c1CIL DE AG\u00dcERO\",\"datePublished\":\"2024-01-27T12:35:57+00:00\",\"dateModified\":\"2024-01-27T12:59:09+00:00\",\"mainEntityOfPage\":{\"@id\":\"https:\\\/\\\/locorraldarnes.com\\\/es\\\/la-via-mas-facil-de-aguero\\\/\"},\"wordCount\":721,\"commentCount\":0,\"publisher\":{\"@id\":\"https:\\\/\\\/locorraldarnes.com\\\/#organization\"},\"image\":{\"@id\":\"https:\\\/\\\/locorraldarnes.com\\\/es\\\/la-via-mas-facil-de-aguero\\\/#primaryimage\"},\"thumbnailUrl\":\"https:\\\/\\\/locorraldarnes.com\\\/wp-content\\\/uploads\\\/2024\\\/01\\\/Aguero-ret.jpg\",\"keywords\":[\"ag\u00fcero\",\"escalada\",\"riglos\"],\"articleSection\":[\"alojamiento rural\",\"escalada\",\"rese\u00f1as\"],\"inLanguage\":\"es\",\"potentialAction\":[{\"@type\":\"CommentAction\",\"name\":\"Comment\",\"target\":[\"https:\\\/\\\/locorraldarnes.com\\\/es\\\/la-via-mas-facil-de-aguero\\\/#respond\"]}]},{\"@type\":\"WebPage\",\"@id\":\"https:\\\/\\\/locorraldarnes.com\\\/es\\\/la-via-mas-facil-de-aguero\\\/\",\"url\":\"https:\\\/\\\/locorraldarnes.com\\\/es\\\/la-via-mas-facil-de-aguero\\\/\",\"name\":\"LA V\u00cdA M\u00c1S F\u00c1CIL DE AG\u00dcERO - lo corral d&#039;arnes\",\"isPartOf\":{\"@id\":\"https:\\\/\\\/locorraldarnes.com\\\/#website\"},\"primaryImageOfPage\":{\"@id\":\"https:\\\/\\\/locorraldarnes.com\\\/es\\\/la-via-mas-facil-de-aguero\\\/#primaryimage\"},\"image\":{\"@id\":\"https:\\\/\\\/locorraldarnes.com\\\/es\\\/la-via-mas-facil-de-aguero\\\/#primaryimage\"},\"thumbnailUrl\":\"https:\\\/\\\/locorraldarnes.com\\\/wp-content\\\/uploads\\\/2024\\\/01\\\/Aguero-ret.jpg\",\"datePublished\":\"2024-01-27T12:35:57+00:00\",\"dateModified\":\"2024-01-27T12:59:09+00:00\",\"description\":\"Via de escalada en un entorno magn\u00edfico, ideal para pensionistas, aprendices y otras gentes amantes del buen vivir.\",\"breadcrumb\":{\"@id\":\"https:\\\/\\\/locorraldarnes.com\\\/es\\\/la-via-mas-facil-de-aguero\\\/#breadcrumb\"},\"inLanguage\":\"es\",\"potentialAction\":[{\"@type\":\"ReadAction\",\"target\":[\"https:\\\/\\\/locorraldarnes.com\\\/es\\\/la-via-mas-facil-de-aguero\\\/\"]}]},{\"@type\":\"ImageObject\",\"inLanguage\":\"es\",\"@id\":\"https:\\\/\\\/locorraldarnes.com\\\/es\\\/la-via-mas-facil-de-aguero\\\/#primaryimage\",\"url\":\"https:\\\/\\\/locorraldarnes.com\\\/wp-content\\\/uploads\\\/2024\\\/01\\\/Aguero-ret.jpg\",\"contentUrl\":\"https:\\\/\\\/locorraldarnes.com\\\/wp-content\\\/uploads\\\/2024\\\/01\\\/Aguero-ret.jpg\",\"width\":350,\"height\":263,\"caption\":\"Ag\u00fcero\"},{\"@type\":\"BreadcrumbList\",\"@id\":\"https:\\\/\\\/locorraldarnes.com\\\/es\\\/la-via-mas-facil-de-aguero\\\/#breadcrumb\",\"itemListElement\":[{\"@type\":\"ListItem\",\"position\":1,\"name\":\"Inici\",\"item\":\"https:\\\/\\\/locorraldarnes.com\\\/\"},{\"@type\":\"ListItem\",\"position\":2,\"name\":\"LA V\u00cdA M\u00c1S F\u00c1CIL DE AG\u00dcERO\"}]},{\"@type\":\"WebSite\",\"@id\":\"https:\\\/\\\/locorraldarnes.com\\\/#website\",\"url\":\"https:\\\/\\\/locorraldarnes.com\\\/\",\"name\":\"lo corral d'arnes\",\"description\":\"Allotjament rural a Arnes. Estels del Sud. Els Ports\",\"publisher\":{\"@id\":\"https:\\\/\\\/locorraldarnes.com\\\/#organization\"},\"potentialAction\":[{\"@type\":\"SearchAction\",\"target\":{\"@type\":\"EntryPoint\",\"urlTemplate\":\"https:\\\/\\\/locorraldarnes.com\\\/?s={search_term_string}\"},\"query-input\":{\"@type\":\"PropertyValueSpecification\",\"valueRequired\":true,\"valueName\":\"search_term_string\"}}],\"inLanguage\":\"es\"},{\"@type\":\"Organization\",\"@id\":\"https:\\\/\\\/locorraldarnes.com\\\/#organization\",\"name\":\"Lo corral d'arnes\",\"url\":\"https:\\\/\\\/locorraldarnes.com\\\/\",\"logo\":{\"@type\":\"ImageObject\",\"inLanguage\":\"es\",\"@id\":\"https:\\\/\\\/locorraldarnes.com\\\/#\\\/schema\\\/logo\\\/image\\\/\",\"url\":\"https:\\\/\\\/locorraldarnes.com\\\/wp-content\\\/uploads\\\/logo-lo-corral-mini.gif\",\"contentUrl\":\"https:\\\/\\\/locorraldarnes.com\\\/wp-content\\\/uploads\\\/logo-lo-corral-mini.gif\",\"width\":283,\"height\":116,\"caption\":\"Lo corral d'arnes\"},\"image\":{\"@id\":\"https:\\\/\\\/locorraldarnes.com\\\/#\\\/schema\\\/logo\\\/image\\\/\"},\"sameAs\":[\"https:\\\/\\\/www.facebook.com\\\/locorraldarnes\",\"https:\\\/\\\/www.instagram.com\\\/locorraldarnes8087\\\/\"]},{\"@type\":\"Person\",\"@id\":\"https:\\\/\\\/locorraldarnes.com\\\/#\\\/schema\\\/person\\\/014cb61eff277c4d2c65f4e64512915f\",\"name\":\"Lo corral d'arnes\",\"image\":{\"@type\":\"ImageObject\",\"inLanguage\":\"es\",\"@id\":\"https:\\\/\\\/secure.gravatar.com\\\/avatar\\\/0ec546518cdc38222ea845d597c90f30ed6748bc9239933ec7c1bfbc090e17f2?s=96&d=mm&r=g\",\"url\":\"https:\\\/\\\/secure.gravatar.com\\\/avatar\\\/0ec546518cdc38222ea845d597c90f30ed6748bc9239933ec7c1bfbc090e17f2?s=96&d=mm&r=g\",\"contentUrl\":\"https:\\\/\\\/secure.gravatar.com\\\/avatar\\\/0ec546518cdc38222ea845d597c90f30ed6748bc9239933ec7c1bfbc090e17f2?s=96&d=mm&r=g\",\"caption\":\"Lo corral d'arnes\"},\"sameAs\":[\"http:\\\/\\\/locorraldarnes.com\"]}]}<\/script>\n<!-- \/ Yoast SEO plugin. -->","yoast_head_json":{"title":"LA V\u00cdA M\u00c1S F\u00c1CIL DE AG\u00dcERO - lo corral d&#039;arnes","description":"Via de escalada en un entorno magn\u00edfico, ideal para pensionistas, aprendices y otras gentes amantes del buen vivir.","robots":{"index":"index","follow":"follow","max-snippet":"max-snippet:-1","max-image-preview":"max-image-preview:large","max-video-preview":"max-video-preview:-1"},"canonical":"https:\/\/locorraldarnes.com\/es\/la-via-mas-facil-de-aguero\/","og_locale":"es_ES","og_type":"article","og_title":"LA V\u00cdA M\u00c1S F\u00c1CIL DE AG\u00dcERO - lo corral d&#039;arnes","og_description":"Via de escalada en un entorno magn\u00edfico, ideal para pensionistas, aprendices y otras gentes amantes del buen vivir.","og_url":"https:\/\/locorraldarnes.com\/es\/la-via-mas-facil-de-aguero\/","og_site_name":"lo corral d&#039;arnes","article_publisher":"https:\/\/www.facebook.com\/locorraldarnes","article_published_time":"2024-01-27T12:35:57+00:00","article_modified_time":"2024-01-27T12:59:09+00:00","og_image":[{"width":350,"height":263,"url":"https:\/\/locorraldarnes.com\/wp-content\/uploads\/2024\/01\/Aguero-ret.jpg","type":"image\/jpeg"}],"author":"Lo corral d'arnes","twitter_card":"summary_large_image","twitter_misc":{"Escrito por":"Lo corral d'arnes","Tiempo de lectura":"5 minutos"},"schema":{"@context":"https:\/\/schema.org","@graph":[{"@type":"Article","@id":"https:\/\/locorraldarnes.com\/es\/la-via-mas-facil-de-aguero\/#article","isPartOf":{"@id":"https:\/\/locorraldarnes.com\/es\/la-via-mas-facil-de-aguero\/"},"author":{"name":"Lo corral d'arnes","@id":"https:\/\/locorraldarnes.com\/#\/schema\/person\/014cb61eff277c4d2c65f4e64512915f"},"headline":"LA V\u00cdA M\u00c1S F\u00c1CIL DE AG\u00dcERO","datePublished":"2024-01-27T12:35:57+00:00","dateModified":"2024-01-27T12:59:09+00:00","mainEntityOfPage":{"@id":"https:\/\/locorraldarnes.com\/es\/la-via-mas-facil-de-aguero\/"},"wordCount":721,"commentCount":0,"publisher":{"@id":"https:\/\/locorraldarnes.com\/#organization"},"image":{"@id":"https:\/\/locorraldarnes.com\/es\/la-via-mas-facil-de-aguero\/#primaryimage"},"thumbnailUrl":"https:\/\/locorraldarnes.com\/wp-content\/uploads\/2024\/01\/Aguero-ret.jpg","keywords":["ag\u00fcero","escalada","riglos"],"articleSection":["alojamiento rural","escalada","rese\u00f1as"],"inLanguage":"es","potentialAction":[{"@type":"CommentAction","name":"Comment","target":["https:\/\/locorraldarnes.com\/es\/la-via-mas-facil-de-aguero\/#respond"]}]},{"@type":"WebPage","@id":"https:\/\/locorraldarnes.com\/es\/la-via-mas-facil-de-aguero\/","url":"https:\/\/locorraldarnes.com\/es\/la-via-mas-facil-de-aguero\/","name":"LA V\u00cdA M\u00c1S F\u00c1CIL DE AG\u00dcERO - lo corral d&#039;arnes","isPartOf":{"@id":"https:\/\/locorraldarnes.com\/#website"},"primaryImageOfPage":{"@id":"https:\/\/locorraldarnes.com\/es\/la-via-mas-facil-de-aguero\/#primaryimage"},"image":{"@id":"https:\/\/locorraldarnes.com\/es\/la-via-mas-facil-de-aguero\/#primaryimage"},"thumbnailUrl":"https:\/\/locorraldarnes.com\/wp-content\/uploads\/2024\/01\/Aguero-ret.jpg","datePublished":"2024-01-27T12:35:57+00:00","dateModified":"2024-01-27T12:59:09+00:00","description":"Via de escalada en un entorno magn\u00edfico, ideal para pensionistas, aprendices y otras gentes amantes del buen vivir.","breadcrumb":{"@id":"https:\/\/locorraldarnes.com\/es\/la-via-mas-facil-de-aguero\/#breadcrumb"},"inLanguage":"es","potentialAction":[{"@type":"ReadAction","target":["https:\/\/locorraldarnes.com\/es\/la-via-mas-facil-de-aguero\/"]}]},{"@type":"ImageObject","inLanguage":"es","@id":"https:\/\/locorraldarnes.com\/es\/la-via-mas-facil-de-aguero\/#primaryimage","url":"https:\/\/locorraldarnes.com\/wp-content\/uploads\/2024\/01\/Aguero-ret.jpg","contentUrl":"https:\/\/locorraldarnes.com\/wp-content\/uploads\/2024\/01\/Aguero-ret.jpg","width":350,"height":263,"caption":"Ag\u00fcero"},{"@type":"BreadcrumbList","@id":"https:\/\/locorraldarnes.com\/es\/la-via-mas-facil-de-aguero\/#breadcrumb","itemListElement":[{"@type":"ListItem","position":1,"name":"Inici","item":"https:\/\/locorraldarnes.com\/"},{"@type":"ListItem","position":2,"name":"LA V\u00cdA M\u00c1S F\u00c1CIL DE AG\u00dcERO"}]},{"@type":"WebSite","@id":"https:\/\/locorraldarnes.com\/#website","url":"https:\/\/locorraldarnes.com\/","name":"lo corral d'arnes","description":"Allotjament rural a Arnes. Estels del Sud. Els Ports","publisher":{"@id":"https:\/\/locorraldarnes.com\/#organization"},"potentialAction":[{"@type":"SearchAction","target":{"@type":"EntryPoint","urlTemplate":"https:\/\/locorraldarnes.com\/?s={search_term_string}"},"query-input":{"@type":"PropertyValueSpecification","valueRequired":true,"valueName":"search_term_string"}}],"inLanguage":"es"},{"@type":"Organization","@id":"https:\/\/locorraldarnes.com\/#organization","name":"Lo corral d'arnes","url":"https:\/\/locorraldarnes.com\/","logo":{"@type":"ImageObject","inLanguage":"es","@id":"https:\/\/locorraldarnes.com\/#\/schema\/logo\/image\/","url":"https:\/\/locorraldarnes.com\/wp-content\/uploads\/logo-lo-corral-mini.gif","contentUrl":"https:\/\/locorraldarnes.com\/wp-content\/uploads\/logo-lo-corral-mini.gif","width":283,"height":116,"caption":"Lo corral d'arnes"},"image":{"@id":"https:\/\/locorraldarnes.com\/#\/schema\/logo\/image\/"},"sameAs":["https:\/\/www.facebook.com\/locorraldarnes","https:\/\/www.instagram.com\/locorraldarnes8087\/"]},{"@type":"Person","@id":"https:\/\/locorraldarnes.com\/#\/schema\/person\/014cb61eff277c4d2c65f4e64512915f","name":"Lo corral d'arnes","image":{"@type":"ImageObject","inLanguage":"es","@id":"https:\/\/secure.gravatar.com\/avatar\/0ec546518cdc38222ea845d597c90f30ed6748bc9239933ec7c1bfbc090e17f2?s=96&d=mm&r=g","url":"https:\/\/secure.gravatar.com\/avatar\/0ec546518cdc38222ea845d597c90f30ed6748bc9239933ec7c1bfbc090e17f2?s=96&d=mm&r=g","contentUrl":"https:\/\/secure.gravatar.com\/avatar\/0ec546518cdc38222ea845d597c90f30ed6748bc9239933ec7c1bfbc090e17f2?s=96&d=mm&r=g","caption":"Lo corral d'arnes"},"sameAs":["http:\/\/locorraldarnes.com"]}]}},"_links":{"self":[{"href":"https:\/\/locorraldarnes.com\/es\/wp-json\/wp\/v2\/posts\/14122","targetHints":{"allow":["GET"]}}],"collection":[{"href":"https:\/\/locorraldarnes.com\/es\/wp-json\/wp\/v2\/posts"}],"about":[{"href":"https:\/\/locorraldarnes.com\/es\/wp-json\/wp\/v2\/types\/post"}],"author":[{"embeddable":true,"href":"https:\/\/locorraldarnes.com\/es\/wp-json\/wp\/v2\/users\/7344"}],"replies":[{"embeddable":true,"href":"https:\/\/locorraldarnes.com\/es\/wp-json\/wp\/v2\/comments?post=14122"}],"version-history":[{"count":0,"href":"https:\/\/locorraldarnes.com\/es\/wp-json\/wp\/v2\/posts\/14122\/revisions"}],"wp:featuredmedia":[{"embeddable":true,"href":"https:\/\/locorraldarnes.com\/es\/wp-json\/wp\/v2\/media\/14118"}],"wp:attachment":[{"href":"https:\/\/locorraldarnes.com\/es\/wp-json\/wp\/v2\/media?parent=14122"}],"wp:term":[{"taxonomy":"category","embeddable":true,"href":"https:\/\/locorraldarnes.com\/es\/wp-json\/wp\/v2\/categories?post=14122"},{"taxonomy":"post_tag","embeddable":true,"href":"https:\/\/locorraldarnes.com\/es\/wp-json\/wp\/v2\/tags?post=14122"}],"curies":[{"name":"wp","href":"https:\/\/api.w.org\/{rel}","templated":true}]}}