{"id":14416,"date":"2025-05-18T18:42:49","date_gmt":"2025-05-18T16:42:49","guid":{"rendered":"https:\/\/locorraldarnes.com\/?p=14416"},"modified":"2025-05-18T18:58:00","modified_gmt":"2025-05-18T16:58:00","slug":"moleto-del-mas-de-pau","status":"publish","type":"post","link":"https:\/\/locorraldarnes.com\/en\/moleto-del-mas-de-pau\/","title":{"rendered":"MOLET\u00d3 DEL MAS DE PAU"},"content":{"rendered":"<p>[et_pb_section fb_built=&#8221;1&#8243; admin_label=&#8221;section&#8221; _builder_version=&#8221;4.16&#8243; global_colors_info=&#8221;{}&#8221; theme_builder_area=&#8221;post_content&#8221;][et_pb_row column_structure=&#8221;3_5,2_5&#8243; admin_label=&#8221;row&#8221; _builder_version=&#8221;4.16&#8243; background_size=&#8221;initial&#8221; background_position=&#8221;top_left&#8221; background_repeat=&#8221;repeat&#8221; global_colors_info=&#8221;{}&#8221; theme_builder_area=&#8221;post_content&#8221;][et_pb_column type=&#8221;3_5&#8243; _builder_version=&#8221;4.16&#8243; custom_padding=&#8221;|||&#8221; global_colors_info=&#8221;{}&#8221; custom_padding__hover=&#8221;|||&#8221; theme_builder_area=&#8221;post_content&#8221;][et_pb_text admin_label=&#8221;Text&#8221; _builder_version=&#8221;4.27.4&#8243; background_size=&#8221;initial&#8221; background_position=&#8221;top_left&#8221; background_repeat=&#8221;repeat&#8221; custom_margin=&#8221;||-283px|||&#8221; global_colors_info=&#8221;{}&#8221; theme_builder_area=&#8221;post_content&#8221;]<\/p>\n<h2>MOLETO DEL MAS DE PAU, DES DEL RIU ULLDEM\u00d3 (BESEIT)<\/h2>\n<h3>UNA EXCURSI\u00d3 ON DIFICILMENT TROBAREM NING\u00da, AMB UN FINAL D&#8217;ESCALADA PER ASSOLIR EL CIM.<\/h3>\n<div class=\"row\">\n<div class=\"col-md-8\">\n<p>El\u00a0 <strong>Molet\u00f3 del Mas de Pau <\/strong>\u00e9s un cim del terme de Beseit, al que hi podem accedir des de Beseit pujant per la pista de la Pesquera i aparcant al Parking n\u00famero 13, que \u00e9s l&#8217;excursi\u00f3 que us proposem, o b\u00e9 des d&#8217;Arnes pel riu Algars i el Mas de Pau, tot i que ens haurem d&#8217;empassar una hora de pista per arribar al Mas de Pau i comen\u00e7ar la pujada.<strong><br \/><\/strong><\/p>\n<p>En ambdos casos pujarem fins el Coll de Morellos i despr\u00e9s seguirem en direcci\u00f3 noroest pel millor terreny que trobem (incomode) per arribar a la base d&#8217;una muralla rocosa. Llavors anirem cap a la dreta (nord) i reseguirem la seva cara nordest for\u00e7a estona per mal cam\u00ed, per a ser sincers, sense cam\u00ed i for\u00e7a incomode.<\/p>\n<p>No haurem de tenir presa per pujar a la carena, ja que si pujem abans d&#8217;hora ens trobarem en un crestall for\u00e7a complicat. Quan portem uns 300 mts. i per una f\u00e0cil grimpada accedirem a la carena. Llavors veurem l&#8217;ultima part de l&#8217;ascensi\u00f3, la m\u00e9s complicada, una escalada d&#8217;uns 10 mts. de III grau.<\/p>\n<p>Aquest passatge no \u00e9s apte per a tots els p\u00fablics, \u00e9s for\u00e7a escarpat i amb mala roca, en cas que hi hagi alguna persona inexperta o no habituada a escalar, caldr\u00e0 assegurar el pas o b\u00e9 quedar-se just abans de l&#8217;escalada.<\/p>\n<p>Aqu\u00ed teniu l&#8217;<a href=\"https:\/\/ca.wikiloc.com\/rutes-senderisme\/rutes-lo-corral-darnes-ruta-38-moleto-del-mas-de-pau-des-de-ulldemo-213974465\" target=\"_blank\" rel=\"noopener\">enlla\u00e7 al Wikiloc per descarregar el track<\/a><\/p>\n<p>Que disfruteu de la muntanya, que disfruteu de l&#8217;ascensi\u00f3 i sobretot, que disfruteu de la vida.<\/p>\n<p>Salut<\/p>\n<h2><img loading=\"lazy\" decoding=\"async\" src=\"https:\/\/locorraldarnes.com\/wp-content\/uploads\/2025\/05\/Mapa-Moleto-del-Mas-de-Pau-1024x444.jpeg\" width=\"1024\" height=\"444\" alt=\"\" class=\"wp-image-14420 aligncenter size-large\" srcset=\"https:\/\/locorraldarnes.com\/wp-content\/uploads\/2025\/05\/Mapa-Moleto-del-Mas-de-Pau-980x425.jpeg 980w, https:\/\/locorraldarnes.com\/wp-content\/uploads\/2025\/05\/Mapa-Moleto-del-Mas-de-Pau-480x208.jpeg 480w\" sizes=\"(min-width: 0px) and (max-width: 480px) 480px, (min-width: 481px) and (max-width: 980px) 980px, (min-width: 981px) 1024px, 100vw\" \/><\/h2>\n<p>&nbsp;<\/p>\n<p>&nbsp;<\/p>\n<p>&nbsp;<\/p>\n<div class=\"entry-content-asset videofit\"><\/div>\n<p>&nbsp;<\/p>\n<\/div>\n<div class=\"col-md-4\">\n<p>&nbsp;<\/p>\n<p>&nbsp;<\/p>\n<p>&nbsp;<\/p>\n<p>&nbsp;<\/p>\n<p>&nbsp;<\/p>\n<p>&nbsp;<\/p>\n<\/div>\n<\/div>\n<p>&nbsp;<\/p>\n<p>&nbsp;<\/p>\n<p>&nbsp;<\/p>\n<div style=\"color: #777; font-size: 11px; line-height: 16px;\"><\/div>\n<p>&nbsp;<\/p>\n<p>[\/et_pb_text][\/et_pb_column][et_pb_column type=&#8221;2_5&#8243; _builder_version=&#8221;4.16&#8243; custom_padding=&#8221;|||&#8221; global_colors_info=&#8221;{}&#8221; custom_padding__hover=&#8221;|||&#8221; theme_builder_area=&#8221;post_content&#8221;][et_pb_gallery gallery_ids=&#8221;14444,14424,14428,14432,14436,14440&#8243; posts_number=&#8221;30&#8243; show_title_and_caption=&#8221;off&#8221; show_pagination=&#8221;off&#8221; _builder_version=&#8221;4.27.4&#8243; _module_preset=&#8221;default&#8221; hover_enabled=&#8221;0&#8243; global_colors_info=&#8221;{}&#8221; theme_builder_area=&#8221;post_content&#8221; overflow-x=&#8221;auto&#8221; sticky_enabled=&#8221;0&#8243;][\/et_pb_gallery][\/et_pb_column][\/et_pb_row][\/et_pb_section]<\/p>\n<span class=\"et_bloom_bottom_trigger\"><\/span>","protected":false},"excerpt":{"rendered":"<p>MOLETO DEL MAS DE PAU, DES DEL RIU ULLDEM\u00d3 (BESEIT) UNA EXCURSI\u00d3 ON DIFICILMENT TROBAREM NING\u00da, AMB UN FINAL D&#8217;ESCALADA PER ASSOLIR EL CIM. El\u00a0 Molet\u00f3 del Mas de Pau \u00e9s un cim del terme de Beseit, al que hi podem accedir des de Beseit pujant per la pista de la Pesquera i aparcant al [&hellip;]<\/p>\n","protected":false},"author":7344,"featured_media":14451,"comment_status":"open","ping_status":"open","sticky":false,"template":"","format":"standard","meta":{"_et_pb_use_builder":"on","_et_pb_old_content":"","_et_gb_content_width":"","footnotes":""},"categories":[413,28,4,429],"tags":[183,220,223],"class_list":["post-14416","post","type-post","status-publish","format-standard","has-post-thumbnail","hentry","category-allotjament-rural","category-els-ports","category-excursions","category-ressenyes","tag-beseit","tag-els-ports","tag-senderisme"],"yoast_head":"<!-- This site is optimized with the Yoast SEO plugin v27.5 - https:\/\/yoast.com\/product\/yoast-seo-wordpress\/ -->\n<title>MOLET\u00d3 DEL MAS DE PAU - lo corral d&#039;arnes<\/title>\n<meta name=\"description\" content=\"Molet\u00f3 del Mas de Pau, una excursi\u00f3 que dif\u00edcilment trobareu massificada, solitud garantida un cop creueu el riu.\" \/>\n<meta name=\"robots\" content=\"index, follow, max-snippet:-1, max-image-preview:large, max-video-preview:-1\" \/>\n<link rel=\"canonical\" href=\"https:\/\/locorraldarnes.com\/moleto-del-mas-de-pau\/\" \/>\n<meta property=\"og:locale\" content=\"en_US\" \/>\n<meta property=\"og:type\" content=\"article\" \/>\n<meta property=\"og:title\" content=\"MOLET\u00d3 DEL MAS DE PAU - lo corral d&#039;arnes\" \/>\n<meta property=\"og:description\" content=\"Molet\u00f3 del Mas de Pau, una excursi\u00f3 que dif\u00edcilment trobareu massificada, solitud garantida un cop creueu el riu.\" \/>\n<meta property=\"og:url\" content=\"https:\/\/locorraldarnes.com\/moleto-del-mas-de-pau\/\" \/>\n<meta property=\"og:site_name\" content=\"lo corral d&#039;arnes\" \/>\n<meta property=\"article:publisher\" content=\"https:\/\/www.facebook.com\/locorraldarnes\" \/>\n<meta property=\"article:published_time\" content=\"2025-05-18T16:42:49+00:00\" \/>\n<meta property=\"article:modified_time\" content=\"2025-05-18T16:58:00+00:00\" \/>\n<meta property=\"og:image\" content=\"https:\/\/locorraldarnes.com\/wp-content\/uploads\/2025\/05\/IMG_20250517_111456.jpg\" \/>\n\t<meta property=\"og:image:width\" content=\"1920\" \/>\n\t<meta property=\"og:image:height\" content=\"1446\" \/>\n\t<meta property=\"og:image:type\" content=\"image\/jpeg\" \/>\n<meta name=\"author\" content=\"Lo corral d&#039;arnes\" \/>\n<meta name=\"twitter:card\" content=\"summary_large_image\" \/>\n<meta name=\"twitter:label1\" content=\"Written by\" \/>\n\t<meta name=\"twitter:data1\" content=\"Lo corral d&#039;arnes\" \/>\n\t<meta name=\"twitter:label2\" content=\"Est. reading time\" \/>\n\t<meta name=\"twitter:data2\" content=\"4 minutes\" \/>\n<script type=\"application\/ld+json\" class=\"yoast-schema-graph\">{\"@context\":\"https:\\\/\\\/schema.org\",\"@graph\":[{\"@type\":\"Article\",\"@id\":\"https:\\\/\\\/locorraldarnes.com\\\/moleto-del-mas-de-pau\\\/#article\",\"isPartOf\":{\"@id\":\"https:\\\/\\\/locorraldarnes.com\\\/moleto-del-mas-de-pau\\\/\"},\"author\":{\"name\":\"Lo corral d'arnes\",\"@id\":\"https:\\\/\\\/locorraldarnes.com\\\/#\\\/schema\\\/person\\\/014cb61eff277c4d2c65f4e64512915f\"},\"headline\":\"MOLET\u00d3 DEL MAS DE PAU\",\"datePublished\":\"2025-05-18T16:42:49+00:00\",\"dateModified\":\"2025-05-18T16:58:00+00:00\",\"mainEntityOfPage\":{\"@id\":\"https:\\\/\\\/locorraldarnes.com\\\/moleto-del-mas-de-pau\\\/\"},\"wordCount\":477,\"commentCount\":0,\"publisher\":{\"@id\":\"https:\\\/\\\/locorraldarnes.com\\\/#organization\"},\"image\":{\"@id\":\"https:\\\/\\\/locorraldarnes.com\\\/moleto-del-mas-de-pau\\\/#primaryimage\"},\"thumbnailUrl\":\"https:\\\/\\\/locorraldarnes.com\\\/wp-content\\\/uploads\\\/2025\\\/05\\\/IMG_20250517_111456.jpg\",\"keywords\":[\"Beseit\",\"Els Ports\",\"senderisme\"],\"articleSection\":[\"allotjament rural\",\"Els Ports\",\"excursions\",\"Ressenyes\"],\"inLanguage\":\"en-US\",\"potentialAction\":[{\"@type\":\"CommentAction\",\"name\":\"Comment\",\"target\":[\"https:\\\/\\\/locorraldarnes.com\\\/moleto-del-mas-de-pau\\\/#respond\"]}]},{\"@type\":\"WebPage\",\"@id\":\"https:\\\/\\\/locorraldarnes.com\\\/moleto-del-mas-de-pau\\\/\",\"url\":\"https:\\\/\\\/locorraldarnes.com\\\/moleto-del-mas-de-pau\\\/\",\"name\":\"MOLET\u00d3 DEL MAS DE PAU - lo corral d&#039;arnes\",\"isPartOf\":{\"@id\":\"https:\\\/\\\/locorraldarnes.com\\\/#website\"},\"primaryImageOfPage\":{\"@id\":\"https:\\\/\\\/locorraldarnes.com\\\/moleto-del-mas-de-pau\\\/#primaryimage\"},\"image\":{\"@id\":\"https:\\\/\\\/locorraldarnes.com\\\/moleto-del-mas-de-pau\\\/#primaryimage\"},\"thumbnailUrl\":\"https:\\\/\\\/locorraldarnes.com\\\/wp-content\\\/uploads\\\/2025\\\/05\\\/IMG_20250517_111456.jpg\",\"datePublished\":\"2025-05-18T16:42:49+00:00\",\"dateModified\":\"2025-05-18T16:58:00+00:00\",\"description\":\"Molet\u00f3 del Mas de Pau, una excursi\u00f3 que dif\u00edcilment trobareu massificada, solitud garantida un cop creueu el riu.\",\"breadcrumb\":{\"@id\":\"https:\\\/\\\/locorraldarnes.com\\\/moleto-del-mas-de-pau\\\/#breadcrumb\"},\"inLanguage\":\"en-US\",\"potentialAction\":[{\"@type\":\"ReadAction\",\"target\":[\"https:\\\/\\\/locorraldarnes.com\\\/moleto-del-mas-de-pau\\\/\"]}]},{\"@type\":\"ImageObject\",\"inLanguage\":\"en-US\",\"@id\":\"https:\\\/\\\/locorraldarnes.com\\\/moleto-del-mas-de-pau\\\/#primaryimage\",\"url\":\"https:\\\/\\\/locorraldarnes.com\\\/wp-content\\\/uploads\\\/2025\\\/05\\\/IMG_20250517_111456.jpg\",\"contentUrl\":\"https:\\\/\\\/locorraldarnes.com\\\/wp-content\\\/uploads\\\/2025\\\/05\\\/IMG_20250517_111456.jpg\",\"width\":1920,\"height\":1446,\"caption\":\"Molet\u00f3 del Mas de Pau\"},{\"@type\":\"BreadcrumbList\",\"@id\":\"https:\\\/\\\/locorraldarnes.com\\\/moleto-del-mas-de-pau\\\/#breadcrumb\",\"itemListElement\":[{\"@type\":\"ListItem\",\"position\":1,\"name\":\"Inici\",\"item\":\"https:\\\/\\\/locorraldarnes.com\\\/\"},{\"@type\":\"ListItem\",\"position\":2,\"name\":\"MOLET\u00d3 DEL MAS DE PAU\"}]},{\"@type\":\"WebSite\",\"@id\":\"https:\\\/\\\/locorraldarnes.com\\\/#website\",\"url\":\"https:\\\/\\\/locorraldarnes.com\\\/\",\"name\":\"lo corral d'arnes\",\"description\":\"Allotjament rural a Arnes. Estels del Sud. Els Ports\",\"publisher\":{\"@id\":\"https:\\\/\\\/locorraldarnes.com\\\/#organization\"},\"potentialAction\":[{\"@type\":\"SearchAction\",\"target\":{\"@type\":\"EntryPoint\",\"urlTemplate\":\"https:\\\/\\\/locorraldarnes.com\\\/?s={search_term_string}\"},\"query-input\":{\"@type\":\"PropertyValueSpecification\",\"valueRequired\":true,\"valueName\":\"search_term_string\"}}],\"inLanguage\":\"en-US\"},{\"@type\":\"Organization\",\"@id\":\"https:\\\/\\\/locorraldarnes.com\\\/#organization\",\"name\":\"Lo corral d'arnes\",\"url\":\"https:\\\/\\\/locorraldarnes.com\\\/\",\"logo\":{\"@type\":\"ImageObject\",\"inLanguage\":\"en-US\",\"@id\":\"https:\\\/\\\/locorraldarnes.com\\\/#\\\/schema\\\/logo\\\/image\\\/\",\"url\":\"https:\\\/\\\/locorraldarnes.com\\\/wp-content\\\/uploads\\\/logo-lo-corral-mini.gif\",\"contentUrl\":\"https:\\\/\\\/locorraldarnes.com\\\/wp-content\\\/uploads\\\/logo-lo-corral-mini.gif\",\"width\":283,\"height\":116,\"caption\":\"Lo corral d'arnes\"},\"image\":{\"@id\":\"https:\\\/\\\/locorraldarnes.com\\\/#\\\/schema\\\/logo\\\/image\\\/\"},\"sameAs\":[\"https:\\\/\\\/www.facebook.com\\\/locorraldarnes\",\"https:\\\/\\\/www.instagram.com\\\/locorraldarnes8087\\\/\"]},{\"@type\":\"Person\",\"@id\":\"https:\\\/\\\/locorraldarnes.com\\\/#\\\/schema\\\/person\\\/014cb61eff277c4d2c65f4e64512915f\",\"name\":\"Lo corral d'arnes\",\"image\":{\"@type\":\"ImageObject\",\"inLanguage\":\"en-US\",\"@id\":\"https:\\\/\\\/secure.gravatar.com\\\/avatar\\\/0ec546518cdc38222ea845d597c90f30ed6748bc9239933ec7c1bfbc090e17f2?s=96&d=mm&r=g\",\"url\":\"https:\\\/\\\/secure.gravatar.com\\\/avatar\\\/0ec546518cdc38222ea845d597c90f30ed6748bc9239933ec7c1bfbc090e17f2?s=96&d=mm&r=g\",\"contentUrl\":\"https:\\\/\\\/secure.gravatar.com\\\/avatar\\\/0ec546518cdc38222ea845d597c90f30ed6748bc9239933ec7c1bfbc090e17f2?s=96&d=mm&r=g\",\"caption\":\"Lo corral d'arnes\"},\"sameAs\":[\"http:\\\/\\\/locorraldarnes.com\"]}]}<\/script>\n<!-- \/ Yoast SEO plugin. -->","yoast_head_json":{"title":"MOLET\u00d3 DEL MAS DE PAU - lo corral d&#039;arnes","description":"Molet\u00f3 del Mas de Pau, una excursi\u00f3 que dif\u00edcilment trobareu massificada, solitud garantida un cop creueu el riu.","robots":{"index":"index","follow":"follow","max-snippet":"max-snippet:-1","max-image-preview":"max-image-preview:large","max-video-preview":"max-video-preview:-1"},"canonical":"https:\/\/locorraldarnes.com\/moleto-del-mas-de-pau\/","og_locale":"en_US","og_type":"article","og_title":"MOLET\u00d3 DEL MAS DE PAU - lo corral d&#039;arnes","og_description":"Molet\u00f3 del Mas de Pau, una excursi\u00f3 que dif\u00edcilment trobareu massificada, solitud garantida un cop creueu el riu.","og_url":"https:\/\/locorraldarnes.com\/moleto-del-mas-de-pau\/","og_site_name":"lo corral d&#039;arnes","article_publisher":"https:\/\/www.facebook.com\/locorraldarnes","article_published_time":"2025-05-18T16:42:49+00:00","article_modified_time":"2025-05-18T16:58:00+00:00","og_image":[{"width":1920,"height":1446,"url":"https:\/\/locorraldarnes.com\/wp-content\/uploads\/2025\/05\/IMG_20250517_111456.jpg","type":"image\/jpeg"}],"author":"Lo corral d'arnes","twitter_card":"summary_large_image","twitter_misc":{"Written by":"Lo corral d'arnes","Est. reading time":"4 minutes"},"schema":{"@context":"https:\/\/schema.org","@graph":[{"@type":"Article","@id":"https:\/\/locorraldarnes.com\/moleto-del-mas-de-pau\/#article","isPartOf":{"@id":"https:\/\/locorraldarnes.com\/moleto-del-mas-de-pau\/"},"author":{"name":"Lo corral d'arnes","@id":"https:\/\/locorraldarnes.com\/#\/schema\/person\/014cb61eff277c4d2c65f4e64512915f"},"headline":"MOLET\u00d3 DEL MAS DE PAU","datePublished":"2025-05-18T16:42:49+00:00","dateModified":"2025-05-18T16:58:00+00:00","mainEntityOfPage":{"@id":"https:\/\/locorraldarnes.com\/moleto-del-mas-de-pau\/"},"wordCount":477,"commentCount":0,"publisher":{"@id":"https:\/\/locorraldarnes.com\/#organization"},"image":{"@id":"https:\/\/locorraldarnes.com\/moleto-del-mas-de-pau\/#primaryimage"},"thumbnailUrl":"https:\/\/locorraldarnes.com\/wp-content\/uploads\/2025\/05\/IMG_20250517_111456.jpg","keywords":["Beseit","Els Ports","senderisme"],"articleSection":["allotjament rural","Els Ports","excursions","Ressenyes"],"inLanguage":"en-US","potentialAction":[{"@type":"CommentAction","name":"Comment","target":["https:\/\/locorraldarnes.com\/moleto-del-mas-de-pau\/#respond"]}]},{"@type":"WebPage","@id":"https:\/\/locorraldarnes.com\/moleto-del-mas-de-pau\/","url":"https:\/\/locorraldarnes.com\/moleto-del-mas-de-pau\/","name":"MOLET\u00d3 DEL MAS DE PAU - lo corral d&#039;arnes","isPartOf":{"@id":"https:\/\/locorraldarnes.com\/#website"},"primaryImageOfPage":{"@id":"https:\/\/locorraldarnes.com\/moleto-del-mas-de-pau\/#primaryimage"},"image":{"@id":"https:\/\/locorraldarnes.com\/moleto-del-mas-de-pau\/#primaryimage"},"thumbnailUrl":"https:\/\/locorraldarnes.com\/wp-content\/uploads\/2025\/05\/IMG_20250517_111456.jpg","datePublished":"2025-05-18T16:42:49+00:00","dateModified":"2025-05-18T16:58:00+00:00","description":"Molet\u00f3 del Mas de Pau, una excursi\u00f3 que dif\u00edcilment trobareu massificada, solitud garantida un cop creueu el riu.","breadcrumb":{"@id":"https:\/\/locorraldarnes.com\/moleto-del-mas-de-pau\/#breadcrumb"},"inLanguage":"en-US","potentialAction":[{"@type":"ReadAction","target":["https:\/\/locorraldarnes.com\/moleto-del-mas-de-pau\/"]}]},{"@type":"ImageObject","inLanguage":"en-US","@id":"https:\/\/locorraldarnes.com\/moleto-del-mas-de-pau\/#primaryimage","url":"https:\/\/locorraldarnes.com\/wp-content\/uploads\/2025\/05\/IMG_20250517_111456.jpg","contentUrl":"https:\/\/locorraldarnes.com\/wp-content\/uploads\/2025\/05\/IMG_20250517_111456.jpg","width":1920,"height":1446,"caption":"Molet\u00f3 del Mas de Pau"},{"@type":"BreadcrumbList","@id":"https:\/\/locorraldarnes.com\/moleto-del-mas-de-pau\/#breadcrumb","itemListElement":[{"@type":"ListItem","position":1,"name":"Inici","item":"https:\/\/locorraldarnes.com\/"},{"@type":"ListItem","position":2,"name":"MOLET\u00d3 DEL MAS DE PAU"}]},{"@type":"WebSite","@id":"https:\/\/locorraldarnes.com\/#website","url":"https:\/\/locorraldarnes.com\/","name":"lo corral d'arnes","description":"Allotjament rural a Arnes. Estels del Sud. Els Ports","publisher":{"@id":"https:\/\/locorraldarnes.com\/#organization"},"potentialAction":[{"@type":"SearchAction","target":{"@type":"EntryPoint","urlTemplate":"https:\/\/locorraldarnes.com\/?s={search_term_string}"},"query-input":{"@type":"PropertyValueSpecification","valueRequired":true,"valueName":"search_term_string"}}],"inLanguage":"en-US"},{"@type":"Organization","@id":"https:\/\/locorraldarnes.com\/#organization","name":"Lo corral d'arnes","url":"https:\/\/locorraldarnes.com\/","logo":{"@type":"ImageObject","inLanguage":"en-US","@id":"https:\/\/locorraldarnes.com\/#\/schema\/logo\/image\/","url":"https:\/\/locorraldarnes.com\/wp-content\/uploads\/logo-lo-corral-mini.gif","contentUrl":"https:\/\/locorraldarnes.com\/wp-content\/uploads\/logo-lo-corral-mini.gif","width":283,"height":116,"caption":"Lo corral d'arnes"},"image":{"@id":"https:\/\/locorraldarnes.com\/#\/schema\/logo\/image\/"},"sameAs":["https:\/\/www.facebook.com\/locorraldarnes","https:\/\/www.instagram.com\/locorraldarnes8087\/"]},{"@type":"Person","@id":"https:\/\/locorraldarnes.com\/#\/schema\/person\/014cb61eff277c4d2c65f4e64512915f","name":"Lo corral d'arnes","image":{"@type":"ImageObject","inLanguage":"en-US","@id":"https:\/\/secure.gravatar.com\/avatar\/0ec546518cdc38222ea845d597c90f30ed6748bc9239933ec7c1bfbc090e17f2?s=96&d=mm&r=g","url":"https:\/\/secure.gravatar.com\/avatar\/0ec546518cdc38222ea845d597c90f30ed6748bc9239933ec7c1bfbc090e17f2?s=96&d=mm&r=g","contentUrl":"https:\/\/secure.gravatar.com\/avatar\/0ec546518cdc38222ea845d597c90f30ed6748bc9239933ec7c1bfbc090e17f2?s=96&d=mm&r=g","caption":"Lo corral d'arnes"},"sameAs":["http:\/\/locorraldarnes.com"]}]}},"_links":{"self":[{"href":"https:\/\/locorraldarnes.com\/en\/wp-json\/wp\/v2\/posts\/14416","targetHints":{"allow":["GET"]}}],"collection":[{"href":"https:\/\/locorraldarnes.com\/en\/wp-json\/wp\/v2\/posts"}],"about":[{"href":"https:\/\/locorraldarnes.com\/en\/wp-json\/wp\/v2\/types\/post"}],"author":[{"embeddable":true,"href":"https:\/\/locorraldarnes.com\/en\/wp-json\/wp\/v2\/users\/7344"}],"replies":[{"embeddable":true,"href":"https:\/\/locorraldarnes.com\/en\/wp-json\/wp\/v2\/comments?post=14416"}],"version-history":[{"count":0,"href":"https:\/\/locorraldarnes.com\/en\/wp-json\/wp\/v2\/posts\/14416\/revisions"}],"wp:featuredmedia":[{"embeddable":true,"href":"https:\/\/locorraldarnes.com\/en\/wp-json\/wp\/v2\/media\/14451"}],"wp:attachment":[{"href":"https:\/\/locorraldarnes.com\/en\/wp-json\/wp\/v2\/media?parent=14416"}],"wp:term":[{"taxonomy":"category","embeddable":true,"href":"https:\/\/locorraldarnes.com\/en\/wp-json\/wp\/v2\/categories?post=14416"},{"taxonomy":"post_tag","embeddable":true,"href":"https:\/\/locorraldarnes.com\/en\/wp-json\/wp\/v2\/tags?post=14416"}],"curies":[{"name":"wp","href":"https:\/\/api.w.org\/{rel}","templated":true}]}}