{"id":14351,"date":"2024-12-06T17:16:28","date_gmt":"2024-12-06T16:16:28","guid":{"rendered":"https:\/\/locorraldarnes.com\/?p=14351"},"modified":"2024-12-06T17:16:36","modified_gmt":"2024-12-06T16:16:36","slug":"aresta-de-la-mola-atans","status":"publish","type":"post","link":"https:\/\/locorraldarnes.com\/en\/aresta-de-la-mola-atans\/","title":{"rendered":"ARESTA DE LA MOLA D&#8217;ATANS"},"content":{"rendered":"<p>[et_pb_section fb_built=&#8221;1&#8243; admin_label=&#8221;section&#8221; _builder_version=&#8221;4.16&#8243; global_colors_info=&#8221;{}&#8221;][et_pb_row column_structure=&#8221;3_5,2_5&#8243; admin_label=&#8221;row&#8221; _builder_version=&#8221;4.16&#8243; background_size=&#8221;initial&#8221; background_position=&#8221;top_left&#8221; background_repeat=&#8221;repeat&#8221; global_colors_info=&#8221;{}&#8221;][et_pb_column type=&#8221;3_5&#8243; _builder_version=&#8221;4.16&#8243; custom_padding=&#8221;|||&#8221; global_colors_info=&#8221;{}&#8221; custom_padding__hover=&#8221;|||&#8221;][et_pb_text admin_label=&#8221;Text&#8221; _builder_version=&#8221;4.27.4&#8243; background_size=&#8221;initial&#8221; background_position=&#8221;top_left&#8221; background_repeat=&#8221;repeat&#8221; custom_margin=&#8221;||-283px|||&#8221; global_colors_info=&#8221;{}&#8221;]<\/p>\n<h2>ARESTA ORIENTAL DE LA MOLA D&#8217;ATANS<\/h2>\n<h3>UNA ESPECTACULAR EXCURSI\u00d3\/ESCALADA EN UN FERESTEC RAC\u00d3 DELS PORTS<\/h3>\n<div class=\"row\">\n<div class=\"col-md-8\">\n<p>La <strong>Mola d&#8217;Atans<\/strong> i el <strong>Barranc de Cubars<\/strong> no son dels llocs m\u00e9s concorreguts dels <strong>Ports<\/strong>, com a molt trobarem algun excursionista en cap de setmana, tot i aix\u00ed es tracta d&#8217;uns paratges d&#8217;all\u00f2 m\u00e9s espectaculars.<strong><br \/><\/strong><\/p>\n<p>L&#8217;aresta no \u00e9s una gran escalada, de fet fora del primer llarg (IV+) l&#8217;itinerari es torna una f\u00e0cil grimpada (II-III), on en funci\u00f3 de les nostres habilitats i ganes podr\u00edem anar a l&#8217;ensamble i amb cal\u00e7at c\u00f2mode.<\/p>\n<p>L&#8217;equipament \u00e9s pr\u00e0cticament inexistent, sols trobarem 2 parabolts al primer llarg, per\u00f2 val a dir que amb unes bagues i un joc d&#8217;empotradors, ens podrem assegurar al gust. \u00c9s un bon lloc per practicar amb els flotants.<\/p>\n<p>A no ser que vulguem seguir fins el capdamunt de la <strong>Mola d&#8217;Atans<\/strong>, conv\u00e9 fixar-se en un pi que ens senyala el baixador (terreny incomode) cap a la dreta per arribar a les runes del <strong>Mas de les Crevetes de Llo\u00e0<\/strong>.<\/p>\n<p>Aquest pi el veurem pr\u00e0cticament durant tot el recorregut de l&#8217;aresta, i el trobarem un cop acabades les dificultats.\u00a0 Aqu\u00ed teniu l&#8217;<a href=\"https:\/\/ca.wikiloc.com\/rutes-alpinisme\/rutes-lo-corral-darnes-ruta-37-aresta-de-la-mola-datans-193962480\" target=\"_blank\" rel=\"noopener\">enlla\u00e7 al Wikiloc per descarregar el track<\/a>.<\/p>\n<p>Un cop a les Crevetes de Llo\u00e0 de seguida recuperem el cam\u00ed cap al Pas de la Mala Dona i l&#8217;aparcament.<\/p>\n<p>ACC\u00c9S: Caldr\u00e0 seguir la pista que des de Orta ens duria cap a la Franqueta, i de seguida que sortim de la carretera (abans de la benzinera) agafar en trencall a l&#8217;esquerra. Es tracta del concorregut aparcament del Barranc del Canaletes<\/p>\n<p>B\u00e9, que disfruteu de la muntanya, que disfruteu de l&#8217;escalada i sobretot, que disfruteu de la vida.<\/p>\n<p>Salut<\/p>\n<p><img loading=\"lazy\" decoding=\"async\" class=\"wp-image-14356 size-large\" src=\"https:\/\/locorraldarnes.com\/wp-content\/uploads\/2024\/12\/Mapa-track-Aresta-dAtans-1024x444.jpg\" alt=\"Mapa Aresta Mola d'Atans\" width=\"1024\" height=\"444\" srcset=\"https:\/\/locorraldarnes.com\/wp-content\/uploads\/2024\/12\/Mapa-track-Aresta-dAtans-980x425.jpg 980w, https:\/\/locorraldarnes.com\/wp-content\/uploads\/2024\/12\/Mapa-track-Aresta-dAtans-480x208.jpg 480w\" sizes=\"(min-width: 0px) and (max-width: 480px) 480px, (min-width: 481px) and (max-width: 980px) 980px, (min-width: 981px) 1024px, 100vw\" \/> Mapa Aresta Mola d&#8217;Atans<\/p>\n<p>&nbsp;<\/p>\n<p>&nbsp;<\/p>\n<p>&nbsp;<\/p>\n<div class=\"entry-content-asset videofit\">\u00a0<\/div>\n<p>&nbsp;<\/p>\n<\/div>\n<div class=\"col-md-4\">\n<p>&nbsp;<\/p>\n<p>&nbsp;<\/p>\n<p>&nbsp;<\/p>\n<p>&nbsp;<\/p>\n<p>&nbsp;<\/p>\n<p>&nbsp;<\/p>\n<\/div>\n<\/div>\n<p>&nbsp;<\/p>\n<p>&nbsp;<\/p>\n<p>&nbsp;<\/p>\n<div style=\"color: #777; font-size: 11px; line-height: 16px;\">\u00a0<\/div>\n<p>&nbsp;<\/p>\n<p>[\/et_pb_text][\/et_pb_column][et_pb_column type=&#8221;2_5&#8243; _builder_version=&#8221;4.16&#8243; custom_padding=&#8221;|||&#8221; global_colors_info=&#8221;{}&#8221; custom_padding__hover=&#8221;|||&#8221;][et_pb_gallery gallery_ids=&#8221;14360,14364,14368,14372,14376&#8243; posts_number=&#8221;30&#8243; show_title_and_caption=&#8221;off&#8221; show_pagination=&#8221;off&#8221; _builder_version=&#8221;4.27.4&#8243; _module_preset=&#8221;default&#8221; global_colors_info=&#8221;{}&#8221;][\/et_pb_gallery][\/et_pb_column][\/et_pb_row][\/et_pb_section]<\/p>\n<span class=\"et_bloom_bottom_trigger\"><\/span>","protected":false},"excerpt":{"rendered":"<p>ARESTA ORIENTAL DE LA MOLA D&#8217;ATANS UNA ESPECTACULAR EXCURSI\u00d3\/ESCALADA EN UN FERESTEC RAC\u00d3 DELS PORTS La Mola d&#8217;Atans i el Barranc de Cubars no son dels llocs m\u00e9s concorreguts dels Ports, com a molt trobarem algun excursionista en cap de setmana, tot i aix\u00ed es tracta d&#8217;uns paratges d&#8217;all\u00f2 m\u00e9s espectaculars. L&#8217;aresta no \u00e9s una [&hellip;]<\/p>\n","protected":false},"author":7344,"featured_media":14385,"comment_status":"open","ping_status":"open","sticky":false,"template":"","format":"standard","meta":{"_et_pb_use_builder":"on","_et_pb_old_content":"","_et_gb_content_width":"","footnotes":""},"categories":[413,28,108,4,429],"tags":[220,192,295],"class_list":["post-14351","post","type-post","status-publish","format-standard","has-post-thumbnail","hentry","category-allotjament-rural","category-els-ports","category-escalada","category-excursions","category-ressenyes","tag-els-ports","tag-escalada","tag-parc-natural-dels-ports"],"yoast_head":"<!-- This site is optimized with the Yoast SEO plugin v27.5 - https:\/\/yoast.com\/product\/yoast-seo-wordpress\/ -->\n<title>ARESTA DE LA MOLA D&#039;ATANS - lo corral d&#039;arnes<\/title>\n<meta name=\"description\" content=\"Estupenda excursi\u00f3 amb escalada en un paratge d&#039;all\u00f2 m\u00e9s fer\u00e9stec. Tranquil\u00b7litat garantida en tot el recorregut.\" \/>\n<meta name=\"robots\" content=\"index, follow, max-snippet:-1, max-image-preview:large, max-video-preview:-1\" \/>\n<link rel=\"canonical\" href=\"https:\/\/locorraldarnes.com\/aresta-de-la-mola-atans\/\" \/>\n<meta property=\"og:locale\" content=\"en_US\" \/>\n<meta property=\"og:type\" content=\"article\" \/>\n<meta property=\"og:title\" content=\"ARESTA DE LA MOLA D&#039;ATANS - lo corral d&#039;arnes\" \/>\n<meta property=\"og:description\" content=\"Estupenda excursi\u00f3 amb escalada en un paratge d&#039;all\u00f2 m\u00e9s fer\u00e9stec. Tranquil\u00b7litat garantida en tot el recorregut.\" \/>\n<meta property=\"og:url\" content=\"https:\/\/locorraldarnes.com\/aresta-de-la-mola-atans\/\" \/>\n<meta property=\"og:site_name\" content=\"lo corral d&#039;arnes\" \/>\n<meta property=\"article:publisher\" content=\"https:\/\/www.facebook.com\/locorraldarnes\" \/>\n<meta property=\"article:published_time\" content=\"2024-12-06T16:16:28+00:00\" \/>\n<meta property=\"article:modified_time\" content=\"2024-12-06T16:16:36+00:00\" \/>\n<meta property=\"og:image\" content=\"https:\/\/locorraldarnes.com\/wp-content\/uploads\/2024\/12\/Aresta-Mola-dAtans-31.jpg\" \/>\n\t<meta property=\"og:image:width\" content=\"1920\" \/>\n\t<meta property=\"og:image:height\" content=\"1280\" \/>\n\t<meta property=\"og:image:type\" content=\"image\/jpeg\" \/>\n<meta name=\"author\" content=\"Lo corral d&#039;arnes\" \/>\n<meta name=\"twitter:card\" content=\"summary_large_image\" \/>\n<meta name=\"twitter:label1\" content=\"Written by\" \/>\n\t<meta name=\"twitter:data1\" content=\"Lo corral d&#039;arnes\" \/>\n\t<meta name=\"twitter:label2\" content=\"Est. reading time\" \/>\n\t<meta name=\"twitter:data2\" content=\"3 minutes\" \/>\n<script type=\"application\/ld+json\" class=\"yoast-schema-graph\">{\"@context\":\"https:\\\/\\\/schema.org\",\"@graph\":[{\"@type\":\"Article\",\"@id\":\"https:\\\/\\\/locorraldarnes.com\\\/aresta-de-la-mola-atans\\\/#article\",\"isPartOf\":{\"@id\":\"https:\\\/\\\/locorraldarnes.com\\\/aresta-de-la-mola-atans\\\/\"},\"author\":{\"name\":\"Lo corral d'arnes\",\"@id\":\"https:\\\/\\\/locorraldarnes.com\\\/#\\\/schema\\\/person\\\/014cb61eff277c4d2c65f4e64512915f\"},\"headline\":\"ARESTA DE LA MOLA D&#8217;ATANS\",\"datePublished\":\"2024-12-06T16:16:28+00:00\",\"dateModified\":\"2024-12-06T16:16:36+00:00\",\"mainEntityOfPage\":{\"@id\":\"https:\\\/\\\/locorraldarnes.com\\\/aresta-de-la-mola-atans\\\/\"},\"wordCount\":459,\"commentCount\":0,\"publisher\":{\"@id\":\"https:\\\/\\\/locorraldarnes.com\\\/#organization\"},\"image\":{\"@id\":\"https:\\\/\\\/locorraldarnes.com\\\/aresta-de-la-mola-atans\\\/#primaryimage\"},\"thumbnailUrl\":\"https:\\\/\\\/locorraldarnes.com\\\/wp-content\\\/uploads\\\/2024\\\/12\\\/Aresta-Mola-dAtans-31.jpg\",\"keywords\":[\"Els Ports\",\"escalada\",\"Parc Natural dels Ports\"],\"articleSection\":[\"allotjament rural\",\"Els Ports\",\"Escalada\",\"excursions\",\"Ressenyes\"],\"inLanguage\":\"en-US\",\"potentialAction\":[{\"@type\":\"CommentAction\",\"name\":\"Comment\",\"target\":[\"https:\\\/\\\/locorraldarnes.com\\\/aresta-de-la-mola-atans\\\/#respond\"]}]},{\"@type\":\"WebPage\",\"@id\":\"https:\\\/\\\/locorraldarnes.com\\\/aresta-de-la-mola-atans\\\/\",\"url\":\"https:\\\/\\\/locorraldarnes.com\\\/aresta-de-la-mola-atans\\\/\",\"name\":\"ARESTA DE LA MOLA D'ATANS - lo corral d&#039;arnes\",\"isPartOf\":{\"@id\":\"https:\\\/\\\/locorraldarnes.com\\\/#website\"},\"primaryImageOfPage\":{\"@id\":\"https:\\\/\\\/locorraldarnes.com\\\/aresta-de-la-mola-atans\\\/#primaryimage\"},\"image\":{\"@id\":\"https:\\\/\\\/locorraldarnes.com\\\/aresta-de-la-mola-atans\\\/#primaryimage\"},\"thumbnailUrl\":\"https:\\\/\\\/locorraldarnes.com\\\/wp-content\\\/uploads\\\/2024\\\/12\\\/Aresta-Mola-dAtans-31.jpg\",\"datePublished\":\"2024-12-06T16:16:28+00:00\",\"dateModified\":\"2024-12-06T16:16:36+00:00\",\"description\":\"Estupenda excursi\u00f3 amb escalada en un paratge d'all\u00f2 m\u00e9s fer\u00e9stec. Tranquil\u00b7litat garantida en tot el recorregut.\",\"breadcrumb\":{\"@id\":\"https:\\\/\\\/locorraldarnes.com\\\/aresta-de-la-mola-atans\\\/#breadcrumb\"},\"inLanguage\":\"en-US\",\"potentialAction\":[{\"@type\":\"ReadAction\",\"target\":[\"https:\\\/\\\/locorraldarnes.com\\\/aresta-de-la-mola-atans\\\/\"]}]},{\"@type\":\"ImageObject\",\"inLanguage\":\"en-US\",\"@id\":\"https:\\\/\\\/locorraldarnes.com\\\/aresta-de-la-mola-atans\\\/#primaryimage\",\"url\":\"https:\\\/\\\/locorraldarnes.com\\\/wp-content\\\/uploads\\\/2024\\\/12\\\/Aresta-Mola-dAtans-31.jpg\",\"contentUrl\":\"https:\\\/\\\/locorraldarnes.com\\\/wp-content\\\/uploads\\\/2024\\\/12\\\/Aresta-Mola-dAtans-31.jpg\",\"width\":1920,\"height\":1280},{\"@type\":\"BreadcrumbList\",\"@id\":\"https:\\\/\\\/locorraldarnes.com\\\/aresta-de-la-mola-atans\\\/#breadcrumb\",\"itemListElement\":[{\"@type\":\"ListItem\",\"position\":1,\"name\":\"Inici\",\"item\":\"https:\\\/\\\/locorraldarnes.com\\\/\"},{\"@type\":\"ListItem\",\"position\":2,\"name\":\"ARESTA DE LA MOLA D&#8217;ATANS\"}]},{\"@type\":\"WebSite\",\"@id\":\"https:\\\/\\\/locorraldarnes.com\\\/#website\",\"url\":\"https:\\\/\\\/locorraldarnes.com\\\/\",\"name\":\"lo corral d'arnes\",\"description\":\"Allotjament rural a Arnes. Estels del Sud. Els Ports\",\"publisher\":{\"@id\":\"https:\\\/\\\/locorraldarnes.com\\\/#organization\"},\"potentialAction\":[{\"@type\":\"SearchAction\",\"target\":{\"@type\":\"EntryPoint\",\"urlTemplate\":\"https:\\\/\\\/locorraldarnes.com\\\/?s={search_term_string}\"},\"query-input\":{\"@type\":\"PropertyValueSpecification\",\"valueRequired\":true,\"valueName\":\"search_term_string\"}}],\"inLanguage\":\"en-US\"},{\"@type\":\"Organization\",\"@id\":\"https:\\\/\\\/locorraldarnes.com\\\/#organization\",\"name\":\"Lo corral d'arnes\",\"url\":\"https:\\\/\\\/locorraldarnes.com\\\/\",\"logo\":{\"@type\":\"ImageObject\",\"inLanguage\":\"en-US\",\"@id\":\"https:\\\/\\\/locorraldarnes.com\\\/#\\\/schema\\\/logo\\\/image\\\/\",\"url\":\"https:\\\/\\\/locorraldarnes.com\\\/wp-content\\\/uploads\\\/logo-lo-corral-mini.gif\",\"contentUrl\":\"https:\\\/\\\/locorraldarnes.com\\\/wp-content\\\/uploads\\\/logo-lo-corral-mini.gif\",\"width\":283,\"height\":116,\"caption\":\"Lo corral d'arnes\"},\"image\":{\"@id\":\"https:\\\/\\\/locorraldarnes.com\\\/#\\\/schema\\\/logo\\\/image\\\/\"},\"sameAs\":[\"https:\\\/\\\/www.facebook.com\\\/locorraldarnes\",\"https:\\\/\\\/www.instagram.com\\\/locorraldarnes8087\\\/\"]},{\"@type\":\"Person\",\"@id\":\"https:\\\/\\\/locorraldarnes.com\\\/#\\\/schema\\\/person\\\/014cb61eff277c4d2c65f4e64512915f\",\"name\":\"Lo corral d'arnes\",\"image\":{\"@type\":\"ImageObject\",\"inLanguage\":\"en-US\",\"@id\":\"https:\\\/\\\/secure.gravatar.com\\\/avatar\\\/0ec546518cdc38222ea845d597c90f30ed6748bc9239933ec7c1bfbc090e17f2?s=96&d=mm&r=g\",\"url\":\"https:\\\/\\\/secure.gravatar.com\\\/avatar\\\/0ec546518cdc38222ea845d597c90f30ed6748bc9239933ec7c1bfbc090e17f2?s=96&d=mm&r=g\",\"contentUrl\":\"https:\\\/\\\/secure.gravatar.com\\\/avatar\\\/0ec546518cdc38222ea845d597c90f30ed6748bc9239933ec7c1bfbc090e17f2?s=96&d=mm&r=g\",\"caption\":\"Lo corral d'arnes\"},\"sameAs\":[\"http:\\\/\\\/locorraldarnes.com\"]}]}<\/script>\n<!-- \/ Yoast SEO plugin. -->","yoast_head_json":{"title":"ARESTA DE LA MOLA D'ATANS - lo corral d&#039;arnes","description":"Estupenda excursi\u00f3 amb escalada en un paratge d'all\u00f2 m\u00e9s fer\u00e9stec. Tranquil\u00b7litat garantida en tot el recorregut.","robots":{"index":"index","follow":"follow","max-snippet":"max-snippet:-1","max-image-preview":"max-image-preview:large","max-video-preview":"max-video-preview:-1"},"canonical":"https:\/\/locorraldarnes.com\/aresta-de-la-mola-atans\/","og_locale":"en_US","og_type":"article","og_title":"ARESTA DE LA MOLA D'ATANS - lo corral d&#039;arnes","og_description":"Estupenda excursi\u00f3 amb escalada en un paratge d'all\u00f2 m\u00e9s fer\u00e9stec. Tranquil\u00b7litat garantida en tot el recorregut.","og_url":"https:\/\/locorraldarnes.com\/aresta-de-la-mola-atans\/","og_site_name":"lo corral d&#039;arnes","article_publisher":"https:\/\/www.facebook.com\/locorraldarnes","article_published_time":"2024-12-06T16:16:28+00:00","article_modified_time":"2024-12-06T16:16:36+00:00","og_image":[{"width":1920,"height":1280,"url":"https:\/\/locorraldarnes.com\/wp-content\/uploads\/2024\/12\/Aresta-Mola-dAtans-31.jpg","type":"image\/jpeg"}],"author":"Lo corral d'arnes","twitter_card":"summary_large_image","twitter_misc":{"Written by":"Lo corral d'arnes","Est. reading time":"3 minutes"},"schema":{"@context":"https:\/\/schema.org","@graph":[{"@type":"Article","@id":"https:\/\/locorraldarnes.com\/aresta-de-la-mola-atans\/#article","isPartOf":{"@id":"https:\/\/locorraldarnes.com\/aresta-de-la-mola-atans\/"},"author":{"name":"Lo corral d'arnes","@id":"https:\/\/locorraldarnes.com\/#\/schema\/person\/014cb61eff277c4d2c65f4e64512915f"},"headline":"ARESTA DE LA MOLA D&#8217;ATANS","datePublished":"2024-12-06T16:16:28+00:00","dateModified":"2024-12-06T16:16:36+00:00","mainEntityOfPage":{"@id":"https:\/\/locorraldarnes.com\/aresta-de-la-mola-atans\/"},"wordCount":459,"commentCount":0,"publisher":{"@id":"https:\/\/locorraldarnes.com\/#organization"},"image":{"@id":"https:\/\/locorraldarnes.com\/aresta-de-la-mola-atans\/#primaryimage"},"thumbnailUrl":"https:\/\/locorraldarnes.com\/wp-content\/uploads\/2024\/12\/Aresta-Mola-dAtans-31.jpg","keywords":["Els Ports","escalada","Parc Natural dels Ports"],"articleSection":["allotjament rural","Els Ports","Escalada","excursions","Ressenyes"],"inLanguage":"en-US","potentialAction":[{"@type":"CommentAction","name":"Comment","target":["https:\/\/locorraldarnes.com\/aresta-de-la-mola-atans\/#respond"]}]},{"@type":"WebPage","@id":"https:\/\/locorraldarnes.com\/aresta-de-la-mola-atans\/","url":"https:\/\/locorraldarnes.com\/aresta-de-la-mola-atans\/","name":"ARESTA DE LA MOLA D'ATANS - lo corral d&#039;arnes","isPartOf":{"@id":"https:\/\/locorraldarnes.com\/#website"},"primaryImageOfPage":{"@id":"https:\/\/locorraldarnes.com\/aresta-de-la-mola-atans\/#primaryimage"},"image":{"@id":"https:\/\/locorraldarnes.com\/aresta-de-la-mola-atans\/#primaryimage"},"thumbnailUrl":"https:\/\/locorraldarnes.com\/wp-content\/uploads\/2024\/12\/Aresta-Mola-dAtans-31.jpg","datePublished":"2024-12-06T16:16:28+00:00","dateModified":"2024-12-06T16:16:36+00:00","description":"Estupenda excursi\u00f3 amb escalada en un paratge d'all\u00f2 m\u00e9s fer\u00e9stec. Tranquil\u00b7litat garantida en tot el recorregut.","breadcrumb":{"@id":"https:\/\/locorraldarnes.com\/aresta-de-la-mola-atans\/#breadcrumb"},"inLanguage":"en-US","potentialAction":[{"@type":"ReadAction","target":["https:\/\/locorraldarnes.com\/aresta-de-la-mola-atans\/"]}]},{"@type":"ImageObject","inLanguage":"en-US","@id":"https:\/\/locorraldarnes.com\/aresta-de-la-mola-atans\/#primaryimage","url":"https:\/\/locorraldarnes.com\/wp-content\/uploads\/2024\/12\/Aresta-Mola-dAtans-31.jpg","contentUrl":"https:\/\/locorraldarnes.com\/wp-content\/uploads\/2024\/12\/Aresta-Mola-dAtans-31.jpg","width":1920,"height":1280},{"@type":"BreadcrumbList","@id":"https:\/\/locorraldarnes.com\/aresta-de-la-mola-atans\/#breadcrumb","itemListElement":[{"@type":"ListItem","position":1,"name":"Inici","item":"https:\/\/locorraldarnes.com\/"},{"@type":"ListItem","position":2,"name":"ARESTA DE LA MOLA D&#8217;ATANS"}]},{"@type":"WebSite","@id":"https:\/\/locorraldarnes.com\/#website","url":"https:\/\/locorraldarnes.com\/","name":"lo corral d'arnes","description":"Allotjament rural a Arnes. Estels del Sud. Els Ports","publisher":{"@id":"https:\/\/locorraldarnes.com\/#organization"},"potentialAction":[{"@type":"SearchAction","target":{"@type":"EntryPoint","urlTemplate":"https:\/\/locorraldarnes.com\/?s={search_term_string}"},"query-input":{"@type":"PropertyValueSpecification","valueRequired":true,"valueName":"search_term_string"}}],"inLanguage":"en-US"},{"@type":"Organization","@id":"https:\/\/locorraldarnes.com\/#organization","name":"Lo corral d'arnes","url":"https:\/\/locorraldarnes.com\/","logo":{"@type":"ImageObject","inLanguage":"en-US","@id":"https:\/\/locorraldarnes.com\/#\/schema\/logo\/image\/","url":"https:\/\/locorraldarnes.com\/wp-content\/uploads\/logo-lo-corral-mini.gif","contentUrl":"https:\/\/locorraldarnes.com\/wp-content\/uploads\/logo-lo-corral-mini.gif","width":283,"height":116,"caption":"Lo corral d'arnes"},"image":{"@id":"https:\/\/locorraldarnes.com\/#\/schema\/logo\/image\/"},"sameAs":["https:\/\/www.facebook.com\/locorraldarnes","https:\/\/www.instagram.com\/locorraldarnes8087\/"]},{"@type":"Person","@id":"https:\/\/locorraldarnes.com\/#\/schema\/person\/014cb61eff277c4d2c65f4e64512915f","name":"Lo corral d'arnes","image":{"@type":"ImageObject","inLanguage":"en-US","@id":"https:\/\/secure.gravatar.com\/avatar\/0ec546518cdc38222ea845d597c90f30ed6748bc9239933ec7c1bfbc090e17f2?s=96&d=mm&r=g","url":"https:\/\/secure.gravatar.com\/avatar\/0ec546518cdc38222ea845d597c90f30ed6748bc9239933ec7c1bfbc090e17f2?s=96&d=mm&r=g","contentUrl":"https:\/\/secure.gravatar.com\/avatar\/0ec546518cdc38222ea845d597c90f30ed6748bc9239933ec7c1bfbc090e17f2?s=96&d=mm&r=g","caption":"Lo corral d'arnes"},"sameAs":["http:\/\/locorraldarnes.com"]}]}},"_links":{"self":[{"href":"https:\/\/locorraldarnes.com\/en\/wp-json\/wp\/v2\/posts\/14351","targetHints":{"allow":["GET"]}}],"collection":[{"href":"https:\/\/locorraldarnes.com\/en\/wp-json\/wp\/v2\/posts"}],"about":[{"href":"https:\/\/locorraldarnes.com\/en\/wp-json\/wp\/v2\/types\/post"}],"author":[{"embeddable":true,"href":"https:\/\/locorraldarnes.com\/en\/wp-json\/wp\/v2\/users\/7344"}],"replies":[{"embeddable":true,"href":"https:\/\/locorraldarnes.com\/en\/wp-json\/wp\/v2\/comments?post=14351"}],"version-history":[{"count":0,"href":"https:\/\/locorraldarnes.com\/en\/wp-json\/wp\/v2\/posts\/14351\/revisions"}],"wp:featuredmedia":[{"embeddable":true,"href":"https:\/\/locorraldarnes.com\/en\/wp-json\/wp\/v2\/media\/14385"}],"wp:attachment":[{"href":"https:\/\/locorraldarnes.com\/en\/wp-json\/wp\/v2\/media?parent=14351"}],"wp:term":[{"taxonomy":"category","embeddable":true,"href":"https:\/\/locorraldarnes.com\/en\/wp-json\/wp\/v2\/categories?post=14351"},{"taxonomy":"post_tag","embeddable":true,"href":"https:\/\/locorraldarnes.com\/en\/wp-json\/wp\/v2\/tags?post=14351"}],"curies":[{"name":"wp","href":"https:\/\/api.w.org\/{rel}","templated":true}]}}