{"id":14285,"date":"2024-06-26T18:45:39","date_gmt":"2024-06-26T16:45:39","guid":{"rendered":"https:\/\/locorraldarnes.com\/?p=14285"},"modified":"2024-06-26T18:45:44","modified_gmt":"2024-06-26T16:45:44","slug":"escalades-facils-a-la-serra-de-cardo-les-roques-tombades","status":"publish","type":"post","link":"https:\/\/locorraldarnes.com\/en\/escalades-facils-a-la-serra-de-cardo-les-roques-tombades\/","title":{"rendered":"ESCALADES F\u00c0CILS A LA SERRA DE CARD\u00d3, LES ROQUES TOMBADES"},"content":{"rendered":"<p>[et_pb_section fb_built=&#8221;1&#8243; admin_label=&#8221;section&#8221; _builder_version=&#8221;4.16&#8243; global_colors_info=&#8221;{}&#8221;][et_pb_row column_structure=&#8221;3_5,2_5&#8243; admin_label=&#8221;row&#8221; _builder_version=&#8221;4.16&#8243; background_size=&#8221;initial&#8221; background_position=&#8221;top_left&#8221; background_repeat=&#8221;repeat&#8221; global_colors_info=&#8221;{}&#8221;][et_pb_column type=&#8221;3_5&#8243; _builder_version=&#8221;4.16&#8243; custom_padding=&#8221;|||&#8221; global_colors_info=&#8221;{}&#8221; custom_padding__hover=&#8221;|||&#8221;][et_pb_text admin_label=&#8221;Text&#8221; _builder_version=&#8221;4.25.2&#8243; background_size=&#8221;initial&#8221; background_position=&#8221;top_left&#8221; background_repeat=&#8221;repeat&#8221; custom_margin=&#8221;||-283px|||&#8221; global_colors_info=&#8221;{}&#8221;]<\/p>\n<h2>ESCALADES F\u00c0CILS A LA SERRA DE CARD\u00d3, ROQUES TOMBADES<\/h2>\n<h3>UN BONIC RAC\u00d3 AMB TRANQUILITAT ASSEGURADA<\/h3>\n<div class=\"row\">\n<div class=\"col-md-8\">\n<p>Les Roques Tombades son unes parets for\u00e7a arrampades i amb molta vegetaci\u00f3 on els companys Alarc\u00f3n, Rovira i Prat han tingut la visi\u00f3 i l&#8217;encert d&#8217;obrir, netejar i pr\u00e0cticament deixar equipats un bon grapat d&#8217;itineraris que es mouen en una dificultat de III i IV. Moltes gr\u00e0cies per la feina feta xics.<\/p>\n<p>L&#8217;equipament majorit\u00e0riament ser\u00e0 en ponts de roca i algun pit\u00f3. Si duem discret un joc d&#8217;empotradors, friends, i bagues sabineres, podrem complementar al gust. Les reunions son de parabolts i rapelables. Degut a la vegetaci\u00f3 de la paret, possiblement sigui bona idea fer rapels curts, de 30 mts. que son aprox. la llargada de les tirades.<\/p>\n<p>L&#8217;aproximaci\u00f3 \u00e9s m\u00ednima, uns 5 minuts, i les vistes sobre el Balneari de Card\u00f3 son espectaculars. Tranquil.litat assegurada, segurament la baixa dificultat de les vies pot desanimar a una bona part del col.lectiu grimpaire, a no ser que siguin molt <strong>aprenents<\/strong>, o <strong>fugitius d&#8217;una Residencia de la 3\u00aa edat<\/strong>, com en el nostre cas.<\/p>\n<p>Par natros ha estat una agradable descoberta on poder gaudir d&#8217;un dia d&#8217;escalada relaxada i sense gent. Suposo que a l&#8217;estiu hi deu fer for\u00e7a calor, per\u00f2 les vegades que hi hem anat a l&#8217;hivern, si no fa gaire vent, s&#8217;est\u00e0 la mar de b\u00e9. Si bufa el Mestral, el vent s&#8217;arremolina en aquell rac\u00f3 i fa for\u00e7a desagradable l&#8217;escalada.<\/p>\n<p>ACC\u00c9S: Entrar al poble de Rasquera i creuar-lo sencer en direcci\u00f3 al Balneari de Card\u00f3, farem 8 km. de carretera i poc despr\u00e9s de creuar el tunel ja veurem les parets just a sobre a la nostra esquerra. Passades les parets en un revolt hi ha un petit espai per aparcar.\u00a0 Ja a peu, retrocedirem uns 200 mts. per la carretera fins a sota les parets i pujarem a buscar la nostra via.<\/p>\n<p>B\u00e9, que disfruteu de la muntanya, que disfruteu de l&#8217;escalada i sobretot, que disfruteu de la vida.<\/p>\n<p>Salut<\/p>\n<p><img loading=\"lazy\" decoding=\"async\" src=\"https:\/\/locorraldarnes.com\/wp-content\/uploads\/2024\/06\/Mapa-Sectors-Escalada-Serra-Cardo-1.jpg\" width=\"1171\" height=\"574\" alt=\"Mapa Sectors escalada Serra de Card\u00f3\" class=\"wp-image-14312 size-full\" srcset=\"https:\/\/locorraldarnes.com\/wp-content\/uploads\/2024\/06\/Mapa-Sectors-Escalada-Serra-Cardo-1.jpg 1171w, https:\/\/locorraldarnes.com\/wp-content\/uploads\/2024\/06\/Mapa-Sectors-Escalada-Serra-Cardo-1-980x480.jpg 980w, https:\/\/locorraldarnes.com\/wp-content\/uploads\/2024\/06\/Mapa-Sectors-Escalada-Serra-Cardo-1-480x235.jpg 480w\" sizes=\"(min-width: 0px) and (max-width: 480px) 480px, (min-width: 481px) and (max-width: 980px) 980px, (min-width: 981px) 1171px, 100vw\" \/> Mapa Sectors escalada Serra de Card\u00f3<\/p>\n<p>&nbsp;<\/p>\n<p>&nbsp;<\/p>\n<div class=\"entry-content-asset videofit\"><\/div>\n<p>&nbsp;<\/p>\n<\/div>\n<div class=\"col-md-4\">\n<p>&nbsp;<\/p>\n<p>&nbsp;<\/p>\n<p>&nbsp;<\/p>\n<p>&nbsp;<\/p>\n<p>&nbsp;<\/p>\n<p>&nbsp;<\/p>\n<\/div>\n<\/div>\n<p>&nbsp;<\/p>\n<p>&nbsp;<\/p>\n<p>&nbsp;<\/p>\n<div style=\"color: #777; font-size: 11px; line-height: 16px;\"><\/div>\n<p>&nbsp;<\/p>\n<p>[\/et_pb_text][\/et_pb_column][et_pb_column type=&#8221;2_5&#8243; _builder_version=&#8221;4.16&#8243; custom_padding=&#8221;|||&#8221; global_colors_info=&#8221;{}&#8221; custom_padding__hover=&#8221;|||&#8221;][et_pb_gallery gallery_ids=&#8221;14292,14296,14304,14308,14316&#8243; posts_number=&#8221;30&#8243; show_title_and_caption=&#8221;off&#8221; show_pagination=&#8221;off&#8221; _builder_version=&#8221;4.25.2&#8243; _module_preset=&#8221;default&#8221; global_colors_info=&#8221;{}&#8221;][\/et_pb_gallery][\/et_pb_column][\/et_pb_row][\/et_pb_section]<\/p>\n<span class=\"et_bloom_bottom_trigger\"><\/span>","protected":false},"excerpt":{"rendered":"<p>Un bon lloc amb un bon recull d&#8217;escalades senzilles i agradables. Vistes magn\u00edfiques sobre el Balneari de Card\u00f3<\/p>\n","protected":false},"author":7344,"featured_media":14325,"comment_status":"open","ping_status":"open","sticky":false,"template":"","format":"standard","meta":{"_et_pb_use_builder":"on","_et_pb_old_content":"","_et_gb_content_width":"","footnotes":""},"categories":[413,108,429],"tags":[192,540,504],"class_list":["post-14285","post","type-post","status-publish","format-standard","has-post-thumbnail","hentry","category-allotjament-rural","category-escalada","category-ressenyes","tag-escalada","tag-serra-de-cardo","tag-terres-de-lebre"],"yoast_head":"<!-- This site is optimized with the Yoast SEO plugin v27.5 - https:\/\/yoast.com\/product\/yoast-seo-wordpress\/ -->\n<title>ESCALADES F\u00c0CILS A LA SERRA DE CARD\u00d3, LES ROQUES TOMBADES - lo corral d&#039;arnes<\/title>\n<meta name=\"description\" content=\"Si voleu gaudir d&#039;un bon dia de f\u00e0cils escalades, en un entorn molt bonic i sense gent, no us podeu perdre visitar aquest rac\u00f3.\" \/>\n<meta name=\"robots\" content=\"index, follow, max-snippet:-1, max-image-preview:large, max-video-preview:-1\" \/>\n<link rel=\"canonical\" href=\"https:\/\/locorraldarnes.com\/escalades-facils-a-la-serra-de-cardo-les-roques-tombades\/\" \/>\n<meta property=\"og:locale\" content=\"en_US\" \/>\n<meta property=\"og:type\" content=\"article\" \/>\n<meta property=\"og:title\" content=\"ESCALADES F\u00c0CILS A LA SERRA DE CARD\u00d3, LES ROQUES TOMBADES - lo corral d&#039;arnes\" \/>\n<meta property=\"og:description\" content=\"Si voleu gaudir d&#039;un bon dia de f\u00e0cils escalades, en un entorn molt bonic i sense gent, no us podeu perdre visitar aquest rac\u00f3.\" \/>\n<meta property=\"og:url\" content=\"https:\/\/locorraldarnes.com\/escalades-facils-a-la-serra-de-cardo-les-roques-tombades\/\" \/>\n<meta property=\"og:site_name\" content=\"lo corral d&#039;arnes\" \/>\n<meta property=\"article:publisher\" content=\"https:\/\/www.facebook.com\/locorraldarnes\" \/>\n<meta property=\"article:published_time\" content=\"2024-06-26T16:45:39+00:00\" \/>\n<meta property=\"article:modified_time\" content=\"2024-06-26T16:45:44+00:00\" \/>\n<meta property=\"og:image\" content=\"https:\/\/locorraldarnes.com\/wp-content\/uploads\/2024\/06\/Serra-Cardo-Roques-Tombades-7.jpg\" \/>\n\t<meta property=\"og:image:width\" content=\"1600\" \/>\n\t<meta property=\"og:image:height\" content=\"1200\" \/>\n\t<meta property=\"og:image:type\" content=\"image\/jpeg\" \/>\n<meta name=\"author\" content=\"Lo corral d&#039;arnes\" \/>\n<meta name=\"twitter:card\" content=\"summary_large_image\" \/>\n<meta name=\"twitter:label1\" content=\"Written by\" \/>\n\t<meta name=\"twitter:data1\" content=\"Lo corral d&#039;arnes\" \/>\n\t<meta name=\"twitter:label2\" content=\"Est. reading time\" \/>\n\t<meta name=\"twitter:data2\" content=\"4 minutes\" \/>\n<script type=\"application\/ld+json\" class=\"yoast-schema-graph\">{\"@context\":\"https:\\\/\\\/schema.org\",\"@graph\":[{\"@type\":\"Article\",\"@id\":\"https:\\\/\\\/locorraldarnes.com\\\/escalades-facils-a-la-serra-de-cardo-les-roques-tombades\\\/#article\",\"isPartOf\":{\"@id\":\"https:\\\/\\\/locorraldarnes.com\\\/escalades-facils-a-la-serra-de-cardo-les-roques-tombades\\\/\"},\"author\":{\"name\":\"Lo corral d'arnes\",\"@id\":\"https:\\\/\\\/locorraldarnes.com\\\/#\\\/schema\\\/person\\\/014cb61eff277c4d2c65f4e64512915f\"},\"headline\":\"ESCALADES F\u00c0CILS A LA SERRA DE CARD\u00d3, LES ROQUES TOMBADES\",\"datePublished\":\"2024-06-26T16:45:39+00:00\",\"dateModified\":\"2024-06-26T16:45:44+00:00\",\"mainEntityOfPage\":{\"@id\":\"https:\\\/\\\/locorraldarnes.com\\\/escalades-facils-a-la-serra-de-cardo-les-roques-tombades\\\/\"},\"wordCount\":511,\"commentCount\":0,\"publisher\":{\"@id\":\"https:\\\/\\\/locorraldarnes.com\\\/#organization\"},\"image\":{\"@id\":\"https:\\\/\\\/locorraldarnes.com\\\/escalades-facils-a-la-serra-de-cardo-les-roques-tombades\\\/#primaryimage\"},\"thumbnailUrl\":\"https:\\\/\\\/locorraldarnes.com\\\/wp-content\\\/uploads\\\/2024\\\/06\\\/Serra-Cardo-Roques-Tombades-7.jpg\",\"keywords\":[\"escalada\",\"Serra de Card\u00f3\",\"Terres de l'Ebre\"],\"articleSection\":[\"allotjament rural\",\"Escalada\",\"Ressenyes\"],\"inLanguage\":\"en-US\",\"potentialAction\":[{\"@type\":\"CommentAction\",\"name\":\"Comment\",\"target\":[\"https:\\\/\\\/locorraldarnes.com\\\/escalades-facils-a-la-serra-de-cardo-les-roques-tombades\\\/#respond\"]}]},{\"@type\":\"WebPage\",\"@id\":\"https:\\\/\\\/locorraldarnes.com\\\/escalades-facils-a-la-serra-de-cardo-les-roques-tombades\\\/\",\"url\":\"https:\\\/\\\/locorraldarnes.com\\\/escalades-facils-a-la-serra-de-cardo-les-roques-tombades\\\/\",\"name\":\"ESCALADES F\u00c0CILS A LA SERRA DE CARD\u00d3, LES ROQUES TOMBADES - lo corral d&#039;arnes\",\"isPartOf\":{\"@id\":\"https:\\\/\\\/locorraldarnes.com\\\/#website\"},\"primaryImageOfPage\":{\"@id\":\"https:\\\/\\\/locorraldarnes.com\\\/escalades-facils-a-la-serra-de-cardo-les-roques-tombades\\\/#primaryimage\"},\"image\":{\"@id\":\"https:\\\/\\\/locorraldarnes.com\\\/escalades-facils-a-la-serra-de-cardo-les-roques-tombades\\\/#primaryimage\"},\"thumbnailUrl\":\"https:\\\/\\\/locorraldarnes.com\\\/wp-content\\\/uploads\\\/2024\\\/06\\\/Serra-Cardo-Roques-Tombades-7.jpg\",\"datePublished\":\"2024-06-26T16:45:39+00:00\",\"dateModified\":\"2024-06-26T16:45:44+00:00\",\"description\":\"Si voleu gaudir d'un bon dia de f\u00e0cils escalades, en un entorn molt bonic i sense gent, no us podeu perdre visitar aquest rac\u00f3.\",\"breadcrumb\":{\"@id\":\"https:\\\/\\\/locorraldarnes.com\\\/escalades-facils-a-la-serra-de-cardo-les-roques-tombades\\\/#breadcrumb\"},\"inLanguage\":\"en-US\",\"potentialAction\":[{\"@type\":\"ReadAction\",\"target\":[\"https:\\\/\\\/locorraldarnes.com\\\/escalades-facils-a-la-serra-de-cardo-les-roques-tombades\\\/\"]}]},{\"@type\":\"ImageObject\",\"inLanguage\":\"en-US\",\"@id\":\"https:\\\/\\\/locorraldarnes.com\\\/escalades-facils-a-la-serra-de-cardo-les-roques-tombades\\\/#primaryimage\",\"url\":\"https:\\\/\\\/locorraldarnes.com\\\/wp-content\\\/uploads\\\/2024\\\/06\\\/Serra-Cardo-Roques-Tombades-7.jpg\",\"contentUrl\":\"https:\\\/\\\/locorraldarnes.com\\\/wp-content\\\/uploads\\\/2024\\\/06\\\/Serra-Cardo-Roques-Tombades-7.jpg\",\"width\":1600,\"height\":1200,\"caption\":\"Serra Card\u00f3 - Roques Tombades\"},{\"@type\":\"BreadcrumbList\",\"@id\":\"https:\\\/\\\/locorraldarnes.com\\\/escalades-facils-a-la-serra-de-cardo-les-roques-tombades\\\/#breadcrumb\",\"itemListElement\":[{\"@type\":\"ListItem\",\"position\":1,\"name\":\"Inici\",\"item\":\"https:\\\/\\\/locorraldarnes.com\\\/\"},{\"@type\":\"ListItem\",\"position\":2,\"name\":\"ESCALADES F\u00c0CILS A LA SERRA DE CARD\u00d3, LES ROQUES TOMBADES\"}]},{\"@type\":\"WebSite\",\"@id\":\"https:\\\/\\\/locorraldarnes.com\\\/#website\",\"url\":\"https:\\\/\\\/locorraldarnes.com\\\/\",\"name\":\"lo corral d'arnes\",\"description\":\"Allotjament rural a Arnes. Estels del Sud. Els Ports\",\"publisher\":{\"@id\":\"https:\\\/\\\/locorraldarnes.com\\\/#organization\"},\"potentialAction\":[{\"@type\":\"SearchAction\",\"target\":{\"@type\":\"EntryPoint\",\"urlTemplate\":\"https:\\\/\\\/locorraldarnes.com\\\/?s={search_term_string}\"},\"query-input\":{\"@type\":\"PropertyValueSpecification\",\"valueRequired\":true,\"valueName\":\"search_term_string\"}}],\"inLanguage\":\"en-US\"},{\"@type\":\"Organization\",\"@id\":\"https:\\\/\\\/locorraldarnes.com\\\/#organization\",\"name\":\"Lo corral d'arnes\",\"url\":\"https:\\\/\\\/locorraldarnes.com\\\/\",\"logo\":{\"@type\":\"ImageObject\",\"inLanguage\":\"en-US\",\"@id\":\"https:\\\/\\\/locorraldarnes.com\\\/#\\\/schema\\\/logo\\\/image\\\/\",\"url\":\"https:\\\/\\\/locorraldarnes.com\\\/wp-content\\\/uploads\\\/logo-lo-corral-mini.gif\",\"contentUrl\":\"https:\\\/\\\/locorraldarnes.com\\\/wp-content\\\/uploads\\\/logo-lo-corral-mini.gif\",\"width\":283,\"height\":116,\"caption\":\"Lo corral d'arnes\"},\"image\":{\"@id\":\"https:\\\/\\\/locorraldarnes.com\\\/#\\\/schema\\\/logo\\\/image\\\/\"},\"sameAs\":[\"https:\\\/\\\/www.facebook.com\\\/locorraldarnes\",\"https:\\\/\\\/www.instagram.com\\\/locorraldarnes8087\\\/\"]},{\"@type\":\"Person\",\"@id\":\"https:\\\/\\\/locorraldarnes.com\\\/#\\\/schema\\\/person\\\/014cb61eff277c4d2c65f4e64512915f\",\"name\":\"Lo corral d'arnes\",\"image\":{\"@type\":\"ImageObject\",\"inLanguage\":\"en-US\",\"@id\":\"https:\\\/\\\/secure.gravatar.com\\\/avatar\\\/0ec546518cdc38222ea845d597c90f30ed6748bc9239933ec7c1bfbc090e17f2?s=96&d=mm&r=g\",\"url\":\"https:\\\/\\\/secure.gravatar.com\\\/avatar\\\/0ec546518cdc38222ea845d597c90f30ed6748bc9239933ec7c1bfbc090e17f2?s=96&d=mm&r=g\",\"contentUrl\":\"https:\\\/\\\/secure.gravatar.com\\\/avatar\\\/0ec546518cdc38222ea845d597c90f30ed6748bc9239933ec7c1bfbc090e17f2?s=96&d=mm&r=g\",\"caption\":\"Lo corral d'arnes\"},\"sameAs\":[\"http:\\\/\\\/locorraldarnes.com\"]}]}<\/script>\n<!-- \/ Yoast SEO plugin. -->","yoast_head_json":{"title":"ESCALADES F\u00c0CILS A LA SERRA DE CARD\u00d3, LES ROQUES TOMBADES - lo corral d&#039;arnes","description":"Si voleu gaudir d'un bon dia de f\u00e0cils escalades, en un entorn molt bonic i sense gent, no us podeu perdre visitar aquest rac\u00f3.","robots":{"index":"index","follow":"follow","max-snippet":"max-snippet:-1","max-image-preview":"max-image-preview:large","max-video-preview":"max-video-preview:-1"},"canonical":"https:\/\/locorraldarnes.com\/escalades-facils-a-la-serra-de-cardo-les-roques-tombades\/","og_locale":"en_US","og_type":"article","og_title":"ESCALADES F\u00c0CILS A LA SERRA DE CARD\u00d3, LES ROQUES TOMBADES - lo corral d&#039;arnes","og_description":"Si voleu gaudir d'un bon dia de f\u00e0cils escalades, en un entorn molt bonic i sense gent, no us podeu perdre visitar aquest rac\u00f3.","og_url":"https:\/\/locorraldarnes.com\/escalades-facils-a-la-serra-de-cardo-les-roques-tombades\/","og_site_name":"lo corral d&#039;arnes","article_publisher":"https:\/\/www.facebook.com\/locorraldarnes","article_published_time":"2024-06-26T16:45:39+00:00","article_modified_time":"2024-06-26T16:45:44+00:00","og_image":[{"width":1600,"height":1200,"url":"https:\/\/locorraldarnes.com\/wp-content\/uploads\/2024\/06\/Serra-Cardo-Roques-Tombades-7.jpg","type":"image\/jpeg"}],"author":"Lo corral d'arnes","twitter_card":"summary_large_image","twitter_misc":{"Written by":"Lo corral d'arnes","Est. reading time":"4 minutes"},"schema":{"@context":"https:\/\/schema.org","@graph":[{"@type":"Article","@id":"https:\/\/locorraldarnes.com\/escalades-facils-a-la-serra-de-cardo-les-roques-tombades\/#article","isPartOf":{"@id":"https:\/\/locorraldarnes.com\/escalades-facils-a-la-serra-de-cardo-les-roques-tombades\/"},"author":{"name":"Lo corral d'arnes","@id":"https:\/\/locorraldarnes.com\/#\/schema\/person\/014cb61eff277c4d2c65f4e64512915f"},"headline":"ESCALADES F\u00c0CILS A LA SERRA DE CARD\u00d3, LES ROQUES TOMBADES","datePublished":"2024-06-26T16:45:39+00:00","dateModified":"2024-06-26T16:45:44+00:00","mainEntityOfPage":{"@id":"https:\/\/locorraldarnes.com\/escalades-facils-a-la-serra-de-cardo-les-roques-tombades\/"},"wordCount":511,"commentCount":0,"publisher":{"@id":"https:\/\/locorraldarnes.com\/#organization"},"image":{"@id":"https:\/\/locorraldarnes.com\/escalades-facils-a-la-serra-de-cardo-les-roques-tombades\/#primaryimage"},"thumbnailUrl":"https:\/\/locorraldarnes.com\/wp-content\/uploads\/2024\/06\/Serra-Cardo-Roques-Tombades-7.jpg","keywords":["escalada","Serra de Card\u00f3","Terres de l'Ebre"],"articleSection":["allotjament rural","Escalada","Ressenyes"],"inLanguage":"en-US","potentialAction":[{"@type":"CommentAction","name":"Comment","target":["https:\/\/locorraldarnes.com\/escalades-facils-a-la-serra-de-cardo-les-roques-tombades\/#respond"]}]},{"@type":"WebPage","@id":"https:\/\/locorraldarnes.com\/escalades-facils-a-la-serra-de-cardo-les-roques-tombades\/","url":"https:\/\/locorraldarnes.com\/escalades-facils-a-la-serra-de-cardo-les-roques-tombades\/","name":"ESCALADES F\u00c0CILS A LA SERRA DE CARD\u00d3, LES ROQUES TOMBADES - lo corral d&#039;arnes","isPartOf":{"@id":"https:\/\/locorraldarnes.com\/#website"},"primaryImageOfPage":{"@id":"https:\/\/locorraldarnes.com\/escalades-facils-a-la-serra-de-cardo-les-roques-tombades\/#primaryimage"},"image":{"@id":"https:\/\/locorraldarnes.com\/escalades-facils-a-la-serra-de-cardo-les-roques-tombades\/#primaryimage"},"thumbnailUrl":"https:\/\/locorraldarnes.com\/wp-content\/uploads\/2024\/06\/Serra-Cardo-Roques-Tombades-7.jpg","datePublished":"2024-06-26T16:45:39+00:00","dateModified":"2024-06-26T16:45:44+00:00","description":"Si voleu gaudir d'un bon dia de f\u00e0cils escalades, en un entorn molt bonic i sense gent, no us podeu perdre visitar aquest rac\u00f3.","breadcrumb":{"@id":"https:\/\/locorraldarnes.com\/escalades-facils-a-la-serra-de-cardo-les-roques-tombades\/#breadcrumb"},"inLanguage":"en-US","potentialAction":[{"@type":"ReadAction","target":["https:\/\/locorraldarnes.com\/escalades-facils-a-la-serra-de-cardo-les-roques-tombades\/"]}]},{"@type":"ImageObject","inLanguage":"en-US","@id":"https:\/\/locorraldarnes.com\/escalades-facils-a-la-serra-de-cardo-les-roques-tombades\/#primaryimage","url":"https:\/\/locorraldarnes.com\/wp-content\/uploads\/2024\/06\/Serra-Cardo-Roques-Tombades-7.jpg","contentUrl":"https:\/\/locorraldarnes.com\/wp-content\/uploads\/2024\/06\/Serra-Cardo-Roques-Tombades-7.jpg","width":1600,"height":1200,"caption":"Serra Card\u00f3 - Roques Tombades"},{"@type":"BreadcrumbList","@id":"https:\/\/locorraldarnes.com\/escalades-facils-a-la-serra-de-cardo-les-roques-tombades\/#breadcrumb","itemListElement":[{"@type":"ListItem","position":1,"name":"Inici","item":"https:\/\/locorraldarnes.com\/"},{"@type":"ListItem","position":2,"name":"ESCALADES F\u00c0CILS A LA SERRA DE CARD\u00d3, LES ROQUES TOMBADES"}]},{"@type":"WebSite","@id":"https:\/\/locorraldarnes.com\/#website","url":"https:\/\/locorraldarnes.com\/","name":"lo corral d'arnes","description":"Allotjament rural a Arnes. Estels del Sud. Els Ports","publisher":{"@id":"https:\/\/locorraldarnes.com\/#organization"},"potentialAction":[{"@type":"SearchAction","target":{"@type":"EntryPoint","urlTemplate":"https:\/\/locorraldarnes.com\/?s={search_term_string}"},"query-input":{"@type":"PropertyValueSpecification","valueRequired":true,"valueName":"search_term_string"}}],"inLanguage":"en-US"},{"@type":"Organization","@id":"https:\/\/locorraldarnes.com\/#organization","name":"Lo corral d'arnes","url":"https:\/\/locorraldarnes.com\/","logo":{"@type":"ImageObject","inLanguage":"en-US","@id":"https:\/\/locorraldarnes.com\/#\/schema\/logo\/image\/","url":"https:\/\/locorraldarnes.com\/wp-content\/uploads\/logo-lo-corral-mini.gif","contentUrl":"https:\/\/locorraldarnes.com\/wp-content\/uploads\/logo-lo-corral-mini.gif","width":283,"height":116,"caption":"Lo corral d'arnes"},"image":{"@id":"https:\/\/locorraldarnes.com\/#\/schema\/logo\/image\/"},"sameAs":["https:\/\/www.facebook.com\/locorraldarnes","https:\/\/www.instagram.com\/locorraldarnes8087\/"]},{"@type":"Person","@id":"https:\/\/locorraldarnes.com\/#\/schema\/person\/014cb61eff277c4d2c65f4e64512915f","name":"Lo corral d'arnes","image":{"@type":"ImageObject","inLanguage":"en-US","@id":"https:\/\/secure.gravatar.com\/avatar\/0ec546518cdc38222ea845d597c90f30ed6748bc9239933ec7c1bfbc090e17f2?s=96&d=mm&r=g","url":"https:\/\/secure.gravatar.com\/avatar\/0ec546518cdc38222ea845d597c90f30ed6748bc9239933ec7c1bfbc090e17f2?s=96&d=mm&r=g","contentUrl":"https:\/\/secure.gravatar.com\/avatar\/0ec546518cdc38222ea845d597c90f30ed6748bc9239933ec7c1bfbc090e17f2?s=96&d=mm&r=g","caption":"Lo corral d'arnes"},"sameAs":["http:\/\/locorraldarnes.com"]}]}},"_links":{"self":[{"href":"https:\/\/locorraldarnes.com\/en\/wp-json\/wp\/v2\/posts\/14285","targetHints":{"allow":["GET"]}}],"collection":[{"href":"https:\/\/locorraldarnes.com\/en\/wp-json\/wp\/v2\/posts"}],"about":[{"href":"https:\/\/locorraldarnes.com\/en\/wp-json\/wp\/v2\/types\/post"}],"author":[{"embeddable":true,"href":"https:\/\/locorraldarnes.com\/en\/wp-json\/wp\/v2\/users\/7344"}],"replies":[{"embeddable":true,"href":"https:\/\/locorraldarnes.com\/en\/wp-json\/wp\/v2\/comments?post=14285"}],"version-history":[{"count":0,"href":"https:\/\/locorraldarnes.com\/en\/wp-json\/wp\/v2\/posts\/14285\/revisions"}],"wp:featuredmedia":[{"embeddable":true,"href":"https:\/\/locorraldarnes.com\/en\/wp-json\/wp\/v2\/media\/14325"}],"wp:attachment":[{"href":"https:\/\/locorraldarnes.com\/en\/wp-json\/wp\/v2\/media?parent=14285"}],"wp:term":[{"taxonomy":"category","embeddable":true,"href":"https:\/\/locorraldarnes.com\/en\/wp-json\/wp\/v2\/categories?post=14285"},{"taxonomy":"post_tag","embeddable":true,"href":"https:\/\/locorraldarnes.com\/en\/wp-json\/wp\/v2\/tags?post=14285"}],"curies":[{"name":"wp","href":"https:\/\/api.w.org\/{rel}","templated":true}]}}