{"id":14067,"date":"2024-01-27T13:35:57","date_gmt":"2024-01-27T12:35:57","guid":{"rendered":"https:\/\/locorraldarnes.com\/?p=14067"},"modified":"2024-01-27T13:58:13","modified_gmt":"2024-01-27T12:58:13","slug":"la-via-mas-facil-de-aguero","status":"publish","type":"post","link":"https:\/\/locorraldarnes.com\/en\/la-via-mas-facil-de-aguero\/","title":{"rendered":"LA V\u00cdA M\u00c1S F\u00c1CIL DE AG\u00dcERO"},"content":{"rendered":"<p>[et_pb_section fb_built=&#8221;1&#8243; admin_label=&#8221;section&#8221; _builder_version=&#8221;4.16&#8243; global_colors_info=&#8221;{}&#8221;][et_pb_row column_structure=&#8221;3_5,2_5&#8243; admin_label=&#8221;row&#8221; _builder_version=&#8221;4.16&#8243; background_size=&#8221;initial&#8221; background_position=&#8221;top_left&#8221; background_repeat=&#8221;repeat&#8221; global_colors_info=&#8221;{}&#8221;][et_pb_column type=&#8221;3_5&#8243; _builder_version=&#8221;4.16&#8243; custom_padding=&#8221;|||&#8221; global_colors_info=&#8221;{}&#8221; custom_padding__hover=&#8221;|||&#8221;][et_pb_text admin_label=&#8221;Text&#8221; _builder_version=&#8221;4.24.0&#8243; background_size=&#8221;initial&#8221; background_position=&#8221;top_left&#8221; background_repeat=&#8221;repeat&#8221; custom_margin=&#8221;||-283px|||&#8221; global_colors_info=&#8221;{}&#8221;]<\/p>\n<h2>EL REINO DE LOS MALLOS: LA VIA MAS F\u00c1CIL DE AG\u00dcERO.<\/h2>\n<h3>ESCALADA IDEAL PER A PENSIONISTES I ASSIMILATS.<\/h3>\n<div class=\"row\">\n<div class=\"col-md-8\">\n<p>Es tracta d&#8217;una via oberta per la colla de <strong>Sendero L\u00edmite<\/strong> amb un equipament gener\u00f2s, que es mant\u00e9 en un grau entre el III &#8211; IV, i que est\u00e0 equipada<strong> per que la gent que escala III i IV no pateixi<\/strong>. Evidentment a les persones que tenen un nivell m\u00e9s elevat els hi sobrar\u00e0 de tot, s&#8217;hauran equivocat de via, ho sento, per la zona trobaran multitud d&#8217;itineraris molt m\u00e9s potents.<\/p>\n<p>Personalment mai els hi podr\u00e9 agrair com es mereixen a la gent de <strong>Sendero L\u00edmite<\/strong> tota la feina que han fet amb les bones vies que han obert arreu. A la gent del meu Casal d&#8217;Avis ens ha allargat la vida &#8220;casi-activa&#8221; una bona temporada.<\/p>\n<p>La vall del riu G\u00e1llego al seu pas per la zona del Reino de los Mallos (Riglos, Rueba i Ag\u00fcero), ens ofereix unes formacions rocoses espectaculars, parad\u00eds per a tots els amants de la muntanya, ja siguin excursionistes o escaladors. En aquest lloc, tothom troba el seu lloc per a gaudir de les activitats que ens apassionen. Tot i que als escaladors amb les limitacions pr\u00f2pies de la tercera edat ens costa trobar objectius assequibles, de tant en tant apareixen alguns itineraris que ens permeten tornar a il\u00b7lusionar-nos com si torn\u00e9ssim a tenir 60 anys.<\/p>\n<p>La <strong>Via m\u00e1s f\u00e1cil de Ag\u00fcero<\/strong> \u00e9s una escalada sense m\u00e9s pretensions que la de passar una bona jornada d&#8217;escalada en un entorn meravell\u00f3s. Amb una aproximaci\u00f3 no gaire llarga, uns 30 minuts a pas de pensionista esgotat, i dues possibilitats de descens que ens permeten passar per peu de via a recollir el material que hagu\u00e9rem pogut deixar (bastons, motxilla, sabates,&#8230;).<\/p>\n<p>Per arribar a les parets ens haurem d&#8217;acostar fins el poble d&#8217;Ag\u00fcero, i una mica abans d&#8217;arribar al poble, desviar-nos a la dreta en forta pujada en direcci\u00f3 a la Residencia de la 3\u00aa Edat (quina gr\u00e0cia, no?), i aparcar en un lloc ple de plafons indicadors des d&#8217;on surt la senda d&#8217;aproximaci\u00f3.<\/p>\n<p>Seguir la senda com si f\u00f3ssim a fer la volta a los Mallos, i quan estem a sota de les vies Tierra de Nadie, de Toz i de la nostra, veurem que surt un sender\u00f3 que en forta pujada ens deixar\u00e0 a peu de via.<\/p>\n<p>En la web d&#8217;en <a href=\"http:\/\/eskalatzencas.blogspot.com\/2021\/08\/mallos-de-aguero-la-via-mas-facil.html\"><strong>Xabier Larretxea (Escalatzencas)<\/strong><\/a>, hi trobareu una informaci\u00f3 molt acurada i ressenyes excel\u00b7lents d&#8217;aquesta i d&#8217;altres vies molt en la l\u00ednia d&#8217;aquest post. Val a dir que en Xabier ha escrit una Guia &#8220;Escaladas en el Pirineo Norte&#8221;, en la que la immensa majoria de les vies ressenyades son aptes per la gent del meu Casal d&#8217;Avis.\u00a0 GENIAL !!!!<\/p>\n<p>Com que soc incapa\u00e7 de superar les ressenyes i l&#8217;info. d&#8217;aquest gran personatge, cliqueu aquest enlla\u00e7 per veure-ho des de el seu web.<\/p>\n<p>I si hi aneu per la zona i voleu estar en un lloc ben bonic, proveu a la <a href=\"https:\/\/lacasonadelareinaberta.com\/\"><strong>Casona de la Reina Berta<\/strong><\/a>, esmorzars espectaculars. A no perdre-s&#8217;ho.<\/p>\n<p>B\u00e9, que disfruteu de la muntanya, que disfruteu de l&#8217;escalada i sobretot, que disfruteu de la vida.<\/p>\n<p>Salut<\/p>\n<p>&nbsp;<\/p>\n<div class=\"entry-content-asset videofit\">\u00a0<\/div>\n<p>&nbsp;<\/p>\n<\/div>\n<div class=\"col-md-4\">\n<p>&nbsp;<\/p>\n<p>&nbsp;<\/p>\n<p>&nbsp;<\/p>\n<p>&nbsp;<\/p>\n<p>&nbsp;<\/p>\n<p>&nbsp;<\/p>\n<\/div>\n<\/div>\n<p>&nbsp;<\/p>\n<p>&nbsp;<\/p>\n<p>&nbsp;<\/p>\n<div style=\"color: #777; font-size: 11px; line-height: 16px;\">\u00a0<\/div>\n<p>&nbsp;<\/p>\n<p>[\/et_pb_text][\/et_pb_column][et_pb_column type=&#8221;2_5&#8243; _builder_version=&#8221;4.16&#8243; custom_padding=&#8221;|||&#8221; global_colors_info=&#8221;{}&#8221; custom_padding__hover=&#8221;|||&#8221;][et_pb_gallery gallery_ids=&#8221;14076,14081,14085,14089,14094,14098,14102,14106&#8243; posts_number=&#8221;30&#8243; show_title_and_caption=&#8221;off&#8221; show_pagination=&#8221;off&#8221; _builder_version=&#8221;4.24.0&#8243; _module_preset=&#8221;default&#8221; global_colors_info=&#8221;{}&#8221;][\/et_pb_gallery][\/et_pb_column][\/et_pb_row][\/et_pb_section]<\/p>\n<span class=\"et_bloom_bottom_trigger\"><\/span>","protected":false},"excerpt":{"rendered":"<p>EL REINO DE LOS MALLOS: LA VIA MAS F\u00c1CIL DE AG\u00dcERO. ESCALADA IDEAL PER A PENSIONISTES I ASSIMILATS. Es tracta d&#8217;una via oberta per la colla de Sendero L\u00edmite amb un equipament gener\u00f2s, que es mant\u00e9 en un grau entre el III &#8211; IV, i que est\u00e0 equipada per que la gent que escala III [&hellip;]<\/p>\n","protected":false},"author":7344,"featured_media":14115,"comment_status":"open","ping_status":"open","sticky":false,"template":"","format":"standard","meta":{"_et_pb_use_builder":"on","_et_pb_old_content":"","_et_gb_content_width":"","footnotes":""},"categories":[413,108,429],"tags":[535,192,536],"class_list":["post-14067","post","type-post","status-publish","format-standard","has-post-thumbnail","hentry","category-allotjament-rural","category-escalada","category-ressenyes","tag-aguero","tag-escalada","tag-riglos"],"yoast_head":"<!-- This site is optimized with the Yoast SEO plugin v27.5 - https:\/\/yoast.com\/product\/yoast-seo-wordpress\/ -->\n<title>LA V\u00cdA M\u00c1S F\u00c1CIL DE AG\u00dcERO - lo corral d&#039;arnes<\/title>\n<meta name=\"description\" content=\"Via d&#039;escalada en un entorn magnific, ideal per a pensionistes, aprenents i altres gents amants del bon viure.\" \/>\n<meta name=\"robots\" content=\"index, follow, max-snippet:-1, max-image-preview:large, max-video-preview:-1\" \/>\n<link rel=\"canonical\" href=\"https:\/\/locorraldarnes.com\/la-via-mas-facil-de-aguero\/\" \/>\n<meta property=\"og:locale\" content=\"en_US\" \/>\n<meta property=\"og:type\" content=\"article\" \/>\n<meta property=\"og:title\" content=\"LA V\u00cdA M\u00c1S F\u00c1CIL DE AG\u00dcERO - lo corral d&#039;arnes\" \/>\n<meta property=\"og:description\" content=\"Via d&#039;escalada en un entorn magnific, ideal per a pensionistes, aprenents i altres gents amants del bon viure.\" \/>\n<meta property=\"og:url\" content=\"https:\/\/locorraldarnes.com\/la-via-mas-facil-de-aguero\/\" \/>\n<meta property=\"og:site_name\" content=\"lo corral d&#039;arnes\" \/>\n<meta property=\"article:publisher\" content=\"https:\/\/www.facebook.com\/locorraldarnes\" \/>\n<meta property=\"article:published_time\" content=\"2024-01-27T12:35:57+00:00\" \/>\n<meta property=\"article:modified_time\" content=\"2024-01-27T12:58:13+00:00\" \/>\n<meta property=\"og:image\" content=\"https:\/\/locorraldarnes.com\/wp-content\/uploads\/2024\/01\/Aguero-ret.jpg\" \/>\n\t<meta property=\"og:image:width\" content=\"350\" \/>\n\t<meta property=\"og:image:height\" content=\"263\" \/>\n\t<meta property=\"og:image:type\" content=\"image\/jpeg\" \/>\n<meta name=\"author\" content=\"Lo corral d&#039;arnes\" \/>\n<meta name=\"twitter:card\" content=\"summary_large_image\" \/>\n<meta name=\"twitter:label1\" content=\"Written by\" \/>\n\t<meta name=\"twitter:data1\" content=\"Lo corral d&#039;arnes\" \/>\n\t<meta name=\"twitter:label2\" content=\"Est. reading time\" \/>\n\t<meta name=\"twitter:data2\" content=\"5 minutes\" \/>\n<script type=\"application\/ld+json\" class=\"yoast-schema-graph\">{\"@context\":\"https:\\\/\\\/schema.org\",\"@graph\":[{\"@type\":\"Article\",\"@id\":\"https:\\\/\\\/locorraldarnes.com\\\/la-via-mas-facil-de-aguero\\\/#article\",\"isPartOf\":{\"@id\":\"https:\\\/\\\/locorraldarnes.com\\\/la-via-mas-facil-de-aguero\\\/\"},\"author\":{\"name\":\"Lo corral d'arnes\",\"@id\":\"https:\\\/\\\/locorraldarnes.com\\\/#\\\/schema\\\/person\\\/014cb61eff277c4d2c65f4e64512915f\"},\"headline\":\"LA V\u00cdA M\u00c1S F\u00c1CIL DE AG\u00dcERO\",\"datePublished\":\"2024-01-27T12:35:57+00:00\",\"dateModified\":\"2024-01-27T12:58:13+00:00\",\"mainEntityOfPage\":{\"@id\":\"https:\\\/\\\/locorraldarnes.com\\\/la-via-mas-facil-de-aguero\\\/\"},\"wordCount\":711,\"commentCount\":0,\"publisher\":{\"@id\":\"https:\\\/\\\/locorraldarnes.com\\\/#organization\"},\"image\":{\"@id\":\"https:\\\/\\\/locorraldarnes.com\\\/la-via-mas-facil-de-aguero\\\/#primaryimage\"},\"thumbnailUrl\":\"https:\\\/\\\/locorraldarnes.com\\\/wp-content\\\/uploads\\\/2024\\\/01\\\/Aguero-ret.jpg\",\"keywords\":[\"ag\u00fcero\",\"escalada\",\"riglos\"],\"articleSection\":[\"allotjament rural\",\"Escalada\",\"Ressenyes\"],\"inLanguage\":\"en-US\",\"potentialAction\":[{\"@type\":\"CommentAction\",\"name\":\"Comment\",\"target\":[\"https:\\\/\\\/locorraldarnes.com\\\/la-via-mas-facil-de-aguero\\\/#respond\"]}]},{\"@type\":\"WebPage\",\"@id\":\"https:\\\/\\\/locorraldarnes.com\\\/la-via-mas-facil-de-aguero\\\/\",\"url\":\"https:\\\/\\\/locorraldarnes.com\\\/la-via-mas-facil-de-aguero\\\/\",\"name\":\"LA V\u00cdA M\u00c1S F\u00c1CIL DE AG\u00dcERO - lo corral d&#039;arnes\",\"isPartOf\":{\"@id\":\"https:\\\/\\\/locorraldarnes.com\\\/#website\"},\"primaryImageOfPage\":{\"@id\":\"https:\\\/\\\/locorraldarnes.com\\\/la-via-mas-facil-de-aguero\\\/#primaryimage\"},\"image\":{\"@id\":\"https:\\\/\\\/locorraldarnes.com\\\/la-via-mas-facil-de-aguero\\\/#primaryimage\"},\"thumbnailUrl\":\"https:\\\/\\\/locorraldarnes.com\\\/wp-content\\\/uploads\\\/2024\\\/01\\\/Aguero-ret.jpg\",\"datePublished\":\"2024-01-27T12:35:57+00:00\",\"dateModified\":\"2024-01-27T12:58:13+00:00\",\"description\":\"Via d'escalada en un entorn magnific, ideal per a pensionistes, aprenents i altres gents amants del bon viure.\",\"breadcrumb\":{\"@id\":\"https:\\\/\\\/locorraldarnes.com\\\/la-via-mas-facil-de-aguero\\\/#breadcrumb\"},\"inLanguage\":\"en-US\",\"potentialAction\":[{\"@type\":\"ReadAction\",\"target\":[\"https:\\\/\\\/locorraldarnes.com\\\/la-via-mas-facil-de-aguero\\\/\"]}]},{\"@type\":\"ImageObject\",\"inLanguage\":\"en-US\",\"@id\":\"https:\\\/\\\/locorraldarnes.com\\\/la-via-mas-facil-de-aguero\\\/#primaryimage\",\"url\":\"https:\\\/\\\/locorraldarnes.com\\\/wp-content\\\/uploads\\\/2024\\\/01\\\/Aguero-ret.jpg\",\"contentUrl\":\"https:\\\/\\\/locorraldarnes.com\\\/wp-content\\\/uploads\\\/2024\\\/01\\\/Aguero-ret.jpg\",\"width\":350,\"height\":263,\"caption\":\"Ag\u00fcero\"},{\"@type\":\"BreadcrumbList\",\"@id\":\"https:\\\/\\\/locorraldarnes.com\\\/la-via-mas-facil-de-aguero\\\/#breadcrumb\",\"itemListElement\":[{\"@type\":\"ListItem\",\"position\":1,\"name\":\"Inici\",\"item\":\"https:\\\/\\\/locorraldarnes.com\\\/\"},{\"@type\":\"ListItem\",\"position\":2,\"name\":\"LA V\u00cdA M\u00c1S F\u00c1CIL DE AG\u00dcERO\"}]},{\"@type\":\"WebSite\",\"@id\":\"https:\\\/\\\/locorraldarnes.com\\\/#website\",\"url\":\"https:\\\/\\\/locorraldarnes.com\\\/\",\"name\":\"lo corral d'arnes\",\"description\":\"Allotjament rural a Arnes. Estels del Sud. Els Ports\",\"publisher\":{\"@id\":\"https:\\\/\\\/locorraldarnes.com\\\/#organization\"},\"potentialAction\":[{\"@type\":\"SearchAction\",\"target\":{\"@type\":\"EntryPoint\",\"urlTemplate\":\"https:\\\/\\\/locorraldarnes.com\\\/?s={search_term_string}\"},\"query-input\":{\"@type\":\"PropertyValueSpecification\",\"valueRequired\":true,\"valueName\":\"search_term_string\"}}],\"inLanguage\":\"en-US\"},{\"@type\":\"Organization\",\"@id\":\"https:\\\/\\\/locorraldarnes.com\\\/#organization\",\"name\":\"Lo corral d'arnes\",\"url\":\"https:\\\/\\\/locorraldarnes.com\\\/\",\"logo\":{\"@type\":\"ImageObject\",\"inLanguage\":\"en-US\",\"@id\":\"https:\\\/\\\/locorraldarnes.com\\\/#\\\/schema\\\/logo\\\/image\\\/\",\"url\":\"https:\\\/\\\/locorraldarnes.com\\\/wp-content\\\/uploads\\\/logo-lo-corral-mini.gif\",\"contentUrl\":\"https:\\\/\\\/locorraldarnes.com\\\/wp-content\\\/uploads\\\/logo-lo-corral-mini.gif\",\"width\":283,\"height\":116,\"caption\":\"Lo corral d'arnes\"},\"image\":{\"@id\":\"https:\\\/\\\/locorraldarnes.com\\\/#\\\/schema\\\/logo\\\/image\\\/\"},\"sameAs\":[\"https:\\\/\\\/www.facebook.com\\\/locorraldarnes\",\"https:\\\/\\\/www.instagram.com\\\/locorraldarnes8087\\\/\"]},{\"@type\":\"Person\",\"@id\":\"https:\\\/\\\/locorraldarnes.com\\\/#\\\/schema\\\/person\\\/014cb61eff277c4d2c65f4e64512915f\",\"name\":\"Lo corral d'arnes\",\"image\":{\"@type\":\"ImageObject\",\"inLanguage\":\"en-US\",\"@id\":\"https:\\\/\\\/secure.gravatar.com\\\/avatar\\\/0ec546518cdc38222ea845d597c90f30ed6748bc9239933ec7c1bfbc090e17f2?s=96&d=mm&r=g\",\"url\":\"https:\\\/\\\/secure.gravatar.com\\\/avatar\\\/0ec546518cdc38222ea845d597c90f30ed6748bc9239933ec7c1bfbc090e17f2?s=96&d=mm&r=g\",\"contentUrl\":\"https:\\\/\\\/secure.gravatar.com\\\/avatar\\\/0ec546518cdc38222ea845d597c90f30ed6748bc9239933ec7c1bfbc090e17f2?s=96&d=mm&r=g\",\"caption\":\"Lo corral d'arnes\"},\"sameAs\":[\"http:\\\/\\\/locorraldarnes.com\"]}]}<\/script>\n<!-- \/ Yoast SEO plugin. -->","yoast_head_json":{"title":"LA V\u00cdA M\u00c1S F\u00c1CIL DE AG\u00dcERO - lo corral d&#039;arnes","description":"Via d'escalada en un entorn magnific, ideal per a pensionistes, aprenents i altres gents amants del bon viure.","robots":{"index":"index","follow":"follow","max-snippet":"max-snippet:-1","max-image-preview":"max-image-preview:large","max-video-preview":"max-video-preview:-1"},"canonical":"https:\/\/locorraldarnes.com\/la-via-mas-facil-de-aguero\/","og_locale":"en_US","og_type":"article","og_title":"LA V\u00cdA M\u00c1S F\u00c1CIL DE AG\u00dcERO - lo corral d&#039;arnes","og_description":"Via d'escalada en un entorn magnific, ideal per a pensionistes, aprenents i altres gents amants del bon viure.","og_url":"https:\/\/locorraldarnes.com\/la-via-mas-facil-de-aguero\/","og_site_name":"lo corral d&#039;arnes","article_publisher":"https:\/\/www.facebook.com\/locorraldarnes","article_published_time":"2024-01-27T12:35:57+00:00","article_modified_time":"2024-01-27T12:58:13+00:00","og_image":[{"width":350,"height":263,"url":"https:\/\/locorraldarnes.com\/wp-content\/uploads\/2024\/01\/Aguero-ret.jpg","type":"image\/jpeg"}],"author":"Lo corral d'arnes","twitter_card":"summary_large_image","twitter_misc":{"Written by":"Lo corral d'arnes","Est. reading time":"5 minutes"},"schema":{"@context":"https:\/\/schema.org","@graph":[{"@type":"Article","@id":"https:\/\/locorraldarnes.com\/la-via-mas-facil-de-aguero\/#article","isPartOf":{"@id":"https:\/\/locorraldarnes.com\/la-via-mas-facil-de-aguero\/"},"author":{"name":"Lo corral d'arnes","@id":"https:\/\/locorraldarnes.com\/#\/schema\/person\/014cb61eff277c4d2c65f4e64512915f"},"headline":"LA V\u00cdA M\u00c1S F\u00c1CIL DE AG\u00dcERO","datePublished":"2024-01-27T12:35:57+00:00","dateModified":"2024-01-27T12:58:13+00:00","mainEntityOfPage":{"@id":"https:\/\/locorraldarnes.com\/la-via-mas-facil-de-aguero\/"},"wordCount":711,"commentCount":0,"publisher":{"@id":"https:\/\/locorraldarnes.com\/#organization"},"image":{"@id":"https:\/\/locorraldarnes.com\/la-via-mas-facil-de-aguero\/#primaryimage"},"thumbnailUrl":"https:\/\/locorraldarnes.com\/wp-content\/uploads\/2024\/01\/Aguero-ret.jpg","keywords":["ag\u00fcero","escalada","riglos"],"articleSection":["allotjament rural","Escalada","Ressenyes"],"inLanguage":"en-US","potentialAction":[{"@type":"CommentAction","name":"Comment","target":["https:\/\/locorraldarnes.com\/la-via-mas-facil-de-aguero\/#respond"]}]},{"@type":"WebPage","@id":"https:\/\/locorraldarnes.com\/la-via-mas-facil-de-aguero\/","url":"https:\/\/locorraldarnes.com\/la-via-mas-facil-de-aguero\/","name":"LA V\u00cdA M\u00c1S F\u00c1CIL DE AG\u00dcERO - lo corral d&#039;arnes","isPartOf":{"@id":"https:\/\/locorraldarnes.com\/#website"},"primaryImageOfPage":{"@id":"https:\/\/locorraldarnes.com\/la-via-mas-facil-de-aguero\/#primaryimage"},"image":{"@id":"https:\/\/locorraldarnes.com\/la-via-mas-facil-de-aguero\/#primaryimage"},"thumbnailUrl":"https:\/\/locorraldarnes.com\/wp-content\/uploads\/2024\/01\/Aguero-ret.jpg","datePublished":"2024-01-27T12:35:57+00:00","dateModified":"2024-01-27T12:58:13+00:00","description":"Via d'escalada en un entorn magnific, ideal per a pensionistes, aprenents i altres gents amants del bon viure.","breadcrumb":{"@id":"https:\/\/locorraldarnes.com\/la-via-mas-facil-de-aguero\/#breadcrumb"},"inLanguage":"en-US","potentialAction":[{"@type":"ReadAction","target":["https:\/\/locorraldarnes.com\/la-via-mas-facil-de-aguero\/"]}]},{"@type":"ImageObject","inLanguage":"en-US","@id":"https:\/\/locorraldarnes.com\/la-via-mas-facil-de-aguero\/#primaryimage","url":"https:\/\/locorraldarnes.com\/wp-content\/uploads\/2024\/01\/Aguero-ret.jpg","contentUrl":"https:\/\/locorraldarnes.com\/wp-content\/uploads\/2024\/01\/Aguero-ret.jpg","width":350,"height":263,"caption":"Ag\u00fcero"},{"@type":"BreadcrumbList","@id":"https:\/\/locorraldarnes.com\/la-via-mas-facil-de-aguero\/#breadcrumb","itemListElement":[{"@type":"ListItem","position":1,"name":"Inici","item":"https:\/\/locorraldarnes.com\/"},{"@type":"ListItem","position":2,"name":"LA V\u00cdA M\u00c1S F\u00c1CIL DE AG\u00dcERO"}]},{"@type":"WebSite","@id":"https:\/\/locorraldarnes.com\/#website","url":"https:\/\/locorraldarnes.com\/","name":"lo corral d'arnes","description":"Allotjament rural a Arnes. Estels del Sud. Els Ports","publisher":{"@id":"https:\/\/locorraldarnes.com\/#organization"},"potentialAction":[{"@type":"SearchAction","target":{"@type":"EntryPoint","urlTemplate":"https:\/\/locorraldarnes.com\/?s={search_term_string}"},"query-input":{"@type":"PropertyValueSpecification","valueRequired":true,"valueName":"search_term_string"}}],"inLanguage":"en-US"},{"@type":"Organization","@id":"https:\/\/locorraldarnes.com\/#organization","name":"Lo corral d'arnes","url":"https:\/\/locorraldarnes.com\/","logo":{"@type":"ImageObject","inLanguage":"en-US","@id":"https:\/\/locorraldarnes.com\/#\/schema\/logo\/image\/","url":"https:\/\/locorraldarnes.com\/wp-content\/uploads\/logo-lo-corral-mini.gif","contentUrl":"https:\/\/locorraldarnes.com\/wp-content\/uploads\/logo-lo-corral-mini.gif","width":283,"height":116,"caption":"Lo corral d'arnes"},"image":{"@id":"https:\/\/locorraldarnes.com\/#\/schema\/logo\/image\/"},"sameAs":["https:\/\/www.facebook.com\/locorraldarnes","https:\/\/www.instagram.com\/locorraldarnes8087\/"]},{"@type":"Person","@id":"https:\/\/locorraldarnes.com\/#\/schema\/person\/014cb61eff277c4d2c65f4e64512915f","name":"Lo corral d'arnes","image":{"@type":"ImageObject","inLanguage":"en-US","@id":"https:\/\/secure.gravatar.com\/avatar\/0ec546518cdc38222ea845d597c90f30ed6748bc9239933ec7c1bfbc090e17f2?s=96&d=mm&r=g","url":"https:\/\/secure.gravatar.com\/avatar\/0ec546518cdc38222ea845d597c90f30ed6748bc9239933ec7c1bfbc090e17f2?s=96&d=mm&r=g","contentUrl":"https:\/\/secure.gravatar.com\/avatar\/0ec546518cdc38222ea845d597c90f30ed6748bc9239933ec7c1bfbc090e17f2?s=96&d=mm&r=g","caption":"Lo corral d'arnes"},"sameAs":["http:\/\/locorraldarnes.com"]}]}},"_links":{"self":[{"href":"https:\/\/locorraldarnes.com\/en\/wp-json\/wp\/v2\/posts\/14067","targetHints":{"allow":["GET"]}}],"collection":[{"href":"https:\/\/locorraldarnes.com\/en\/wp-json\/wp\/v2\/posts"}],"about":[{"href":"https:\/\/locorraldarnes.com\/en\/wp-json\/wp\/v2\/types\/post"}],"author":[{"embeddable":true,"href":"https:\/\/locorraldarnes.com\/en\/wp-json\/wp\/v2\/users\/7344"}],"replies":[{"embeddable":true,"href":"https:\/\/locorraldarnes.com\/en\/wp-json\/wp\/v2\/comments?post=14067"}],"version-history":[{"count":0,"href":"https:\/\/locorraldarnes.com\/en\/wp-json\/wp\/v2\/posts\/14067\/revisions"}],"wp:featuredmedia":[{"embeddable":true,"href":"https:\/\/locorraldarnes.com\/en\/wp-json\/wp\/v2\/media\/14115"}],"wp:attachment":[{"href":"https:\/\/locorraldarnes.com\/en\/wp-json\/wp\/v2\/media?parent=14067"}],"wp:term":[{"taxonomy":"category","embeddable":true,"href":"https:\/\/locorraldarnes.com\/en\/wp-json\/wp\/v2\/categories?post=14067"},{"taxonomy":"post_tag","embeddable":true,"href":"https:\/\/locorraldarnes.com\/en\/wp-json\/wp\/v2\/tags?post=14067"}],"curies":[{"name":"wp","href":"https:\/\/api.w.org\/{rel}","templated":true}]}}