{"id":14014,"date":"2024-01-12T17:44:16","date_gmt":"2024-01-12T16:44:16","guid":{"rendered":"https:\/\/locorraldarnes.com\/?p=14014"},"modified":"2024-01-12T18:01:40","modified_gmt":"2024-01-12T17:01:40","slug":"adeu-a-estels-del-sud","status":"publish","type":"post","link":"https:\/\/locorraldarnes.com\/en\/adeu-a-estels-del-sud\/","title":{"rendered":"AD\u00c9U A ESTELS DEL SUD"},"content":{"rendered":"<p>[et_pb_section fb_built=&#8221;1&#8243; admin_label=&#8221;section&#8221; _builder_version=&#8221;4.16&#8243; global_colors_info=&#8221;{}&#8221;][et_pb_row column_structure=&#8221;3_5,2_5&#8243; admin_label=&#8221;row&#8221; _builder_version=&#8221;4.16&#8243; background_size=&#8221;initial&#8221; background_position=&#8221;top_left&#8221; background_repeat=&#8221;repeat&#8221; global_colors_info=&#8221;{}&#8221;][et_pb_column type=&#8221;3_5&#8243; _builder_version=&#8221;4.16&#8243; custom_padding=&#8221;|||&#8221; global_colors_info=&#8221;{}&#8221; custom_padding__hover=&#8221;|||&#8221;][et_pb_text admin_label=&#8221;Text&#8221; _builder_version=&#8221;4.23.4&#8243; background_size=&#8221;initial&#8221; background_position=&#8221;top_left&#8221; background_repeat=&#8221;repeat&#8221; global_colors_info=&#8221;{}&#8221;]<\/p>\n<h2><\/h2>\n<h2>DIEM AD\u00c9U A ESTELS DEL SUD<\/h2>\n<p><span>Molt bon dia a tothom!<\/span><\/p>\n<p><span>Perqu\u00e8 alguna cosa canvi\u00ed, posem la primera pedreta, i aquesta vegada deixem lastre!<\/span><\/p>\n<p><span>Fa gaireb\u00e9 20 anys que v\u00e0rem crear la travessa Estels del Sud, juntament amb la resta d&#8217;allotjaments que fins ara la composen. Creiem sincerament que ha sigut de les millors coses que hem pogut fer en la nostre traject\u00f2ria professional. V\u00e0rem disfrutar creant-la, hem apr\u00e9s molt de les dificultats de treballar en equip, i sobretot ens ha portat fins a la porta de \u201clo corral d&#8217;arnes\u201d el tipus de client que nosaltres vol\u00edem: <strong>gent de muntanya<\/strong>. <\/span><\/p>\n<p><span>Siguem sincers, <\/span><span>en el m\u00f3n de la muntanya <\/span><span>hi ha tot tipus de personatges, per\u00f2 sempre el positiu ha compensat el negatiu. Hem recuperat amics que mentre feien la travessa ens hem retrobat, clients que s&#8217;han convertit en amics. Amics i clients han fet un batibull interessant! La part professional s&#8217;ha barrejat amb la personal i estem molt contents del resultat, per\u00f2 tamb\u00e9 cansats, tot plegat comporta una c\u00e0rrega de feina que ja no tenim \u00e0nims d&#8217;assolir!<\/span><\/p>\n<p><span>Per aix\u00f2 deixem l\u2019empresa Estels del Sud, deixem de formar part de la travessa oficial. A partir d&#8217;ara, Cal Gorro ser\u00e0 l&#8217;allotjament de refer\u00e8ncia d&#8217;Estels del Sud a Arnes. Estem segurs que <\/span><span>tamb\u00e9 <\/span><span>us trobareu com a casa!<\/span><\/p>\n<p><span>Per\u00f2 atenci\u00f3: <strong>NO tanquem lo corral d&#8217;Arnes<\/strong>. <\/span><\/p>\n<p><span>Seguirem, ara a un ritme m\u00e9s relaxat, rebent-vos a tots aquells que vulgueu venir a gaudir dels Ports, del Matarranya, de la Terra Alta, de casa nostre i de nosaltres. Us esperem per seguir compartint bons moments!<\/span><\/p>\n<p><span>Una abra\u00e7ada!<\/span><\/p>\n<p><span>Marisa-Ismael<\/span><\/p>\n<p>&nbsp;<\/p>\n<p>&nbsp;<\/p>\n<p>&nbsp;<\/p>\n<p>[\/et_pb_text][\/et_pb_column][et_pb_column type=&#8221;2_5&#8243; _builder_version=&#8221;4.16&#8243; custom_padding=&#8221;|||&#8221; global_colors_info=&#8221;{}&#8221; custom_padding__hover=&#8221;|||&#8221;][et_pb_gallery gallery_ids=&#8221;14018,14022,14026,14030,14034&#8243; posts_number=&#8221;7&#8243; show_title_and_caption=&#8221;off&#8221; show_pagination=&#8221;off&#8221; _builder_version=&#8221;4.23.4&#8243; _module_preset=&#8221;default&#8221; global_colors_info=&#8221;{}&#8221;][\/et_pb_gallery][\/et_pb_column][\/et_pb_row][\/et_pb_section]<\/p>\n<span class=\"et_bloom_bottom_trigger\"><\/span>","protected":false},"excerpt":{"rendered":"<p>DIEM AD\u00c9U A ESTELS DEL SUD Molt bon dia a tothom! Perqu\u00e8 alguna cosa canvi\u00ed, posem la primera pedreta, i aquesta vegada deixem lastre! Fa gaireb\u00e9 20 anys que v\u00e0rem crear la travessa Estels del Sud, juntament amb la resta d&#8217;allotjaments que fins ara la composen. Creiem sincerament que ha sigut de les millors coses [&hellip;]<\/p>\n","protected":false},"author":7344,"featured_media":13338,"comment_status":"open","ping_status":"open","sticky":false,"template":"","format":"standard","meta":{"_et_pb_use_builder":"on","_et_pb_old_content":"","_et_gb_content_width":"","footnotes":""},"categories":[413,28,206],"tags":[10,11,220],"class_list":["post-14014","post","type-post","status-publish","format-standard","has-post-thumbnail","hentry","category-allotjament-rural","category-els-ports","category-estels-del-sud","tag-allotjament-rural","tag-arnes","tag-els-ports"],"yoast_head":"<!-- This site is optimized with the Yoast SEO plugin v27.5 - https:\/\/yoast.com\/product\/yoast-seo-wordpress\/ -->\n<title>AD\u00c9U A ESTELS DEL SUD - lo corral d&#039;arnes<\/title>\n<meta name=\"description\" content=\"Diem ad\u00e9u a l&#039;empresa Estels del Sud, per\u00f2 seguirem oferint-vos allotjament a lo corral d&#039;arnes, on seguirem oferint-vos servei.\" \/>\n<meta name=\"robots\" content=\"index, follow, max-snippet:-1, max-image-preview:large, max-video-preview:-1\" \/>\n<link rel=\"canonical\" href=\"https:\/\/locorraldarnes.com\/adeu-a-estels-del-sud\/\" \/>\n<meta property=\"og:locale\" content=\"en_US\" \/>\n<meta property=\"og:type\" content=\"article\" \/>\n<meta property=\"og:title\" content=\"AD\u00c9U A ESTELS DEL SUD - lo corral d&#039;arnes\" \/>\n<meta property=\"og:description\" content=\"Diem ad\u00e9u a l&#039;empresa Estels del Sud, per\u00f2 seguirem oferint-vos allotjament a lo corral d&#039;arnes, on seguirem oferint-vos servei.\" \/>\n<meta property=\"og:url\" content=\"https:\/\/locorraldarnes.com\/adeu-a-estels-del-sud\/\" \/>\n<meta property=\"og:site_name\" content=\"lo corral d&#039;arnes\" \/>\n<meta property=\"article:publisher\" content=\"https:\/\/www.facebook.com\/locorraldarnes\" \/>\n<meta property=\"article:published_time\" content=\"2024-01-12T16:44:16+00:00\" \/>\n<meta property=\"article:modified_time\" content=\"2024-01-12T17:01:40+00:00\" \/>\n<meta property=\"og:image\" content=\"https:\/\/locorraldarnes.com\/wp-content\/uploads\/2021\/11\/Itin.-la-Palanca-36.jpg\" \/>\n\t<meta property=\"og:image:width\" content=\"756\" \/>\n\t<meta property=\"og:image:height\" content=\"567\" \/>\n\t<meta property=\"og:image:type\" content=\"image\/jpeg\" \/>\n<meta name=\"author\" content=\"Lo corral d&#039;arnes\" \/>\n<meta name=\"twitter:card\" content=\"summary_large_image\" \/>\n<meta name=\"twitter:label1\" content=\"Written by\" \/>\n\t<meta name=\"twitter:data1\" content=\"Lo corral d&#039;arnes\" \/>\n\t<meta name=\"twitter:label2\" content=\"Est. reading time\" \/>\n\t<meta name=\"twitter:data2\" content=\"3 minutes\" \/>\n<script type=\"application\/ld+json\" class=\"yoast-schema-graph\">{\"@context\":\"https:\\\/\\\/schema.org\",\"@graph\":[{\"@type\":\"Article\",\"@id\":\"https:\\\/\\\/locorraldarnes.com\\\/adeu-a-estels-del-sud\\\/#article\",\"isPartOf\":{\"@id\":\"https:\\\/\\\/locorraldarnes.com\\\/adeu-a-estels-del-sud\\\/\"},\"author\":{\"name\":\"Lo corral d'arnes\",\"@id\":\"https:\\\/\\\/locorraldarnes.com\\\/#\\\/schema\\\/person\\\/014cb61eff277c4d2c65f4e64512915f\"},\"headline\":\"AD\u00c9U A ESTELS DEL SUD\",\"datePublished\":\"2024-01-12T16:44:16+00:00\",\"dateModified\":\"2024-01-12T17:01:40+00:00\",\"mainEntityOfPage\":{\"@id\":\"https:\\\/\\\/locorraldarnes.com\\\/adeu-a-estels-del-sud\\\/\"},\"wordCount\":417,\"commentCount\":0,\"publisher\":{\"@id\":\"https:\\\/\\\/locorraldarnes.com\\\/#organization\"},\"image\":{\"@id\":\"https:\\\/\\\/locorraldarnes.com\\\/adeu-a-estels-del-sud\\\/#primaryimage\"},\"thumbnailUrl\":\"https:\\\/\\\/locorraldarnes.com\\\/wp-content\\\/uploads\\\/2021\\\/11\\\/Itin.-la-Palanca-36.jpg\",\"keywords\":[\"allotjament rural\",\"Arnes\",\"Els Ports\"],\"articleSection\":[\"allotjament rural\",\"Els Ports\",\"Estels del Sud\"],\"inLanguage\":\"en-US\",\"potentialAction\":[{\"@type\":\"CommentAction\",\"name\":\"Comment\",\"target\":[\"https:\\\/\\\/locorraldarnes.com\\\/adeu-a-estels-del-sud\\\/#respond\"]}]},{\"@type\":\"WebPage\",\"@id\":\"https:\\\/\\\/locorraldarnes.com\\\/adeu-a-estels-del-sud\\\/\",\"url\":\"https:\\\/\\\/locorraldarnes.com\\\/adeu-a-estels-del-sud\\\/\",\"name\":\"AD\u00c9U A ESTELS DEL SUD - lo corral d&#039;arnes\",\"isPartOf\":{\"@id\":\"https:\\\/\\\/locorraldarnes.com\\\/#website\"},\"primaryImageOfPage\":{\"@id\":\"https:\\\/\\\/locorraldarnes.com\\\/adeu-a-estels-del-sud\\\/#primaryimage\"},\"image\":{\"@id\":\"https:\\\/\\\/locorraldarnes.com\\\/adeu-a-estels-del-sud\\\/#primaryimage\"},\"thumbnailUrl\":\"https:\\\/\\\/locorraldarnes.com\\\/wp-content\\\/uploads\\\/2021\\\/11\\\/Itin.-la-Palanca-36.jpg\",\"datePublished\":\"2024-01-12T16:44:16+00:00\",\"dateModified\":\"2024-01-12T17:01:40+00:00\",\"description\":\"Diem ad\u00e9u a l'empresa Estels del Sud, per\u00f2 seguirem oferint-vos allotjament a lo corral d'arnes, on seguirem oferint-vos servei.\",\"breadcrumb\":{\"@id\":\"https:\\\/\\\/locorraldarnes.com\\\/adeu-a-estels-del-sud\\\/#breadcrumb\"},\"inLanguage\":\"en-US\",\"potentialAction\":[{\"@type\":\"ReadAction\",\"target\":[\"https:\\\/\\\/locorraldarnes.com\\\/adeu-a-estels-del-sud\\\/\"]}]},{\"@type\":\"ImageObject\",\"inLanguage\":\"en-US\",\"@id\":\"https:\\\/\\\/locorraldarnes.com\\\/adeu-a-estels-del-sud\\\/#primaryimage\",\"url\":\"https:\\\/\\\/locorraldarnes.com\\\/wp-content\\\/uploads\\\/2021\\\/11\\\/Itin.-la-Palanca-36.jpg\",\"contentUrl\":\"https:\\\/\\\/locorraldarnes.com\\\/wp-content\\\/uploads\\\/2021\\\/11\\\/Itin.-la-Palanca-36.jpg\",\"width\":756,\"height\":567},{\"@type\":\"BreadcrumbList\",\"@id\":\"https:\\\/\\\/locorraldarnes.com\\\/adeu-a-estels-del-sud\\\/#breadcrumb\",\"itemListElement\":[{\"@type\":\"ListItem\",\"position\":1,\"name\":\"Inici\",\"item\":\"https:\\\/\\\/locorraldarnes.com\\\/\"},{\"@type\":\"ListItem\",\"position\":2,\"name\":\"AD\u00c9U A ESTELS DEL SUD\"}]},{\"@type\":\"WebSite\",\"@id\":\"https:\\\/\\\/locorraldarnes.com\\\/#website\",\"url\":\"https:\\\/\\\/locorraldarnes.com\\\/\",\"name\":\"lo corral d'arnes\",\"description\":\"Allotjament rural a Arnes. Estels del Sud. Els Ports\",\"publisher\":{\"@id\":\"https:\\\/\\\/locorraldarnes.com\\\/#organization\"},\"potentialAction\":[{\"@type\":\"SearchAction\",\"target\":{\"@type\":\"EntryPoint\",\"urlTemplate\":\"https:\\\/\\\/locorraldarnes.com\\\/?s={search_term_string}\"},\"query-input\":{\"@type\":\"PropertyValueSpecification\",\"valueRequired\":true,\"valueName\":\"search_term_string\"}}],\"inLanguage\":\"en-US\"},{\"@type\":\"Organization\",\"@id\":\"https:\\\/\\\/locorraldarnes.com\\\/#organization\",\"name\":\"Lo corral d'arnes\",\"url\":\"https:\\\/\\\/locorraldarnes.com\\\/\",\"logo\":{\"@type\":\"ImageObject\",\"inLanguage\":\"en-US\",\"@id\":\"https:\\\/\\\/locorraldarnes.com\\\/#\\\/schema\\\/logo\\\/image\\\/\",\"url\":\"https:\\\/\\\/locorraldarnes.com\\\/wp-content\\\/uploads\\\/logo-lo-corral-mini.gif\",\"contentUrl\":\"https:\\\/\\\/locorraldarnes.com\\\/wp-content\\\/uploads\\\/logo-lo-corral-mini.gif\",\"width\":283,\"height\":116,\"caption\":\"Lo corral d'arnes\"},\"image\":{\"@id\":\"https:\\\/\\\/locorraldarnes.com\\\/#\\\/schema\\\/logo\\\/image\\\/\"},\"sameAs\":[\"https:\\\/\\\/www.facebook.com\\\/locorraldarnes\",\"https:\\\/\\\/www.instagram.com\\\/locorraldarnes8087\\\/\"]},{\"@type\":\"Person\",\"@id\":\"https:\\\/\\\/locorraldarnes.com\\\/#\\\/schema\\\/person\\\/014cb61eff277c4d2c65f4e64512915f\",\"name\":\"Lo corral d'arnes\",\"image\":{\"@type\":\"ImageObject\",\"inLanguage\":\"en-US\",\"@id\":\"https:\\\/\\\/secure.gravatar.com\\\/avatar\\\/0ec546518cdc38222ea845d597c90f30ed6748bc9239933ec7c1bfbc090e17f2?s=96&d=mm&r=g\",\"url\":\"https:\\\/\\\/secure.gravatar.com\\\/avatar\\\/0ec546518cdc38222ea845d597c90f30ed6748bc9239933ec7c1bfbc090e17f2?s=96&d=mm&r=g\",\"contentUrl\":\"https:\\\/\\\/secure.gravatar.com\\\/avatar\\\/0ec546518cdc38222ea845d597c90f30ed6748bc9239933ec7c1bfbc090e17f2?s=96&d=mm&r=g\",\"caption\":\"Lo corral d'arnes\"},\"sameAs\":[\"http:\\\/\\\/locorraldarnes.com\"]}]}<\/script>\n<!-- \/ Yoast SEO plugin. -->","yoast_head_json":{"title":"AD\u00c9U A ESTELS DEL SUD - lo corral d&#039;arnes","description":"Diem ad\u00e9u a l'empresa Estels del Sud, per\u00f2 seguirem oferint-vos allotjament a lo corral d'arnes, on seguirem oferint-vos servei.","robots":{"index":"index","follow":"follow","max-snippet":"max-snippet:-1","max-image-preview":"max-image-preview:large","max-video-preview":"max-video-preview:-1"},"canonical":"https:\/\/locorraldarnes.com\/adeu-a-estels-del-sud\/","og_locale":"en_US","og_type":"article","og_title":"AD\u00c9U A ESTELS DEL SUD - lo corral d&#039;arnes","og_description":"Diem ad\u00e9u a l'empresa Estels del Sud, per\u00f2 seguirem oferint-vos allotjament a lo corral d'arnes, on seguirem oferint-vos servei.","og_url":"https:\/\/locorraldarnes.com\/adeu-a-estels-del-sud\/","og_site_name":"lo corral d&#039;arnes","article_publisher":"https:\/\/www.facebook.com\/locorraldarnes","article_published_time":"2024-01-12T16:44:16+00:00","article_modified_time":"2024-01-12T17:01:40+00:00","og_image":[{"width":756,"height":567,"url":"https:\/\/locorraldarnes.com\/wp-content\/uploads\/2021\/11\/Itin.-la-Palanca-36.jpg","type":"image\/jpeg"}],"author":"Lo corral d'arnes","twitter_card":"summary_large_image","twitter_misc":{"Written by":"Lo corral d'arnes","Est. reading time":"3 minutes"},"schema":{"@context":"https:\/\/schema.org","@graph":[{"@type":"Article","@id":"https:\/\/locorraldarnes.com\/adeu-a-estels-del-sud\/#article","isPartOf":{"@id":"https:\/\/locorraldarnes.com\/adeu-a-estels-del-sud\/"},"author":{"name":"Lo corral d'arnes","@id":"https:\/\/locorraldarnes.com\/#\/schema\/person\/014cb61eff277c4d2c65f4e64512915f"},"headline":"AD\u00c9U A ESTELS DEL SUD","datePublished":"2024-01-12T16:44:16+00:00","dateModified":"2024-01-12T17:01:40+00:00","mainEntityOfPage":{"@id":"https:\/\/locorraldarnes.com\/adeu-a-estels-del-sud\/"},"wordCount":417,"commentCount":0,"publisher":{"@id":"https:\/\/locorraldarnes.com\/#organization"},"image":{"@id":"https:\/\/locorraldarnes.com\/adeu-a-estels-del-sud\/#primaryimage"},"thumbnailUrl":"https:\/\/locorraldarnes.com\/wp-content\/uploads\/2021\/11\/Itin.-la-Palanca-36.jpg","keywords":["allotjament rural","Arnes","Els Ports"],"articleSection":["allotjament rural","Els Ports","Estels del Sud"],"inLanguage":"en-US","potentialAction":[{"@type":"CommentAction","name":"Comment","target":["https:\/\/locorraldarnes.com\/adeu-a-estels-del-sud\/#respond"]}]},{"@type":"WebPage","@id":"https:\/\/locorraldarnes.com\/adeu-a-estels-del-sud\/","url":"https:\/\/locorraldarnes.com\/adeu-a-estels-del-sud\/","name":"AD\u00c9U A ESTELS DEL SUD - lo corral d&#039;arnes","isPartOf":{"@id":"https:\/\/locorraldarnes.com\/#website"},"primaryImageOfPage":{"@id":"https:\/\/locorraldarnes.com\/adeu-a-estels-del-sud\/#primaryimage"},"image":{"@id":"https:\/\/locorraldarnes.com\/adeu-a-estels-del-sud\/#primaryimage"},"thumbnailUrl":"https:\/\/locorraldarnes.com\/wp-content\/uploads\/2021\/11\/Itin.-la-Palanca-36.jpg","datePublished":"2024-01-12T16:44:16+00:00","dateModified":"2024-01-12T17:01:40+00:00","description":"Diem ad\u00e9u a l'empresa Estels del Sud, per\u00f2 seguirem oferint-vos allotjament a lo corral d'arnes, on seguirem oferint-vos servei.","breadcrumb":{"@id":"https:\/\/locorraldarnes.com\/adeu-a-estels-del-sud\/#breadcrumb"},"inLanguage":"en-US","potentialAction":[{"@type":"ReadAction","target":["https:\/\/locorraldarnes.com\/adeu-a-estels-del-sud\/"]}]},{"@type":"ImageObject","inLanguage":"en-US","@id":"https:\/\/locorraldarnes.com\/adeu-a-estels-del-sud\/#primaryimage","url":"https:\/\/locorraldarnes.com\/wp-content\/uploads\/2021\/11\/Itin.-la-Palanca-36.jpg","contentUrl":"https:\/\/locorraldarnes.com\/wp-content\/uploads\/2021\/11\/Itin.-la-Palanca-36.jpg","width":756,"height":567},{"@type":"BreadcrumbList","@id":"https:\/\/locorraldarnes.com\/adeu-a-estels-del-sud\/#breadcrumb","itemListElement":[{"@type":"ListItem","position":1,"name":"Inici","item":"https:\/\/locorraldarnes.com\/"},{"@type":"ListItem","position":2,"name":"AD\u00c9U A ESTELS DEL SUD"}]},{"@type":"WebSite","@id":"https:\/\/locorraldarnes.com\/#website","url":"https:\/\/locorraldarnes.com\/","name":"lo corral d'arnes","description":"Allotjament rural a Arnes. Estels del Sud. Els Ports","publisher":{"@id":"https:\/\/locorraldarnes.com\/#organization"},"potentialAction":[{"@type":"SearchAction","target":{"@type":"EntryPoint","urlTemplate":"https:\/\/locorraldarnes.com\/?s={search_term_string}"},"query-input":{"@type":"PropertyValueSpecification","valueRequired":true,"valueName":"search_term_string"}}],"inLanguage":"en-US"},{"@type":"Organization","@id":"https:\/\/locorraldarnes.com\/#organization","name":"Lo corral d'arnes","url":"https:\/\/locorraldarnes.com\/","logo":{"@type":"ImageObject","inLanguage":"en-US","@id":"https:\/\/locorraldarnes.com\/#\/schema\/logo\/image\/","url":"https:\/\/locorraldarnes.com\/wp-content\/uploads\/logo-lo-corral-mini.gif","contentUrl":"https:\/\/locorraldarnes.com\/wp-content\/uploads\/logo-lo-corral-mini.gif","width":283,"height":116,"caption":"Lo corral d'arnes"},"image":{"@id":"https:\/\/locorraldarnes.com\/#\/schema\/logo\/image\/"},"sameAs":["https:\/\/www.facebook.com\/locorraldarnes","https:\/\/www.instagram.com\/locorraldarnes8087\/"]},{"@type":"Person","@id":"https:\/\/locorraldarnes.com\/#\/schema\/person\/014cb61eff277c4d2c65f4e64512915f","name":"Lo corral d'arnes","image":{"@type":"ImageObject","inLanguage":"en-US","@id":"https:\/\/secure.gravatar.com\/avatar\/0ec546518cdc38222ea845d597c90f30ed6748bc9239933ec7c1bfbc090e17f2?s=96&d=mm&r=g","url":"https:\/\/secure.gravatar.com\/avatar\/0ec546518cdc38222ea845d597c90f30ed6748bc9239933ec7c1bfbc090e17f2?s=96&d=mm&r=g","contentUrl":"https:\/\/secure.gravatar.com\/avatar\/0ec546518cdc38222ea845d597c90f30ed6748bc9239933ec7c1bfbc090e17f2?s=96&d=mm&r=g","caption":"Lo corral d'arnes"},"sameAs":["http:\/\/locorraldarnes.com"]}]}},"_links":{"self":[{"href":"https:\/\/locorraldarnes.com\/en\/wp-json\/wp\/v2\/posts\/14014","targetHints":{"allow":["GET"]}}],"collection":[{"href":"https:\/\/locorraldarnes.com\/en\/wp-json\/wp\/v2\/posts"}],"about":[{"href":"https:\/\/locorraldarnes.com\/en\/wp-json\/wp\/v2\/types\/post"}],"author":[{"embeddable":true,"href":"https:\/\/locorraldarnes.com\/en\/wp-json\/wp\/v2\/users\/7344"}],"replies":[{"embeddable":true,"href":"https:\/\/locorraldarnes.com\/en\/wp-json\/wp\/v2\/comments?post=14014"}],"version-history":[{"count":0,"href":"https:\/\/locorraldarnes.com\/en\/wp-json\/wp\/v2\/posts\/14014\/revisions"}],"wp:featuredmedia":[{"embeddable":true,"href":"https:\/\/locorraldarnes.com\/en\/wp-json\/wp\/v2\/media\/13338"}],"wp:attachment":[{"href":"https:\/\/locorraldarnes.com\/en\/wp-json\/wp\/v2\/media?parent=14014"}],"wp:term":[{"taxonomy":"category","embeddable":true,"href":"https:\/\/locorraldarnes.com\/en\/wp-json\/wp\/v2\/categories?post=14014"},{"taxonomy":"post_tag","embeddable":true,"href":"https:\/\/locorraldarnes.com\/en\/wp-json\/wp\/v2\/tags?post=14014"}],"curies":[{"name":"wp","href":"https:\/\/api.w.org\/{rel}","templated":true}]}}