{"id":13933,"date":"2023-11-08T16:36:30","date_gmt":"2023-11-08T15:36:30","guid":{"rendered":"https:\/\/locorraldarnes.com\/?p=13933"},"modified":"2023-11-08T16:46:06","modified_gmt":"2023-11-08T15:46:06","slug":"rutes-lo-corral-darnes-montoro-de-mezquita-mirador-de-vallore-estrechos-de-vallore","status":"publish","type":"post","link":"https:\/\/locorraldarnes.com\/en\/rutes-lo-corral-darnes-montoro-de-mezquita-mirador-de-vallore-estrechos-de-vallore\/","title":{"rendered":"RUTES LO CORRAL D&#8217;ARNES: Montoro de Mezquita-Mirador de Vallor\u00e9-Estrechos de Vallor\u00e9"},"content":{"rendered":"<p>[et_pb_section fb_built=&#8221;1&#8243; admin_label=&#8221;section&#8221; _builder_version=&#8221;4.16&#8243; global_colors_info=&#8221;{}&#8221;][et_pb_row column_structure=&#8221;3_5,2_5&#8243; admin_label=&#8221;row&#8221; _builder_version=&#8221;4.16&#8243; background_size=&#8221;initial&#8221; background_position=&#8221;top_left&#8221; background_repeat=&#8221;repeat&#8221; global_colors_info=&#8221;{}&#8221;][et_pb_column type=&#8221;3_5&#8243; _builder_version=&#8221;4.16&#8243; custom_padding=&#8221;|||&#8221; global_colors_info=&#8221;{}&#8221; custom_padding__hover=&#8221;|||&#8221;][et_pb_text admin_label=&#8221;Text&#8221; _builder_version=&#8221;4.23.1&#8243; background_size=&#8221;initial&#8221; background_position=&#8221;top_left&#8221; background_repeat=&#8221;repeat&#8221; custom_margin=&#8221;||-283px|||&#8221; global_colors_info=&#8221;{}&#8221;]<\/p>\n<h2>\u00a0<\/h2>\n<h1 class=\"d-inline dont-break-out\">RUTES LO CORRAL D&#8217;ARNES:\u00a0Montoro de Mezquita-Mirador de Vallor\u00e9-Estrechos de Vallor\u00e9<\/h1>\n<div class=\"row\">\n<div class=\"col-md-8\">\n<h2>L&#8217;EXCURSI\u00d3 M\u00c9S ESPECTACULAR DEL MAESTRAT DE TEROL<\/h2>\n<p>Aquest itinerari m&#8217;atreveixo a qualificar-lo com a &#8220;la Perla del Maestrat&#8221;, \u00e9s de lo m\u00e9s bonic i espectacular d&#8217;aquesta comarca.<br \/>Ruta circular des de Montoro de Mezquita, que ens permetr\u00e0 pujar fins el Mirador de Vallor\u00e9 sortint des de l&#8217;\u00c0rea Recreativa per una senda perfectament senyalitzada com a PR. Al poc deixarem a la dreta la senda que ve del riu i que ser\u00e0 per on tornarem. El cam\u00ed segueix en forta pujada fins arribar al peu dels cingles on seguirem una feixa a la dreta equipada en algun tram amb cables passam\u00e0 i alguna grapa.<br \/>Un cops arribats a la carena, just a m\u00e0 dreta trobem el Mirador de Vallor\u00e9, no cal dir que les vistes son espectaculars.<br \/>La baixada la farem per l&#8217;altre vessant, per un sender\u00f3 que segueix una feixeta, equipada en algun pas amb cable i grapes, que en poca estona ens deixa al fons de la vall, on una bona sendera ens acosta al riu.<br \/>A tocar del riu Guadalope ens creuem amb un sender amb el que pots anar riu amunt o riu avall. El poble de Montoro est\u00e0 riu avall, per\u00f2 ser\u00e0 molt recomanable pujar un tram riu amunt, cap els Estrets que porten fins a Aliaga. Ens costar\u00e0 uns pocs minuts i gaudirem d&#8217;un paisatge espectacular, caminant per unes passeres per sobre d&#8217;un espectacular estret.<\/p>\n<p>Un cop s&#8217;obre l&#8217;estret podem retornar per les nostres passes per passar pels Estrets de Vallor\u00e9, tamb\u00e9 equipats amb passeres. Un cop creuat l&#8217;Estret sols quedar\u00e0 tornar a pujar fins el poble.<br \/>Tot plegat i depenent de les fotos que fem i del que ens encantem, ens costar\u00e0 entre 2 i 3 hores.<\/p>\n<p>Aqu\u00ed teniu el link amb el<a href=\"https:\/\/ca.wikiloc.com\/rutes-senderisme\/rutes-a-peu-lo-corral-darnes-ruta-34-montoro-de-mezquita-mirador-de-vallore-estrechos-de-vallore-152545487\" target=\"_blank\" rel=\"noopener\"> <strong>track de l&#8217;itinerari<\/strong>.<\/a><\/p>\n<p>Que gaudiu de l&#8217;excursi\u00f3.<\/p>\n<p>Salut<\/p>\n<p>Aqu\u00ed teniu un petit video <strong>&#8220;<a href=\"https:\/\/youtu.be\/EwpDKuBB3b4?si=mERqdV-MMhVerVGl\">clica aqu\u00ed pel video&#8221;<\/a><\/strong><\/p>\n<div class=\"entry-content-asset videofit\">\u00a0<\/div>\n<p>&nbsp;<\/p>\n<\/div>\n<div class=\"col-md-4\">\n<p>&nbsp;<\/p>\n<p>&nbsp;<\/p>\n<p>&nbsp;<\/p>\n<p>&nbsp;<\/p>\n<p>&nbsp;<\/p>\n<p>&nbsp;<\/p>\n<\/div>\n<\/div>\n<p>&nbsp;<\/p>\n<p>&nbsp;<\/p>\n<p>&nbsp;<\/p>\n<div style=\"color: #777; font-size: 11px; line-height: 16px;\">\u00a0<\/div>\n<p>&nbsp;<\/p>\n<p>[\/et_pb_text][\/et_pb_column][et_pb_column type=&#8221;2_5&#8243; _builder_version=&#8221;4.16&#8243; custom_padding=&#8221;|||&#8221; global_colors_info=&#8221;{}&#8221; custom_padding__hover=&#8221;|||&#8221;][et_pb_gallery gallery_ids=&#8221;13939,13943,13947,13951,13955,13959&#8243; posts_number=&#8221;30&#8243; show_title_and_caption=&#8221;off&#8221; show_pagination=&#8221;off&#8221; _builder_version=&#8221;4.23.1&#8243; _module_preset=&#8221;default&#8221; link_option_url=&#8221;<iframe width=%22560%22 height=%22315%22 src=%22https:\/\/www.youtube.com\/embed\/EwpDKuBB3b4?si=9vsD7s5osy6zK0ui%22 title=%22YouTube video player%22 frameborder=%220%22 allow=%22accelerometer; autoplay; clipboard-write; encrypted-media; gyroscope; picture-in-picture; web-share%22 allowfullscreen><\/iframe>&#8221; global_colors_info=&#8221;{}&#8221;][\/et_pb_gallery][\/et_pb_column][\/et_pb_row][\/et_pb_section]<\/p>\n<span class=\"et_bloom_bottom_trigger\"><\/span>","protected":false},"excerpt":{"rendered":"<p>\u00a0 RUTES LO CORRAL D&#8217;ARNES:\u00a0Montoro de Mezquita-Mirador de Vallor\u00e9-Estrechos de Vallor\u00e9 L&#8217;EXCURSI\u00d3 M\u00c9S ESPECTACULAR DEL MAESTRAT DE TEROL Aquest itinerari m&#8217;atreveixo a qualificar-lo com a &#8220;la Perla del Maestrat&#8221;, \u00e9s de lo m\u00e9s bonic i espectacular d&#8217;aquesta comarca.Ruta circular des de Montoro de Mezquita, que ens permetr\u00e0 pujar fins el Mirador de Vallor\u00e9 sortint des [&hellip;]<\/p>\n","protected":false},"author":7344,"featured_media":13967,"comment_status":"open","ping_status":"open","sticky":false,"template":"","format":"standard","meta":{"_et_pb_use_builder":"on","_et_pb_old_content":"","_et_gb_content_width":"","footnotes":""},"categories":[413,4,429],"tags":[531,532,223],"class_list":["post-13933","post","type-post","status-publish","format-standard","has-post-thumbnail","hentry","category-allotjament-rural","category-excursions","category-ressenyes","tag-maestrat","tag-montoro","tag-senderisme"],"yoast_head":"<!-- This site is optimized with the Yoast SEO plugin v27.5 - https:\/\/yoast.com\/product\/yoast-seo-wordpress\/ -->\n<title>RUTES LO CORRAL D&#039;ARNES: Montoro de Mezquita-Mirador de Vallor\u00e9-Estrechos de Vallor\u00e9 - lo corral d&#039;arnes<\/title>\n<meta name=\"description\" content=\"Excursi\u00f3 circular des de Montoro de Mezquita al Mirador de Vallor\u00e9, tornant pels Estrets de Villar\u00e9. La Perla del Maestrat.\" \/>\n<meta name=\"robots\" content=\"index, follow, max-snippet:-1, max-image-preview:large, max-video-preview:-1\" \/>\n<link rel=\"canonical\" href=\"https:\/\/locorraldarnes.com\/rutes-lo-corral-darnes-montoro-de-mezquita-mirador-de-vallore-estrechos-de-vallore\/\" \/>\n<meta property=\"og:locale\" content=\"en_US\" \/>\n<meta property=\"og:type\" content=\"article\" \/>\n<meta property=\"og:title\" content=\"RUTES LO CORRAL D&#039;ARNES: Montoro de Mezquita-Mirador de Vallor\u00e9-Estrechos de Vallor\u00e9 - lo corral d&#039;arnes\" \/>\n<meta property=\"og:description\" content=\"Excursi\u00f3 circular des de Montoro de Mezquita al Mirador de Vallor\u00e9, tornant pels Estrets de Villar\u00e9. La Perla del Maestrat.\" \/>\n<meta property=\"og:url\" content=\"https:\/\/locorraldarnes.com\/rutes-lo-corral-darnes-montoro-de-mezquita-mirador-de-vallore-estrechos-de-vallore\/\" \/>\n<meta property=\"og:site_name\" content=\"lo corral d&#039;arnes\" \/>\n<meta property=\"article:publisher\" content=\"https:\/\/www.facebook.com\/locorraldarnes\" \/>\n<meta property=\"article:published_time\" content=\"2023-11-08T15:36:30+00:00\" \/>\n<meta property=\"article:modified_time\" content=\"2023-11-08T15:46:06+00:00\" \/>\n<meta property=\"og:image\" content=\"https:\/\/locorraldarnes.com\/wp-content\/uploads\/2023\/11\/07112023-Montoro-Mezquita-33.jpg\" \/>\n\t<meta property=\"og:image:width\" content=\"756\" \/>\n\t<meta property=\"og:image:height\" content=\"504\" \/>\n\t<meta property=\"og:image:type\" content=\"image\/jpeg\" \/>\n<meta name=\"author\" content=\"Lo corral d&#039;arnes\" \/>\n<meta name=\"twitter:card\" content=\"summary_large_image\" \/>\n<meta name=\"twitter:label1\" content=\"Written by\" \/>\n\t<meta name=\"twitter:data1\" content=\"Lo corral d&#039;arnes\" \/>\n\t<meta name=\"twitter:label2\" content=\"Est. reading time\" \/>\n\t<meta name=\"twitter:data2\" content=\"2 minutes\" \/>\n<script type=\"application\/ld+json\" class=\"yoast-schema-graph\">{\"@context\":\"https:\\\/\\\/schema.org\",\"@graph\":[{\"@type\":\"Article\",\"@id\":\"https:\\\/\\\/locorraldarnes.com\\\/rutes-lo-corral-darnes-montoro-de-mezquita-mirador-de-vallore-estrechos-de-vallore\\\/#article\",\"isPartOf\":{\"@id\":\"https:\\\/\\\/locorraldarnes.com\\\/rutes-lo-corral-darnes-montoro-de-mezquita-mirador-de-vallore-estrechos-de-vallore\\\/\"},\"author\":{\"name\":\"Lo corral d'arnes\",\"@id\":\"https:\\\/\\\/locorraldarnes.com\\\/#\\\/schema\\\/person\\\/014cb61eff277c4d2c65f4e64512915f\"},\"headline\":\"RUTES LO CORRAL D&#8217;ARNES: Montoro de Mezquita-Mirador de Vallor\u00e9-Estrechos de Vallor\u00e9\",\"datePublished\":\"2023-11-08T15:36:30+00:00\",\"dateModified\":\"2023-11-08T15:46:06+00:00\",\"mainEntityOfPage\":{\"@id\":\"https:\\\/\\\/locorraldarnes.com\\\/rutes-lo-corral-darnes-montoro-de-mezquita-mirador-de-vallore-estrechos-de-vallore\\\/\"},\"wordCount\":488,\"commentCount\":0,\"publisher\":{\"@id\":\"https:\\\/\\\/locorraldarnes.com\\\/#organization\"},\"image\":{\"@id\":\"https:\\\/\\\/locorraldarnes.com\\\/rutes-lo-corral-darnes-montoro-de-mezquita-mirador-de-vallore-estrechos-de-vallore\\\/#primaryimage\"},\"thumbnailUrl\":\"https:\\\/\\\/locorraldarnes.com\\\/wp-content\\\/uploads\\\/2023\\\/11\\\/07112023-Montoro-Mezquita-33.jpg\",\"keywords\":[\"Maestrat\",\"Montoro\",\"senderisme\"],\"articleSection\":[\"allotjament rural\",\"excursions\",\"Ressenyes\"],\"inLanguage\":\"en-US\",\"potentialAction\":[{\"@type\":\"CommentAction\",\"name\":\"Comment\",\"target\":[\"https:\\\/\\\/locorraldarnes.com\\\/rutes-lo-corral-darnes-montoro-de-mezquita-mirador-de-vallore-estrechos-de-vallore\\\/#respond\"]}]},{\"@type\":\"WebPage\",\"@id\":\"https:\\\/\\\/locorraldarnes.com\\\/rutes-lo-corral-darnes-montoro-de-mezquita-mirador-de-vallore-estrechos-de-vallore\\\/\",\"url\":\"https:\\\/\\\/locorraldarnes.com\\\/rutes-lo-corral-darnes-montoro-de-mezquita-mirador-de-vallore-estrechos-de-vallore\\\/\",\"name\":\"RUTES LO CORRAL D'ARNES: Montoro de Mezquita-Mirador de Vallor\u00e9-Estrechos de Vallor\u00e9 - lo corral d&#039;arnes\",\"isPartOf\":{\"@id\":\"https:\\\/\\\/locorraldarnes.com\\\/#website\"},\"primaryImageOfPage\":{\"@id\":\"https:\\\/\\\/locorraldarnes.com\\\/rutes-lo-corral-darnes-montoro-de-mezquita-mirador-de-vallore-estrechos-de-vallore\\\/#primaryimage\"},\"image\":{\"@id\":\"https:\\\/\\\/locorraldarnes.com\\\/rutes-lo-corral-darnes-montoro-de-mezquita-mirador-de-vallore-estrechos-de-vallore\\\/#primaryimage\"},\"thumbnailUrl\":\"https:\\\/\\\/locorraldarnes.com\\\/wp-content\\\/uploads\\\/2023\\\/11\\\/07112023-Montoro-Mezquita-33.jpg\",\"datePublished\":\"2023-11-08T15:36:30+00:00\",\"dateModified\":\"2023-11-08T15:46:06+00:00\",\"description\":\"Excursi\u00f3 circular des de Montoro de Mezquita al Mirador de Vallor\u00e9, tornant pels Estrets de Villar\u00e9. La Perla del Maestrat.\",\"breadcrumb\":{\"@id\":\"https:\\\/\\\/locorraldarnes.com\\\/rutes-lo-corral-darnes-montoro-de-mezquita-mirador-de-vallore-estrechos-de-vallore\\\/#breadcrumb\"},\"inLanguage\":\"en-US\",\"potentialAction\":[{\"@type\":\"ReadAction\",\"target\":[\"https:\\\/\\\/locorraldarnes.com\\\/rutes-lo-corral-darnes-montoro-de-mezquita-mirador-de-vallore-estrechos-de-vallore\\\/\"]}]},{\"@type\":\"ImageObject\",\"inLanguage\":\"en-US\",\"@id\":\"https:\\\/\\\/locorraldarnes.com\\\/rutes-lo-corral-darnes-montoro-de-mezquita-mirador-de-vallore-estrechos-de-vallore\\\/#primaryimage\",\"url\":\"https:\\\/\\\/locorraldarnes.com\\\/wp-content\\\/uploads\\\/2023\\\/11\\\/07112023-Montoro-Mezquita-33.jpg\",\"contentUrl\":\"https:\\\/\\\/locorraldarnes.com\\\/wp-content\\\/uploads\\\/2023\\\/11\\\/07112023-Montoro-Mezquita-33.jpg\",\"width\":756,\"height\":504,\"caption\":\"Montoro de Mezquita\"},{\"@type\":\"BreadcrumbList\",\"@id\":\"https:\\\/\\\/locorraldarnes.com\\\/rutes-lo-corral-darnes-montoro-de-mezquita-mirador-de-vallore-estrechos-de-vallore\\\/#breadcrumb\",\"itemListElement\":[{\"@type\":\"ListItem\",\"position\":1,\"name\":\"Inici\",\"item\":\"https:\\\/\\\/locorraldarnes.com\\\/\"},{\"@type\":\"ListItem\",\"position\":2,\"name\":\"RUTES LO CORRAL D&#8217;ARNES: Montoro de Mezquita-Mirador de Vallor\u00e9-Estrechos de Vallor\u00e9\"}]},{\"@type\":\"WebSite\",\"@id\":\"https:\\\/\\\/locorraldarnes.com\\\/#website\",\"url\":\"https:\\\/\\\/locorraldarnes.com\\\/\",\"name\":\"lo corral d'arnes\",\"description\":\"Allotjament rural a Arnes. Estels del Sud. Els Ports\",\"publisher\":{\"@id\":\"https:\\\/\\\/locorraldarnes.com\\\/#organization\"},\"potentialAction\":[{\"@type\":\"SearchAction\",\"target\":{\"@type\":\"EntryPoint\",\"urlTemplate\":\"https:\\\/\\\/locorraldarnes.com\\\/?s={search_term_string}\"},\"query-input\":{\"@type\":\"PropertyValueSpecification\",\"valueRequired\":true,\"valueName\":\"search_term_string\"}}],\"inLanguage\":\"en-US\"},{\"@type\":\"Organization\",\"@id\":\"https:\\\/\\\/locorraldarnes.com\\\/#organization\",\"name\":\"Lo corral d'arnes\",\"url\":\"https:\\\/\\\/locorraldarnes.com\\\/\",\"logo\":{\"@type\":\"ImageObject\",\"inLanguage\":\"en-US\",\"@id\":\"https:\\\/\\\/locorraldarnes.com\\\/#\\\/schema\\\/logo\\\/image\\\/\",\"url\":\"https:\\\/\\\/locorraldarnes.com\\\/wp-content\\\/uploads\\\/logo-lo-corral-mini.gif\",\"contentUrl\":\"https:\\\/\\\/locorraldarnes.com\\\/wp-content\\\/uploads\\\/logo-lo-corral-mini.gif\",\"width\":283,\"height\":116,\"caption\":\"Lo corral d'arnes\"},\"image\":{\"@id\":\"https:\\\/\\\/locorraldarnes.com\\\/#\\\/schema\\\/logo\\\/image\\\/\"},\"sameAs\":[\"https:\\\/\\\/www.facebook.com\\\/locorraldarnes\",\"https:\\\/\\\/www.instagram.com\\\/locorraldarnes8087\\\/\"]},{\"@type\":\"Person\",\"@id\":\"https:\\\/\\\/locorraldarnes.com\\\/#\\\/schema\\\/person\\\/014cb61eff277c4d2c65f4e64512915f\",\"name\":\"Lo corral d'arnes\",\"image\":{\"@type\":\"ImageObject\",\"inLanguage\":\"en-US\",\"@id\":\"https:\\\/\\\/secure.gravatar.com\\\/avatar\\\/0ec546518cdc38222ea845d597c90f30ed6748bc9239933ec7c1bfbc090e17f2?s=96&d=mm&r=g\",\"url\":\"https:\\\/\\\/secure.gravatar.com\\\/avatar\\\/0ec546518cdc38222ea845d597c90f30ed6748bc9239933ec7c1bfbc090e17f2?s=96&d=mm&r=g\",\"contentUrl\":\"https:\\\/\\\/secure.gravatar.com\\\/avatar\\\/0ec546518cdc38222ea845d597c90f30ed6748bc9239933ec7c1bfbc090e17f2?s=96&d=mm&r=g\",\"caption\":\"Lo corral d'arnes\"},\"sameAs\":[\"http:\\\/\\\/locorraldarnes.com\"]}]}<\/script>\n<!-- \/ Yoast SEO plugin. -->","yoast_head_json":{"title":"RUTES LO CORRAL D'ARNES: Montoro de Mezquita-Mirador de Vallor\u00e9-Estrechos de Vallor\u00e9 - lo corral d&#039;arnes","description":"Excursi\u00f3 circular des de Montoro de Mezquita al Mirador de Vallor\u00e9, tornant pels Estrets de Villar\u00e9. La Perla del Maestrat.","robots":{"index":"index","follow":"follow","max-snippet":"max-snippet:-1","max-image-preview":"max-image-preview:large","max-video-preview":"max-video-preview:-1"},"canonical":"https:\/\/locorraldarnes.com\/rutes-lo-corral-darnes-montoro-de-mezquita-mirador-de-vallore-estrechos-de-vallore\/","og_locale":"en_US","og_type":"article","og_title":"RUTES LO CORRAL D'ARNES: Montoro de Mezquita-Mirador de Vallor\u00e9-Estrechos de Vallor\u00e9 - lo corral d&#039;arnes","og_description":"Excursi\u00f3 circular des de Montoro de Mezquita al Mirador de Vallor\u00e9, tornant pels Estrets de Villar\u00e9. La Perla del Maestrat.","og_url":"https:\/\/locorraldarnes.com\/rutes-lo-corral-darnes-montoro-de-mezquita-mirador-de-vallore-estrechos-de-vallore\/","og_site_name":"lo corral d&#039;arnes","article_publisher":"https:\/\/www.facebook.com\/locorraldarnes","article_published_time":"2023-11-08T15:36:30+00:00","article_modified_time":"2023-11-08T15:46:06+00:00","og_image":[{"width":756,"height":504,"url":"https:\/\/locorraldarnes.com\/wp-content\/uploads\/2023\/11\/07112023-Montoro-Mezquita-33.jpg","type":"image\/jpeg"}],"author":"Lo corral d'arnes","twitter_card":"summary_large_image","twitter_misc":{"Written by":"Lo corral d'arnes","Est. reading time":"2 minutes"},"schema":{"@context":"https:\/\/schema.org","@graph":[{"@type":"Article","@id":"https:\/\/locorraldarnes.com\/rutes-lo-corral-darnes-montoro-de-mezquita-mirador-de-vallore-estrechos-de-vallore\/#article","isPartOf":{"@id":"https:\/\/locorraldarnes.com\/rutes-lo-corral-darnes-montoro-de-mezquita-mirador-de-vallore-estrechos-de-vallore\/"},"author":{"name":"Lo corral d'arnes","@id":"https:\/\/locorraldarnes.com\/#\/schema\/person\/014cb61eff277c4d2c65f4e64512915f"},"headline":"RUTES LO CORRAL D&#8217;ARNES: Montoro de Mezquita-Mirador de Vallor\u00e9-Estrechos de Vallor\u00e9","datePublished":"2023-11-08T15:36:30+00:00","dateModified":"2023-11-08T15:46:06+00:00","mainEntityOfPage":{"@id":"https:\/\/locorraldarnes.com\/rutes-lo-corral-darnes-montoro-de-mezquita-mirador-de-vallore-estrechos-de-vallore\/"},"wordCount":488,"commentCount":0,"publisher":{"@id":"https:\/\/locorraldarnes.com\/#organization"},"image":{"@id":"https:\/\/locorraldarnes.com\/rutes-lo-corral-darnes-montoro-de-mezquita-mirador-de-vallore-estrechos-de-vallore\/#primaryimage"},"thumbnailUrl":"https:\/\/locorraldarnes.com\/wp-content\/uploads\/2023\/11\/07112023-Montoro-Mezquita-33.jpg","keywords":["Maestrat","Montoro","senderisme"],"articleSection":["allotjament rural","excursions","Ressenyes"],"inLanguage":"en-US","potentialAction":[{"@type":"CommentAction","name":"Comment","target":["https:\/\/locorraldarnes.com\/rutes-lo-corral-darnes-montoro-de-mezquita-mirador-de-vallore-estrechos-de-vallore\/#respond"]}]},{"@type":"WebPage","@id":"https:\/\/locorraldarnes.com\/rutes-lo-corral-darnes-montoro-de-mezquita-mirador-de-vallore-estrechos-de-vallore\/","url":"https:\/\/locorraldarnes.com\/rutes-lo-corral-darnes-montoro-de-mezquita-mirador-de-vallore-estrechos-de-vallore\/","name":"RUTES LO CORRAL D'ARNES: Montoro de Mezquita-Mirador de Vallor\u00e9-Estrechos de Vallor\u00e9 - lo corral d&#039;arnes","isPartOf":{"@id":"https:\/\/locorraldarnes.com\/#website"},"primaryImageOfPage":{"@id":"https:\/\/locorraldarnes.com\/rutes-lo-corral-darnes-montoro-de-mezquita-mirador-de-vallore-estrechos-de-vallore\/#primaryimage"},"image":{"@id":"https:\/\/locorraldarnes.com\/rutes-lo-corral-darnes-montoro-de-mezquita-mirador-de-vallore-estrechos-de-vallore\/#primaryimage"},"thumbnailUrl":"https:\/\/locorraldarnes.com\/wp-content\/uploads\/2023\/11\/07112023-Montoro-Mezquita-33.jpg","datePublished":"2023-11-08T15:36:30+00:00","dateModified":"2023-11-08T15:46:06+00:00","description":"Excursi\u00f3 circular des de Montoro de Mezquita al Mirador de Vallor\u00e9, tornant pels Estrets de Villar\u00e9. La Perla del Maestrat.","breadcrumb":{"@id":"https:\/\/locorraldarnes.com\/rutes-lo-corral-darnes-montoro-de-mezquita-mirador-de-vallore-estrechos-de-vallore\/#breadcrumb"},"inLanguage":"en-US","potentialAction":[{"@type":"ReadAction","target":["https:\/\/locorraldarnes.com\/rutes-lo-corral-darnes-montoro-de-mezquita-mirador-de-vallore-estrechos-de-vallore\/"]}]},{"@type":"ImageObject","inLanguage":"en-US","@id":"https:\/\/locorraldarnes.com\/rutes-lo-corral-darnes-montoro-de-mezquita-mirador-de-vallore-estrechos-de-vallore\/#primaryimage","url":"https:\/\/locorraldarnes.com\/wp-content\/uploads\/2023\/11\/07112023-Montoro-Mezquita-33.jpg","contentUrl":"https:\/\/locorraldarnes.com\/wp-content\/uploads\/2023\/11\/07112023-Montoro-Mezquita-33.jpg","width":756,"height":504,"caption":"Montoro de Mezquita"},{"@type":"BreadcrumbList","@id":"https:\/\/locorraldarnes.com\/rutes-lo-corral-darnes-montoro-de-mezquita-mirador-de-vallore-estrechos-de-vallore\/#breadcrumb","itemListElement":[{"@type":"ListItem","position":1,"name":"Inici","item":"https:\/\/locorraldarnes.com\/"},{"@type":"ListItem","position":2,"name":"RUTES LO CORRAL D&#8217;ARNES: Montoro de Mezquita-Mirador de Vallor\u00e9-Estrechos de Vallor\u00e9"}]},{"@type":"WebSite","@id":"https:\/\/locorraldarnes.com\/#website","url":"https:\/\/locorraldarnes.com\/","name":"lo corral d'arnes","description":"Allotjament rural a Arnes. Estels del Sud. Els Ports","publisher":{"@id":"https:\/\/locorraldarnes.com\/#organization"},"potentialAction":[{"@type":"SearchAction","target":{"@type":"EntryPoint","urlTemplate":"https:\/\/locorraldarnes.com\/?s={search_term_string}"},"query-input":{"@type":"PropertyValueSpecification","valueRequired":true,"valueName":"search_term_string"}}],"inLanguage":"en-US"},{"@type":"Organization","@id":"https:\/\/locorraldarnes.com\/#organization","name":"Lo corral d'arnes","url":"https:\/\/locorraldarnes.com\/","logo":{"@type":"ImageObject","inLanguage":"en-US","@id":"https:\/\/locorraldarnes.com\/#\/schema\/logo\/image\/","url":"https:\/\/locorraldarnes.com\/wp-content\/uploads\/logo-lo-corral-mini.gif","contentUrl":"https:\/\/locorraldarnes.com\/wp-content\/uploads\/logo-lo-corral-mini.gif","width":283,"height":116,"caption":"Lo corral d'arnes"},"image":{"@id":"https:\/\/locorraldarnes.com\/#\/schema\/logo\/image\/"},"sameAs":["https:\/\/www.facebook.com\/locorraldarnes","https:\/\/www.instagram.com\/locorraldarnes8087\/"]},{"@type":"Person","@id":"https:\/\/locorraldarnes.com\/#\/schema\/person\/014cb61eff277c4d2c65f4e64512915f","name":"Lo corral d'arnes","image":{"@type":"ImageObject","inLanguage":"en-US","@id":"https:\/\/secure.gravatar.com\/avatar\/0ec546518cdc38222ea845d597c90f30ed6748bc9239933ec7c1bfbc090e17f2?s=96&d=mm&r=g","url":"https:\/\/secure.gravatar.com\/avatar\/0ec546518cdc38222ea845d597c90f30ed6748bc9239933ec7c1bfbc090e17f2?s=96&d=mm&r=g","contentUrl":"https:\/\/secure.gravatar.com\/avatar\/0ec546518cdc38222ea845d597c90f30ed6748bc9239933ec7c1bfbc090e17f2?s=96&d=mm&r=g","caption":"Lo corral d'arnes"},"sameAs":["http:\/\/locorraldarnes.com"]}]}},"_links":{"self":[{"href":"https:\/\/locorraldarnes.com\/en\/wp-json\/wp\/v2\/posts\/13933","targetHints":{"allow":["GET"]}}],"collection":[{"href":"https:\/\/locorraldarnes.com\/en\/wp-json\/wp\/v2\/posts"}],"about":[{"href":"https:\/\/locorraldarnes.com\/en\/wp-json\/wp\/v2\/types\/post"}],"author":[{"embeddable":true,"href":"https:\/\/locorraldarnes.com\/en\/wp-json\/wp\/v2\/users\/7344"}],"replies":[{"embeddable":true,"href":"https:\/\/locorraldarnes.com\/en\/wp-json\/wp\/v2\/comments?post=13933"}],"version-history":[{"count":0,"href":"https:\/\/locorraldarnes.com\/en\/wp-json\/wp\/v2\/posts\/13933\/revisions"}],"wp:featuredmedia":[{"embeddable":true,"href":"https:\/\/locorraldarnes.com\/en\/wp-json\/wp\/v2\/media\/13967"}],"wp:attachment":[{"href":"https:\/\/locorraldarnes.com\/en\/wp-json\/wp\/v2\/media?parent=13933"}],"wp:term":[{"taxonomy":"category","embeddable":true,"href":"https:\/\/locorraldarnes.com\/en\/wp-json\/wp\/v2\/categories?post=13933"},{"taxonomy":"post_tag","embeddable":true,"href":"https:\/\/locorraldarnes.com\/en\/wp-json\/wp\/v2\/tags?post=13933"}],"curies":[{"name":"wp","href":"https:\/\/api.w.org\/{rel}","templated":true}]}}