{"id":13538,"date":"2022-10-25T11:27:16","date_gmt":"2022-10-25T09:27:16","guid":{"rendered":"https:\/\/locorraldarnes.com\/?p=13538"},"modified":"2022-10-25T11:27:21","modified_gmt":"2022-10-25T09:27:21","slug":"excursio-circular-les-valls-toll-del-vidre","status":"publish","type":"post","link":"https:\/\/locorraldarnes.com\/en\/excursio-circular-les-valls-toll-del-vidre\/","title":{"rendered":"EXCURSI\u00d3 CIRCULAR LES VALLS &#8211; TOLL DEL VIDRE"},"content":{"rendered":"<p>[et_pb_section fb_built=&#8221;1&#8243; admin_label=&#8221;section&#8221; _builder_version=&#8221;4.16&#8243; global_colors_info=&#8221;{}&#8221;][et_pb_row column_structure=&#8221;3_5,2_5&#8243; admin_label=&#8221;row&#8221; _builder_version=&#8221;4.16&#8243; background_size=&#8221;initial&#8221; background_position=&#8221;top_left&#8221; background_repeat=&#8221;repeat&#8221; global_colors_info=&#8221;{}&#8221;][et_pb_column type=&#8221;3_5&#8243; _builder_version=&#8221;4.16&#8243; custom_padding=&#8221;|||&#8221; global_colors_info=&#8221;{}&#8221; custom_padding__hover=&#8221;|||&#8221;][et_pb_text admin_label=&#8221;Text&#8221; _builder_version=&#8221;4.18.0&#8243; background_size=&#8221;initial&#8221; background_position=&#8221;top_left&#8221; background_repeat=&#8221;repeat&#8221; custom_margin=&#8221;||-283px|||&#8221; global_colors_info=&#8221;{}&#8221;]<\/p>\n<h2><\/h2>\n<h1 class=\"d-inline dont-break-out\"><strong>RUTES LO CORRAL D&#8217;ARNES: Circular a Les Valls &#8211; Coll de Xert\u00f3 &#8211; Toll del Vidre.<br \/><\/strong><\/h1>\n<p><strong><u>Descripci\u00f3 del itinerari:<\/u><\/strong><\/p>\n<p><strong>Des de Lo Corral d\u2019Arnes (C\/ Llu\u00eds Companys 65), <\/strong>creuarem tot el poble pel carrer 11 de Setembre, seguirem fins a tocar del Cementiri, i all\u00ed veurem a m\u00e0 esquerra el desvio del Toll del Vidre. <\/p>\n<p><strong>Inici.\u00a0\u00a0\u00a0\u00a0\u00a0\u00a0 0.00 h.\u00a0\u00a0\u00a0 Aparcament de les Valls, 525 m. <\/strong>Arribarem al aparcament per la pista que surt d\u2019Arnes, seguint els indicadors que en front del cementiri indiquen \u201cToll del Vidre\u201d. Els primers 3,5 km. estan asfaltats, fins el Coll de la Creu, despr\u00e9s de 1,2 km. mes de pista de terra, arribarem a un lloc on surt una pista a ma esquerra, amb un senyal de color verd que indica \u201cles Valls\u201d, aqu\u00ed deixarem el vehicle.<\/p>\n<p>Comen\u00e7arem a caminar seguint la pista de terra que s\u2019endinsa en direcci\u00f3 Sud-est, a la nostra esquerra podrem observar alguns camps d\u2019ametllers i d\u2019oliveres. Despr\u00e9s d\u2019una baixada la pista desapareix.<\/p>\n<p>\u00a0<strong>0.11 h.\u00a0\u00a0\u00a0 Final pista i cru\u00eflla de camins, barranc del Mas de Colet, 535 m.<\/strong> En aquest punt s\u2019acaba la pista que segu\u00edem i apareixen varies sendes, haurem de ignorar tant la que surt cap a la dreta per anar al riu, com la que se\u2019n va cap a l\u2019esquerra i puja al Coll de la Creu pel Mas de Colet. Nosaltres seguirem la que puja cap el est, gaireb\u00e9 seguint la mateixa direcci\u00f3 que d\u00faiem, aquest cam\u00ed tamb\u00e9 est\u00e0 senyalitzat amb marques grogues i les blaves de la travessa \u201cEstels del Sud\u201d. Despr\u00e9s de la primera pujada el cam\u00ed planeja, se\u2019ns ofereixen unes vistes espl\u00e8ndides a la nostra dreta de la enlairada Punta del Moll\u00f3. Per sota nostre el riuet ens mostra un seguit de tolls d\u2019aig\u00fces cristal\u00b7lines que dif\u00edcilment ens deixaran indiferents si fem aquest itinerari en temps d\u2019estiu. Despr\u00e9s d\u2019una baixadeta arribem al riu.<\/p>\n<p>\u00a0<strong>0.19 h.\u00a0\u00a0\u00a0 Riu de les Valls, 545 m. <\/strong>Ara ja estem a tocar de l\u2019aigua, per\u00f2 el que ens deixar\u00e0 embadalits es la visi\u00f3 dels espadats de la Roca Grossa, i especialment el perfil retallat contra el cel del esper\u00f3 de la Roca Dreta de les Valls, per on s\u2019hi enlairen diversos itineraris d\u2019escalada. Seguirem el cam\u00ed paral\u00b7lel al riuet, per la seva riba dreta. Anem per un tram molt rocall\u00f3s.<\/p>\n<p><strong>\u00a0<\/strong><strong>0.36 h.\u00a0\u00a0\u00a0 Cru\u00eflla de sendes, 570 m.<\/strong> Al capdamunt d\u2019un llom roc\u00f3s podrem observar a la nostra esquerra que surt un sender\u00f3 desdibuixat marcat amb unes fites de pedra i alguns senyals de pintura. Es el pujador del Puntalet. Per no gaire bon cam\u00ed i amb algunes grimpades ens pujaria a dalt del Serrat de la Ballestera, per aquest pujador habitualment sols hi trobarem a les reines del lloc, les cabres, i algun escalador assedegat que baixa de la Roca Grossa. Nosaltres seguirem recte pel nostre cam\u00ed.<\/p>\n<p>\u00a0<strong>0.40 h.\u00a0\u00a0\u00a0 Barranquet del Aigua Clara. 565 m. <\/strong>Travessarem el barranquet del Aigua Clara, ara ja habitualment, i per desgracia, sense aigua i seguim el nostre cam\u00ed.<\/p>\n<p>\u00a0<strong>0.45 h.\u00a0\u00a0\u00a0 Riu de les Valls. 565 m. <\/strong>\u00a0El cam\u00ed ens ha tornat a portar a tocar del riu, en cas de crescuda aquest pas es pot evitar per l\u2019esquerra donant una curta volta. A l\u2019altra banda del riu podem veure el poc que queda del Mas de Botzut, la seva era i els camps erms.<\/p>\n<p><strong>0.53 h.\u00a0\u00a0\u00a0 Prats de Les Valls. 570 m. \u00a0<\/strong>La vegetaci\u00f3 que hem tingut en tot el cam\u00ed fins aqu\u00ed ha estat d\u2019all\u00f2 mes sec i arbustiu, per\u00f2 en aquest punt canvia radicalment. Semblaria que podr\u00edem ser en qualsevol prat dels Pirineus, per\u00f2 no, estem als Ports, terra de forts contrastos. Si mirem cap a la nostra esquerra veurem les runes del antic Mas de les Valls, quin encert fer-se la casa en aquest lloc. Nosaltres seguirem per sota del mur de pedra seca cap a la dreta, i paral\u00b7lels al riu fins els gual.<\/p>\n<p>\u00a0<strong>0.54 h.\u00a0\u00a0\u00a0 Gual del riu i senyal indicador del Parc Natural. 570 m. <\/strong>Un cop travessat el riuet veurem el senyal del Parc, haurem de seguir pel cam\u00ed de la dreta, indicat com a Coll de Xert\u00f3. Com fins ara, tamb\u00e9 anirem trobant senyals de pintura groga i de Estels del Sud. Si teniu la sort de fer aquest itinerari a principis d\u2019estiu, a banda de poder gaudir del bany als tolls que acabem de passar, tamb\u00e9 podreu gaudir d\u2019un altra espectacle de la natura: la floraci\u00f3 de les dotzenes i dotzenes de rosers silvestres que inunden la vall per la que anirem pujant fins el Coll. La vista i sobretot l\u2019olfacte \u201cxalaran\u201d de valent. La pujada es de bon fer per antics bancals de cultiu i en no gaire estona arribarem al coll.<\/p>\n<p>\u00a0<strong>1.31 h.\u00a0\u00a0\u00a0 Coll de Xert\u00f3. 725 m. <\/strong>El coll queda limitat al Nord-oest pels impressionants espadats del Serrat de les Clapisses, que ens acompanyaran en tota la baixada per mig del bosquet de pins i carrasques.<\/p>\n<p>\u00a0<strong>1.47 h.\u00a0\u00a0\u00a0 Cru\u00eflla de camins. 592 m. <\/strong>\u00a0A la nostra dreta se\u2019n va el cam\u00ed que baixa directa a la pista, per\u00f2 nosaltres seguirem el de la dreta.<\/p>\n<p>\u00a0<strong>1.59 h.\u00a0\u00a0\u00a0 Cru\u00eflla amb la pista que baixa del Mas de Pau pel riu Algars. 550 m.\u00a0 <\/strong>Hem arribat a la pista principal. Si la segu\u00edssim cap a l\u2019esquerra al cap d\u2019uns 4 km. arribar\u00edem al Mas de Pau, bonic llogaret a l\u2019ombra d\u2019un roure i una carrasca de mides monumentals. Tamb\u00e9 hi ha una font. Aix\u00f2 si, per arribar-hi haur\u00edem de travessar nou vegades el riu Algars, riu que fa de separaci\u00f3 administrativa de les comunitats de Catalunya i Arag\u00f3. Nosaltres seguirem per la pista cap a la dreta.<\/p>\n<p><strong>\u00a0<\/strong><strong>2.03 h.\u00a0\u00a0\u00a0 Senyal indicador del Toll del Vidre, font. 560 m. \u00a0<\/strong>Ja hem arribat a l\u2019altre lloc \u201cestrella\u201d de la excursi\u00f3: el Toll del Vidre. Des de el senyal, veurem que baixa un bon cam\u00ed cap a l\u2019esquerra, si el seguim ens dur\u00e0 a la part de dalt de la cascada del Toll del Vidre. A l\u2019altra banda del riu veurem la font, normalment podrem travessar el riu sense gaires problemes, per\u00f2 en cas de crescuda, haurem de prendre precaucions o incl\u00fas renunciar a creuar-lo. Si baixem la escala arranjada pel Parc Natural, arribarem a la platgeta de c\u00f2dols que ens permetr\u00e0 accedir a les seves aig\u00fces cristal\u00b7lines. Despr\u00e9s del bany, si s\u2019escau, tornarem a la pista principal i la seguirem en la mateixa direcci\u00f3 que port\u00e0vem.<\/p>\n<p><strong>\u00a0<\/strong><strong>2.15 h. \u00a0\u00a0 Mas de Manel. 545 m. <\/strong>A la nostra esquerra apareix el Mas de Manel, rodejat de camps d\u2019ametllers.<\/p>\n<p><strong>2.24 h. \u00a0\u00a0 Mas de Miralles. 540 m. \u00a0<\/strong>Una mica enlairat a la nostra dreta, i naturalment rodejat de camps d\u2019ametllers i oliveres veurem el Mas de Miralles.<\/p>\n<p><strong>\u00a0<\/strong><strong>2.28 h. \u00a0\u00a0 Cru\u00eflla amb la pista de Beseit. 530 m. <\/strong>\u00a0A la nostra esquerra veurem com se\u2019n va la pista que du a Beseit.<\/p>\n<p>\u00a0<strong>2.30 h. \u00a0\u00a0 Forn de Cal\u00e7. 525 m. <\/strong>En aquest punt, i a la nostra esquerra, trobarem les restes d\u2019un antic forn de cal\u00e7.<\/p>\n<p>\u00a0<strong>2.32 h. \u00a0\u00a0 Aparcament de les Valls, punt inici \u2013 final de l\u2019excursi\u00f3. \u00a0525 m. \u00a0<\/strong>Final del itinerari.<\/p>\n<div class=\"row\">\n<div class=\"col-md-8\">\n<p>Aqu\u00ed teniu el link amb el <a href=\"\" target=\"_blank\" rel=\"noopener\"><strong>track de l&#8217;itinerari<\/strong>.<\/a><\/p>\n<p>Que gaudiu de l&#8217;excursi\u00f3.<\/p>\n<p>Salut<\/p>\n<p>&nbsp;<\/p>\n<div class=\"entry-content-asset videofit\"><\/div>\n<p>&nbsp;<\/p>\n<\/div>\n<div class=\"col-md-4\">\n<p>&nbsp;<\/p>\n<p>&nbsp;<\/p>\n<p>&nbsp;<\/p>\n<p>&nbsp;<\/p>\n<p>&nbsp;<\/p>\n<p>&nbsp;<\/p>\n<\/div>\n<\/div>\n<p>&nbsp;<\/p>\n<p>&nbsp;<\/p>\n<p>&nbsp;<\/p>\n<div style=\"color: #777; font-size: 11px; line-height: 16px;\"><\/div>\n<p>&nbsp;<\/p>\n<p>[\/et_pb_text][\/et_pb_column][et_pb_column type=&#8221;2_5&#8243; _builder_version=&#8221;4.16&#8243; custom_padding=&#8221;|||&#8221; global_colors_info=&#8221;{}&#8221; custom_padding__hover=&#8221;|||&#8221;][et_pb_gallery gallery_ids=&#8221;13547,13551,13555,13559,13563,13567,13571,13575,13579,13583,13587,13591,13595,13599,13603&#8243; posts_number=&#8221;30&#8243; show_title_and_caption=&#8221;off&#8221; show_pagination=&#8221;off&#8221; _builder_version=&#8221;4.18.0&#8243; _module_preset=&#8221;default&#8221; global_colors_info=&#8221;{}&#8221;][\/et_pb_gallery][\/et_pb_column][\/et_pb_row][\/et_pb_section]<\/p>\n<span class=\"et_bloom_bottom_trigger\"><\/span>","protected":false},"excerpt":{"rendered":"<p>RUTES LO CORRAL D&#8217;ARNES: Circular a Les Valls &#8211; Coll de Xert\u00f3 &#8211; Toll del Vidre. Descripci\u00f3 del itinerari: Des de Lo Corral d\u2019Arnes (C\/ Llu\u00eds Companys 65), creuarem tot el poble pel carrer 11 de Setembre, seguirem fins a tocar del Cementiri, i all\u00ed veurem a m\u00e0 esquerra el desvio del Toll del Vidre. [&hellip;]<\/p>\n","protected":false},"author":7344,"featured_media":13608,"comment_status":"open","ping_status":"open","sticky":false,"template":"","format":"standard","meta":{"_et_pb_use_builder":"on","_et_pb_old_content":"","_et_gb_content_width":"","footnotes":""},"categories":[413,28,4,429],"tags":[11,220,223],"class_list":["post-13538","post","type-post","status-publish","format-standard","has-post-thumbnail","hentry","category-allotjament-rural","category-els-ports","category-excursions","category-ressenyes","tag-arnes","tag-els-ports","tag-senderisme"],"yoast_head":"<!-- This site is optimized with the Yoast SEO plugin v27.5 - https:\/\/yoast.com\/product\/yoast-seo-wordpress\/ -->\n<title>EXCURSI\u00d3 CIRCULAR LES VALLS - TOLL DEL VIDRE - lo corral d&#039;arnes<\/title>\n<meta name=\"description\" content=\"Es tracta de la popular volta a la Moleta del Moll\u00f3, comen\u00e7ant al aparcament de Les Valls, seguint per la pista en direcci\u00f3 al Toll del Vidre i la seva font, seguim fins el primer gual i abans de creuar haurem de seguir el sender\u00f3 de l&#039;esquerra, pujarem a saltar el Coll de Xert\u00f3 i baixarem cap a les Valls i el vehicle.\" \/>\n<meta name=\"robots\" content=\"index, follow, max-snippet:-1, max-image-preview:large, max-video-preview:-1\" \/>\n<link rel=\"canonical\" href=\"https:\/\/locorraldarnes.com\/excursio-circular-les-valls-toll-del-vidre\/\" \/>\n<meta property=\"og:locale\" content=\"en_US\" \/>\n<meta property=\"og:type\" content=\"article\" \/>\n<meta property=\"og:title\" content=\"EXCURSI\u00d3 CIRCULAR LES VALLS - TOLL DEL VIDRE - lo corral d&#039;arnes\" \/>\n<meta property=\"og:description\" content=\"Es tracta de la popular volta a la Moleta del Moll\u00f3, comen\u00e7ant al aparcament de Les Valls, seguint per la pista en direcci\u00f3 al Toll del Vidre i la seva font, seguim fins el primer gual i abans de creuar haurem de seguir el sender\u00f3 de l&#039;esquerra, pujarem a saltar el Coll de Xert\u00f3 i baixarem cap a les Valls i el vehicle.\" \/>\n<meta property=\"og:url\" content=\"https:\/\/locorraldarnes.com\/excursio-circular-les-valls-toll-del-vidre\/\" \/>\n<meta property=\"og:site_name\" content=\"lo corral d&#039;arnes\" \/>\n<meta property=\"article:publisher\" content=\"https:\/\/www.facebook.com\/locorraldarnes\" \/>\n<meta property=\"article:published_time\" content=\"2022-10-25T09:27:16+00:00\" \/>\n<meta property=\"article:modified_time\" content=\"2022-10-25T09:27:21+00:00\" \/>\n<meta property=\"og:image\" content=\"https:\/\/locorraldarnes.com\/wp-content\/uploads\/2022\/10\/Font-del-Toll-del-Vidre.jpg\" \/>\n\t<meta property=\"og:image:width\" content=\"600\" \/>\n\t<meta property=\"og:image:height\" content=\"400\" \/>\n\t<meta property=\"og:image:type\" content=\"image\/jpeg\" \/>\n<meta name=\"author\" content=\"Lo corral d&#039;arnes\" \/>\n<meta name=\"twitter:card\" content=\"summary_large_image\" \/>\n<meta name=\"twitter:label1\" content=\"Written by\" \/>\n\t<meta name=\"twitter:data1\" content=\"Lo corral d&#039;arnes\" \/>\n\t<meta name=\"twitter:label2\" content=\"Est. reading time\" \/>\n\t<meta name=\"twitter:data2\" content=\"7 minutes\" \/>\n<script type=\"application\/ld+json\" class=\"yoast-schema-graph\">{\"@context\":\"https:\\\/\\\/schema.org\",\"@graph\":[{\"@type\":\"Article\",\"@id\":\"https:\\\/\\\/locorraldarnes.com\\\/excursio-circular-les-valls-toll-del-vidre\\\/#article\",\"isPartOf\":{\"@id\":\"https:\\\/\\\/locorraldarnes.com\\\/excursio-circular-les-valls-toll-del-vidre\\\/\"},\"author\":{\"name\":\"Lo corral d'arnes\",\"@id\":\"https:\\\/\\\/locorraldarnes.com\\\/#\\\/schema\\\/person\\\/014cb61eff277c4d2c65f4e64512915f\"},\"headline\":\"EXCURSI\u00d3 CIRCULAR LES VALLS &#8211; TOLL DEL VIDRE\",\"datePublished\":\"2022-10-25T09:27:16+00:00\",\"dateModified\":\"2022-10-25T09:27:21+00:00\",\"mainEntityOfPage\":{\"@id\":\"https:\\\/\\\/locorraldarnes.com\\\/excursio-circular-les-valls-toll-del-vidre\\\/\"},\"wordCount\":1364,\"commentCount\":0,\"publisher\":{\"@id\":\"https:\\\/\\\/locorraldarnes.com\\\/#organization\"},\"image\":{\"@id\":\"https:\\\/\\\/locorraldarnes.com\\\/excursio-circular-les-valls-toll-del-vidre\\\/#primaryimage\"},\"thumbnailUrl\":\"https:\\\/\\\/locorraldarnes.com\\\/wp-content\\\/uploads\\\/2022\\\/10\\\/Font-del-Toll-del-Vidre.jpg\",\"keywords\":[\"Arnes\",\"Els Ports\",\"senderisme\"],\"articleSection\":[\"allotjament rural\",\"Els Ports\",\"excursions\",\"Ressenyes\"],\"inLanguage\":\"en-US\",\"potentialAction\":[{\"@type\":\"CommentAction\",\"name\":\"Comment\",\"target\":[\"https:\\\/\\\/locorraldarnes.com\\\/excursio-circular-les-valls-toll-del-vidre\\\/#respond\"]}]},{\"@type\":\"WebPage\",\"@id\":\"https:\\\/\\\/locorraldarnes.com\\\/excursio-circular-les-valls-toll-del-vidre\\\/\",\"url\":\"https:\\\/\\\/locorraldarnes.com\\\/excursio-circular-les-valls-toll-del-vidre\\\/\",\"name\":\"EXCURSI\u00d3 CIRCULAR LES VALLS - TOLL DEL VIDRE - lo corral d&#039;arnes\",\"isPartOf\":{\"@id\":\"https:\\\/\\\/locorraldarnes.com\\\/#website\"},\"primaryImageOfPage\":{\"@id\":\"https:\\\/\\\/locorraldarnes.com\\\/excursio-circular-les-valls-toll-del-vidre\\\/#primaryimage\"},\"image\":{\"@id\":\"https:\\\/\\\/locorraldarnes.com\\\/excursio-circular-les-valls-toll-del-vidre\\\/#primaryimage\"},\"thumbnailUrl\":\"https:\\\/\\\/locorraldarnes.com\\\/wp-content\\\/uploads\\\/2022\\\/10\\\/Font-del-Toll-del-Vidre.jpg\",\"datePublished\":\"2022-10-25T09:27:16+00:00\",\"dateModified\":\"2022-10-25T09:27:21+00:00\",\"description\":\"Es tracta de la popular volta a la Moleta del Moll\u00f3, comen\u00e7ant al aparcament de Les Valls, seguint per la pista en direcci\u00f3 al Toll del Vidre i la seva font, seguim fins el primer gual i abans de creuar haurem de seguir el sender\u00f3 de l'esquerra, pujarem a saltar el Coll de Xert\u00f3 i baixarem cap a les Valls i el vehicle.\",\"breadcrumb\":{\"@id\":\"https:\\\/\\\/locorraldarnes.com\\\/excursio-circular-les-valls-toll-del-vidre\\\/#breadcrumb\"},\"inLanguage\":\"en-US\",\"potentialAction\":[{\"@type\":\"ReadAction\",\"target\":[\"https:\\\/\\\/locorraldarnes.com\\\/excursio-circular-les-valls-toll-del-vidre\\\/\"]}]},{\"@type\":\"ImageObject\",\"inLanguage\":\"en-US\",\"@id\":\"https:\\\/\\\/locorraldarnes.com\\\/excursio-circular-les-valls-toll-del-vidre\\\/#primaryimage\",\"url\":\"https:\\\/\\\/locorraldarnes.com\\\/wp-content\\\/uploads\\\/2022\\\/10\\\/Font-del-Toll-del-Vidre.jpg\",\"contentUrl\":\"https:\\\/\\\/locorraldarnes.com\\\/wp-content\\\/uploads\\\/2022\\\/10\\\/Font-del-Toll-del-Vidre.jpg\",\"width\":600,\"height\":400,\"caption\":\"Font del Toll del Vidre\"},{\"@type\":\"BreadcrumbList\",\"@id\":\"https:\\\/\\\/locorraldarnes.com\\\/excursio-circular-les-valls-toll-del-vidre\\\/#breadcrumb\",\"itemListElement\":[{\"@type\":\"ListItem\",\"position\":1,\"name\":\"Inici\",\"item\":\"https:\\\/\\\/locorraldarnes.com\\\/\"},{\"@type\":\"ListItem\",\"position\":2,\"name\":\"EXCURSI\u00d3 CIRCULAR LES VALLS &#8211; TOLL DEL VIDRE\"}]},{\"@type\":\"WebSite\",\"@id\":\"https:\\\/\\\/locorraldarnes.com\\\/#website\",\"url\":\"https:\\\/\\\/locorraldarnes.com\\\/\",\"name\":\"lo corral d'arnes\",\"description\":\"Allotjament rural a Arnes. Estels del Sud. Els Ports\",\"publisher\":{\"@id\":\"https:\\\/\\\/locorraldarnes.com\\\/#organization\"},\"potentialAction\":[{\"@type\":\"SearchAction\",\"target\":{\"@type\":\"EntryPoint\",\"urlTemplate\":\"https:\\\/\\\/locorraldarnes.com\\\/?s={search_term_string}\"},\"query-input\":{\"@type\":\"PropertyValueSpecification\",\"valueRequired\":true,\"valueName\":\"search_term_string\"}}],\"inLanguage\":\"en-US\"},{\"@type\":\"Organization\",\"@id\":\"https:\\\/\\\/locorraldarnes.com\\\/#organization\",\"name\":\"Lo corral d'arnes\",\"url\":\"https:\\\/\\\/locorraldarnes.com\\\/\",\"logo\":{\"@type\":\"ImageObject\",\"inLanguage\":\"en-US\",\"@id\":\"https:\\\/\\\/locorraldarnes.com\\\/#\\\/schema\\\/logo\\\/image\\\/\",\"url\":\"https:\\\/\\\/locorraldarnes.com\\\/wp-content\\\/uploads\\\/logo-lo-corral-mini.gif\",\"contentUrl\":\"https:\\\/\\\/locorraldarnes.com\\\/wp-content\\\/uploads\\\/logo-lo-corral-mini.gif\",\"width\":283,\"height\":116,\"caption\":\"Lo corral d'arnes\"},\"image\":{\"@id\":\"https:\\\/\\\/locorraldarnes.com\\\/#\\\/schema\\\/logo\\\/image\\\/\"},\"sameAs\":[\"https:\\\/\\\/www.facebook.com\\\/locorraldarnes\",\"https:\\\/\\\/www.instagram.com\\\/locorraldarnes8087\\\/\"]},{\"@type\":\"Person\",\"@id\":\"https:\\\/\\\/locorraldarnes.com\\\/#\\\/schema\\\/person\\\/014cb61eff277c4d2c65f4e64512915f\",\"name\":\"Lo corral d'arnes\",\"image\":{\"@type\":\"ImageObject\",\"inLanguage\":\"en-US\",\"@id\":\"https:\\\/\\\/secure.gravatar.com\\\/avatar\\\/0ec546518cdc38222ea845d597c90f30ed6748bc9239933ec7c1bfbc090e17f2?s=96&d=mm&r=g\",\"url\":\"https:\\\/\\\/secure.gravatar.com\\\/avatar\\\/0ec546518cdc38222ea845d597c90f30ed6748bc9239933ec7c1bfbc090e17f2?s=96&d=mm&r=g\",\"contentUrl\":\"https:\\\/\\\/secure.gravatar.com\\\/avatar\\\/0ec546518cdc38222ea845d597c90f30ed6748bc9239933ec7c1bfbc090e17f2?s=96&d=mm&r=g\",\"caption\":\"Lo corral d'arnes\"},\"sameAs\":[\"http:\\\/\\\/locorraldarnes.com\"]}]}<\/script>\n<!-- \/ Yoast SEO plugin. -->","yoast_head_json":{"title":"EXCURSI\u00d3 CIRCULAR LES VALLS - TOLL DEL VIDRE - lo corral d&#039;arnes","description":"Es tracta de la popular volta a la Moleta del Moll\u00f3, comen\u00e7ant al aparcament de Les Valls, seguint per la pista en direcci\u00f3 al Toll del Vidre i la seva font, seguim fins el primer gual i abans de creuar haurem de seguir el sender\u00f3 de l'esquerra, pujarem a saltar el Coll de Xert\u00f3 i baixarem cap a les Valls i el vehicle.","robots":{"index":"index","follow":"follow","max-snippet":"max-snippet:-1","max-image-preview":"max-image-preview:large","max-video-preview":"max-video-preview:-1"},"canonical":"https:\/\/locorraldarnes.com\/excursio-circular-les-valls-toll-del-vidre\/","og_locale":"en_US","og_type":"article","og_title":"EXCURSI\u00d3 CIRCULAR LES VALLS - TOLL DEL VIDRE - lo corral d&#039;arnes","og_description":"Es tracta de la popular volta a la Moleta del Moll\u00f3, comen\u00e7ant al aparcament de Les Valls, seguint per la pista en direcci\u00f3 al Toll del Vidre i la seva font, seguim fins el primer gual i abans de creuar haurem de seguir el sender\u00f3 de l'esquerra, pujarem a saltar el Coll de Xert\u00f3 i baixarem cap a les Valls i el vehicle.","og_url":"https:\/\/locorraldarnes.com\/excursio-circular-les-valls-toll-del-vidre\/","og_site_name":"lo corral d&#039;arnes","article_publisher":"https:\/\/www.facebook.com\/locorraldarnes","article_published_time":"2022-10-25T09:27:16+00:00","article_modified_time":"2022-10-25T09:27:21+00:00","og_image":[{"width":600,"height":400,"url":"https:\/\/locorraldarnes.com\/wp-content\/uploads\/2022\/10\/Font-del-Toll-del-Vidre.jpg","type":"image\/jpeg"}],"author":"Lo corral d'arnes","twitter_card":"summary_large_image","twitter_misc":{"Written by":"Lo corral d'arnes","Est. reading time":"7 minutes"},"schema":{"@context":"https:\/\/schema.org","@graph":[{"@type":"Article","@id":"https:\/\/locorraldarnes.com\/excursio-circular-les-valls-toll-del-vidre\/#article","isPartOf":{"@id":"https:\/\/locorraldarnes.com\/excursio-circular-les-valls-toll-del-vidre\/"},"author":{"name":"Lo corral d'arnes","@id":"https:\/\/locorraldarnes.com\/#\/schema\/person\/014cb61eff277c4d2c65f4e64512915f"},"headline":"EXCURSI\u00d3 CIRCULAR LES VALLS &#8211; TOLL DEL VIDRE","datePublished":"2022-10-25T09:27:16+00:00","dateModified":"2022-10-25T09:27:21+00:00","mainEntityOfPage":{"@id":"https:\/\/locorraldarnes.com\/excursio-circular-les-valls-toll-del-vidre\/"},"wordCount":1364,"commentCount":0,"publisher":{"@id":"https:\/\/locorraldarnes.com\/#organization"},"image":{"@id":"https:\/\/locorraldarnes.com\/excursio-circular-les-valls-toll-del-vidre\/#primaryimage"},"thumbnailUrl":"https:\/\/locorraldarnes.com\/wp-content\/uploads\/2022\/10\/Font-del-Toll-del-Vidre.jpg","keywords":["Arnes","Els Ports","senderisme"],"articleSection":["allotjament rural","Els Ports","excursions","Ressenyes"],"inLanguage":"en-US","potentialAction":[{"@type":"CommentAction","name":"Comment","target":["https:\/\/locorraldarnes.com\/excursio-circular-les-valls-toll-del-vidre\/#respond"]}]},{"@type":"WebPage","@id":"https:\/\/locorraldarnes.com\/excursio-circular-les-valls-toll-del-vidre\/","url":"https:\/\/locorraldarnes.com\/excursio-circular-les-valls-toll-del-vidre\/","name":"EXCURSI\u00d3 CIRCULAR LES VALLS - TOLL DEL VIDRE - lo corral d&#039;arnes","isPartOf":{"@id":"https:\/\/locorraldarnes.com\/#website"},"primaryImageOfPage":{"@id":"https:\/\/locorraldarnes.com\/excursio-circular-les-valls-toll-del-vidre\/#primaryimage"},"image":{"@id":"https:\/\/locorraldarnes.com\/excursio-circular-les-valls-toll-del-vidre\/#primaryimage"},"thumbnailUrl":"https:\/\/locorraldarnes.com\/wp-content\/uploads\/2022\/10\/Font-del-Toll-del-Vidre.jpg","datePublished":"2022-10-25T09:27:16+00:00","dateModified":"2022-10-25T09:27:21+00:00","description":"Es tracta de la popular volta a la Moleta del Moll\u00f3, comen\u00e7ant al aparcament de Les Valls, seguint per la pista en direcci\u00f3 al Toll del Vidre i la seva font, seguim fins el primer gual i abans de creuar haurem de seguir el sender\u00f3 de l'esquerra, pujarem a saltar el Coll de Xert\u00f3 i baixarem cap a les Valls i el vehicle.","breadcrumb":{"@id":"https:\/\/locorraldarnes.com\/excursio-circular-les-valls-toll-del-vidre\/#breadcrumb"},"inLanguage":"en-US","potentialAction":[{"@type":"ReadAction","target":["https:\/\/locorraldarnes.com\/excursio-circular-les-valls-toll-del-vidre\/"]}]},{"@type":"ImageObject","inLanguage":"en-US","@id":"https:\/\/locorraldarnes.com\/excursio-circular-les-valls-toll-del-vidre\/#primaryimage","url":"https:\/\/locorraldarnes.com\/wp-content\/uploads\/2022\/10\/Font-del-Toll-del-Vidre.jpg","contentUrl":"https:\/\/locorraldarnes.com\/wp-content\/uploads\/2022\/10\/Font-del-Toll-del-Vidre.jpg","width":600,"height":400,"caption":"Font del Toll del Vidre"},{"@type":"BreadcrumbList","@id":"https:\/\/locorraldarnes.com\/excursio-circular-les-valls-toll-del-vidre\/#breadcrumb","itemListElement":[{"@type":"ListItem","position":1,"name":"Inici","item":"https:\/\/locorraldarnes.com\/"},{"@type":"ListItem","position":2,"name":"EXCURSI\u00d3 CIRCULAR LES VALLS &#8211; TOLL DEL VIDRE"}]},{"@type":"WebSite","@id":"https:\/\/locorraldarnes.com\/#website","url":"https:\/\/locorraldarnes.com\/","name":"lo corral d'arnes","description":"Allotjament rural a Arnes. Estels del Sud. Els Ports","publisher":{"@id":"https:\/\/locorraldarnes.com\/#organization"},"potentialAction":[{"@type":"SearchAction","target":{"@type":"EntryPoint","urlTemplate":"https:\/\/locorraldarnes.com\/?s={search_term_string}"},"query-input":{"@type":"PropertyValueSpecification","valueRequired":true,"valueName":"search_term_string"}}],"inLanguage":"en-US"},{"@type":"Organization","@id":"https:\/\/locorraldarnes.com\/#organization","name":"Lo corral d'arnes","url":"https:\/\/locorraldarnes.com\/","logo":{"@type":"ImageObject","inLanguage":"en-US","@id":"https:\/\/locorraldarnes.com\/#\/schema\/logo\/image\/","url":"https:\/\/locorraldarnes.com\/wp-content\/uploads\/logo-lo-corral-mini.gif","contentUrl":"https:\/\/locorraldarnes.com\/wp-content\/uploads\/logo-lo-corral-mini.gif","width":283,"height":116,"caption":"Lo corral d'arnes"},"image":{"@id":"https:\/\/locorraldarnes.com\/#\/schema\/logo\/image\/"},"sameAs":["https:\/\/www.facebook.com\/locorraldarnes","https:\/\/www.instagram.com\/locorraldarnes8087\/"]},{"@type":"Person","@id":"https:\/\/locorraldarnes.com\/#\/schema\/person\/014cb61eff277c4d2c65f4e64512915f","name":"Lo corral d'arnes","image":{"@type":"ImageObject","inLanguage":"en-US","@id":"https:\/\/secure.gravatar.com\/avatar\/0ec546518cdc38222ea845d597c90f30ed6748bc9239933ec7c1bfbc090e17f2?s=96&d=mm&r=g","url":"https:\/\/secure.gravatar.com\/avatar\/0ec546518cdc38222ea845d597c90f30ed6748bc9239933ec7c1bfbc090e17f2?s=96&d=mm&r=g","contentUrl":"https:\/\/secure.gravatar.com\/avatar\/0ec546518cdc38222ea845d597c90f30ed6748bc9239933ec7c1bfbc090e17f2?s=96&d=mm&r=g","caption":"Lo corral d'arnes"},"sameAs":["http:\/\/locorraldarnes.com"]}]}},"_links":{"self":[{"href":"https:\/\/locorraldarnes.com\/en\/wp-json\/wp\/v2\/posts\/13538","targetHints":{"allow":["GET"]}}],"collection":[{"href":"https:\/\/locorraldarnes.com\/en\/wp-json\/wp\/v2\/posts"}],"about":[{"href":"https:\/\/locorraldarnes.com\/en\/wp-json\/wp\/v2\/types\/post"}],"author":[{"embeddable":true,"href":"https:\/\/locorraldarnes.com\/en\/wp-json\/wp\/v2\/users\/7344"}],"replies":[{"embeddable":true,"href":"https:\/\/locorraldarnes.com\/en\/wp-json\/wp\/v2\/comments?post=13538"}],"version-history":[{"count":0,"href":"https:\/\/locorraldarnes.com\/en\/wp-json\/wp\/v2\/posts\/13538\/revisions"}],"wp:featuredmedia":[{"embeddable":true,"href":"https:\/\/locorraldarnes.com\/en\/wp-json\/wp\/v2\/media\/13608"}],"wp:attachment":[{"href":"https:\/\/locorraldarnes.com\/en\/wp-json\/wp\/v2\/media?parent=13538"}],"wp:term":[{"taxonomy":"category","embeddable":true,"href":"https:\/\/locorraldarnes.com\/en\/wp-json\/wp\/v2\/categories?post=13538"},{"taxonomy":"post_tag","embeddable":true,"href":"https:\/\/locorraldarnes.com\/en\/wp-json\/wp\/v2\/tags?post=13538"}],"curies":[{"name":"wp","href":"https:\/\/api.w.org\/{rel}","templated":true}]}}