{"id":13328,"date":"2021-11-23T18:45:19","date_gmt":"2021-11-23T17:45:19","guid":{"rendered":"https:\/\/locorraldarnes.com\/?p=13328"},"modified":"2021-11-23T18:45:25","modified_gmt":"2021-11-23T17:45:25","slug":"rutes-lo-corral-darnes-itinerari-de-la-palanca","status":"publish","type":"post","link":"https:\/\/locorraldarnes.com\/en\/rutes-lo-corral-darnes-itinerari-de-la-palanca\/","title":{"rendered":"RUTES LO CORRAL D\u2019ARNES: Itinerari de la Palanca"},"content":{"rendered":"<p>[et_pb_section fb_built=&#8221;1&#8243; admin_label=&#8221;section&#8221; _builder_version=&#8221;3.22&#8243; global_colors_info=&#8221;{}&#8221;][et_pb_row column_structure=&#8221;3_5,2_5&#8243; admin_label=&#8221;row&#8221; _builder_version=&#8221;3.25&#8243; background_size=&#8221;initial&#8221; background_position=&#8221;top_left&#8221; background_repeat=&#8221;repeat&#8221; global_colors_info=&#8221;{}&#8221;][et_pb_column type=&#8221;3_5&#8243; _builder_version=&#8221;3.25&#8243; custom_padding=&#8221;|||&#8221; global_colors_info=&#8221;{}&#8221; custom_padding__hover=&#8221;|||&#8221;][et_pb_text admin_label=&#8221;Text&#8221; _builder_version=&#8221;4.14.0&#8243; background_size=&#8221;initial&#8221; background_position=&#8221;top_left&#8221; background_repeat=&#8221;repeat&#8221; custom_margin=&#8221;||-283px|||&#8221; global_colors_info=&#8221;{}&#8221;]<\/p>\n<h2><\/h2>\n<h1 class=\"d-inline dont-break-out\"><strong>RUTES LO CORRAL D&#8217;ARNES: La Palanca des de Lo Corral d\u2019Arnes: Mol\u00ed de l\u2019oli, Sta. Madrona, Font del Cigr\u00f3, La Palanca, antic safareig, els horts dels Calciners, S\u00ednia, Povet de la Neu, Arnes.<\/strong><\/h1>\n<p><strong><u>Descripci\u00f3 del itinerari:<\/u><\/strong><\/p>\n<p><strong>Des de Lo Corral d\u2019Arnes (C\/ Llu\u00eds Companys 65), <\/strong>pujarem cap a la Pla\u00e7a de la Vila per visitar l\u2019edifici renaixentista de l\u2019Ajuntament i pel carrer Sta. Madrona ens acostarem al Mol\u00ed de l\u2019Oli.<\/p>\n<p>Es tracta de l\u2019antic mol\u00ed d\u2019oli de la Cooperativa, ara condicionat com a Punt d\u2019Informaci\u00f3 del Parc Natural dels Ports. L\u2019edifici es pot visitar dins dels seus horaris d\u2019obertura, podrem veure com anava tot el \u201cproc\u00e9s de l\u2019oli\u201d,\u00a0 les moles gegantines que trituraven les olives, la premsa i les tines de decantaci\u00f3.<\/p>\n<p>Seguirem caminant pel carrer que se\u2019n va cap al Nord-oest en direcci\u00f3 a Sta. Madrona.<\/p>\n<p><strong>Cru\u00eflla de carrers.\u00a0 <\/strong>Al cap de 100 metres des de el Mol\u00ed, trobarem una cru\u00eflla de carrers, seguirem recte en la mateixa direcci\u00f3 que d\u00faiem. Anem deixant les darreres cases del poble enrere i en suau baixada arribem a la carretera.<\/p>\n<p><strong>Carretera.\u00a0 <\/strong>Atenci\u00f3, haurem de prendre les precaucions b\u00e0siques per creuar la carretera. Un cop a l\u2019altre banda, i deixant una edificaci\u00f3 a la nostra dreta, baixarem cap a l\u2019ermita per un cam\u00ed de terra.<\/p>\n<p><strong>Acc\u00e9s a la Font de Dins.\u00a0 <\/strong>\u00a0Just quan arribem al pla, veurem a la nostra dreta els murs que delimiten els horts. Si ens endinsem per una mena de passad\u00eds que surt a la dreta en pocs metres arribarem a la Font de Dins. Aquesta font alimenta la s\u00e8quia que rega els horts dels Calciners, pels que passarem mes endavant.<\/p>\n<p>Un cop visitada la font, desfem aquesta petita marrada i recuperem\u00a0 el nostre cam\u00ed, de seguida passem per la ermita de Sta. Madrona. <span>Aquesta ermita consta d\u2019una sola nau de planta rectangular, absis poligonal de tres costats i un cor, cosa poc freq\u00fcent a les ermites. El interior del temple es tot de pedra vista. La entrada est\u00e0 protegida per un magn\u00edfic porxo de pedra d\u2019estil rom\u00e0nic amb clau de volta que lliga els dos arcs perpendiculars a l\u2019edifici. Cada dissabte m\u00e9s pr\u00f2xim al 15 de mar\u00e7, es celebra la seva festa amb diversos actes populars.<\/span><\/p>\n<p><strong>Cru\u00eflla amb pista.\u00a0 <\/strong>Seguim caminant deixant l\u2019ermita a la nostra esquerra i just a la seva cantonada veiem arribar per l\u2019esquerra una pista que ve de la carretera, nosaltres seguim recte en direcci\u00f3 oest, en pocs metres el cam\u00ed fa un gir radical a la dreta per arribar al area recreativa.<\/p>\n<p><strong>Area recreativa de Sta. Madrona.\u00a0 <\/strong>A la dreta del cam\u00ed, i delimitat per un baix mur de pedra, veurem el Area recreativa. Disposa d\u2019aigua, fogons, taules, lavabos, i jocs d\u2019infants. Lloc on la gent d\u2019Arnes fa diverses celebracions populars. Seguirem el cam\u00ed que volta el per\u00edmetre del area recreativa.<\/p>\n<p><strong>Font del Cigr\u00f3.\u00a0 <\/strong>Pocs metres despr\u00e9s de passar el area recreativa arribem a la Font del Cigr\u00f3, un altra de les fonts que reguen la zona. Bon lloc per parar-se a l\u2019ombra i gaudir dels sons del aigua i de les granotes. En aquest lloc haurem de travessar el riu Algars. Habitualment no ens costar\u00e0 gaire, per\u00f2 en cas de crescuda haurem de parar compte, o fins i tot renunciar a creuar-lo.<\/p>\n<p><strong>Assut de la Palanca.\u00a0 <\/strong>Aquest ha estat hist\u00f2ricament un dels llocs predilectes per banyar-se de la gent d\u2019Arnes ja que est\u00e0 molt a propet del poble Travessarem el riu i per unes escales de fusta pujarem fins a la s\u00e8quia per accedir a l\u2019antic safareig.<\/p>\n<p><strong>Safareig.\u00a0 <\/strong>Quan les cases no tenien aigua corrent, i d\u2019aix\u00f2 no fa gaires anys, es feia la bugada al safareig p\u00fablic, en aquest cas aprofita l\u2019aigua de la Font de Dins. Encara hi ha alguna dona d\u2019Arnes que ve a fer la bugada habitualment, diuen que la roba queda mes neta que en les modernes rentadores. Segur que tenen ra\u00f3. Tamb\u00e9 hi ha una fonteta a la banda Est del safareig. Nosaltres seguirem el cam\u00ed de baixada com si an\u00e9ssim cap el riu, per\u00f2 sense creuar-lo, i el seguirem pr\u00e0cticament en paral\u00b7lel amb el riu Algars a la esquerra.<\/p>\n<p>A la nostra dreta anirem veient els horts de la partida dels Calciners, una bona part d\u2019aquests horts ja s\u2019han abandonat, per\u00f2 els que encara estan treballats fan goig de veure.<\/p>\n<p>El riu Algars fa de separaci\u00f3 administrativa entre les comunitats d\u2019Arag\u00f3 i Catalunya. La vora del riu \u00e9s un espai ombr\u00edvol i fresc al estiu, i acull una gran diversitat de vegetaci\u00f3 de ribera. Durant el itinerari es poden observar ocells d\u2019espais agr\u00edcoles i de ribera: al hivern pinsans i tords, al estiu blauets, abellerols i rossinyols (aquests darrers se senten per\u00f2 no es veuen), i xoriguers, cueretes i tallarols durant tot l\u2019any. Es clar que tamb\u00e9 podr\u00edem tenir sort i xalar veient alguna ll\u00fadriga.<\/p>\n<p><strong>Gir cap a la s\u00ednia.\u00a0 <\/strong>Aquest cam\u00ed paral\u00b7lel al riu, ens ha fet passar per sota elegants xops i t\u00fanels de canyissos, fins un moment que haurem de girar radicalment cap a la dreta per pujar a la zona dels horts cam\u00ed de la s\u00ednia que ja veiem.<\/p>\n<p><strong>S\u00ednia.\u00a0 \u00a0<\/strong>La s\u00ednia \u00e9s una m\u00e0quina per a elevar aigua subterr\u00e0nia, composta generalment, per una roda horitzontal amb bra\u00e7ols, moguda amb la for\u00e7a d\u2019un animal que volta, amb la qual engranen les dents d\u2019una roda vertical que en girar mou una s\u00e8rie de recipients de fusta o terrissa disposats al llarg d\u2019una cadena sens fi, la part inferior de la qual est\u00e0 submergida dins l\u2019aigua del pou. Aquesta aigua servia per regar els horts del voltant mitjan\u00e7ant un sistema de s\u00e8quies.\u00a0 La que tenim davant nostre esta semi-derruida, per\u00f2 encara ens podem fer una idea de com funcionava.<\/p>\n<p><strong>Cru\u00eflla amb pista.\u00a0\u00a0 <\/strong>Seguirem caminant rodejats d\u2019horts i de seguit arribem a una pista de terra que prenem cap a la dreta.<\/p>\n<p><strong>Cru\u00eflla pistes.\u00a0 <\/strong>A pocs metres de la incorporaci\u00f3 a la pista, haurem de seguir-la cap a l\u2019esquerra, deixant de banda un entrador als horts que va en paral\u00b7lel a la s\u00e8quia i que segueix recte.<\/p>\n<p><strong>Cru\u00eflla pistes.\u00a0\u00a0 <\/strong>Deixem enrere la zona d\u2019horta i entrem en el cultiu tradicional de sec\u00e0. Ja ens envolten camps d\u2019ametllers, d\u2019oliveres i fins i tot veurem algunes nogueres.\u00a0 Arribem a una pista cimentada, si mirem a la dreta podrem veure no gaire lluny el safareig pel que hem passat fa poca estona. Nosaltres girarem cap a l\u2019esquerra.<\/p>\n<p><strong>Cru\u00eflla amb senda.\u00a0 <\/strong>En pocs metres veiem una senda que puja a la dreta, la seguim per arribar a la carretera.<\/p>\n<p><strong>Carretera.\u00a0 <\/strong>Atenci\u00f3, haurem de vigilar per travessar la carretera. En front nostre surt una pista enquitranada que hem de seguir fins veure a la nostra dreta un acc\u00e9s arranjat per accedir al Povet de la Neu.<\/p>\n<p><strong>Acc\u00e9s al Povet de la Neu.\u00a0 <\/strong>Pugem cap a la dreta per un caminet condicionat entre els olivers per arribar al Povet. La porta d\u2019acc\u00e9s al interior habitualment est\u00e0 tancada, per\u00f2 es pot demanar la clau al Mol\u00ed de l\u2019oli o al Ajuntament. Val la pena visitar el seu interior, si per fora la c\u00fapula es bonica de veure, per dintre es veritablement espectacular. L\u2019espai esta muse\u00eftzat amb uns plafons que ens faran entendre una mica millor tot el mon dels pous de gel. En acabat tornarem a la pista pel mateix caminet i la seguirem cap el poble.<\/p>\n<p><strong>Bifurcaci\u00f3.\u00a0\u00a0 <\/strong>Arribem als primers corralets del poble, la pista es bifurca i haurem de prendre la de la dreta i seguir tot recte fins arribar a la cru\u00eflla del carrer de la Font que seguirem a l\u2019esquerra fins arribar al Portal d\u2019entrada a Arnes cap el carrer dels Dolors, i de seguida girar a l\u2019esquerra pel seg\u00fcent portal per baixar pel carrer Llu\u00eds Companys fins al punt d\u2019inici de l\u2019excursi\u00f3.<\/p>\n<div class=\"row\">\n<div class=\"col-md-8\">\n<p>Aqu\u00ed teniu el link amb el <a href=\"https:\/\/ca.wikiloc.com\/rutes-senderisme\/rutes-a-peu-lo-corral-darnes-ruta-32-circular-arnes-sta-madrona-la-palanca-pouet-de-la-neu-arnes-89519063\" target=\"_blank\" rel=\"noopener\"><strong>track de l&#8217;itinerari<\/strong>.<\/a><\/p>\n<p>Que gaudiu de l&#8217;excursi\u00f3.<\/p>\n<p>Salut<\/p>\n<p>&nbsp;<\/p>\n<div class=\"entry-content-asset videofit\"><\/div>\n<p>&nbsp;<\/p>\n<\/div>\n<div class=\"col-md-4\">\n<p>&nbsp;<\/p>\n<p>&nbsp;<\/p>\n<p>&nbsp;<\/p>\n<p>&nbsp;<\/p>\n<p>&nbsp;<\/p>\n<p>&nbsp;<\/p>\n<\/div>\n<\/div>\n<p>&nbsp;<\/p>\n<p>&nbsp;<\/p>\n<p>&nbsp;<\/p>\n<div style=\"color: #777; font-size: 11px; line-height: 16px;\"><\/div>\n<p>&nbsp;<\/p>\n<p>[\/et_pb_text][\/et_pb_column][et_pb_column type=&#8221;2_5&#8243; _builder_version=&#8221;3.25&#8243; custom_padding=&#8221;|||&#8221; global_colors_info=&#8221;{}&#8221; custom_padding__hover=&#8221;|||&#8221;][et_pb_gallery gallery_ids=&#8221;13332,13338,13343,13347,13351,13355,13359,13363,13369,13373,13377,13381,13385,13391,13395,13399,13403,13409,13413,13417&#8243; posts_number=&#8221;30&#8243; show_title_and_caption=&#8221;off&#8221; show_pagination=&#8221;off&#8221; _builder_version=&#8221;4.14.0&#8243; _module_preset=&#8221;default&#8221; hover_enabled=&#8221;0&#8243; global_colors_info=&#8221;{}&#8221; sticky_enabled=&#8221;0&#8243;][\/et_pb_gallery][\/et_pb_column][\/et_pb_row][\/et_pb_section]<\/p>\n<span class=\"et_bloom_bottom_trigger\"><\/span>","protected":false},"excerpt":{"rendered":"<p>Itinerari circular per l\u2019entorn del mateix poble d\u2019Arnes, ens far\u00e0 con\u00e8ixer uns racons potser no tan espectaculars com d\u2019altres del mateix terme, per\u00f2 molt interessants des de un punt de vista cultural, naturalista i etnogr\u00e0fic. <\/p>\n","protected":false},"author":7344,"featured_media":13425,"comment_status":"open","ping_status":"open","sticky":false,"template":"","format":"standard","meta":{"_et_pb_use_builder":"on","_et_pb_old_content":"","_et_gb_content_width":"","footnotes":""},"categories":[413,4,429],"tags":[11,220,223],"class_list":["post-13328","post","type-post","status-publish","format-standard","has-post-thumbnail","hentry","category-allotjament-rural","category-excursions","category-ressenyes","tag-arnes","tag-els-ports","tag-senderisme"],"yoast_head":"<!-- This site is optimized with the Yoast SEO plugin v27.5 - https:\/\/yoast.com\/product\/yoast-seo-wordpress\/ -->\n<title>RUTES LO CORRAL D\u2019ARNES: Itinerari de la Palanca - lo corral d&#039;arnes<\/title>\n<meta name=\"description\" content=\"Itinerari circular per l\u2019entorn d\u2019Arnes, ens far\u00e0 con\u00e8ixer uns racons molt interessants des de un punt de vista cultural, naturalista i etnogr\u00e0fic.\" \/>\n<meta name=\"robots\" content=\"index, follow, max-snippet:-1, max-image-preview:large, max-video-preview:-1\" \/>\n<link rel=\"canonical\" href=\"https:\/\/locorraldarnes.com\/rutes-lo-corral-darnes-itinerari-de-la-palanca\/\" \/>\n<meta property=\"og:locale\" content=\"en_US\" \/>\n<meta property=\"og:type\" content=\"article\" \/>\n<meta property=\"og:title\" content=\"RUTES LO CORRAL D\u2019ARNES: Itinerari de la Palanca - lo corral d&#039;arnes\" \/>\n<meta property=\"og:description\" content=\"Itinerari circular per l\u2019entorn d\u2019Arnes, ens far\u00e0 con\u00e8ixer uns racons molt interessants des de un punt de vista cultural, naturalista i etnogr\u00e0fic.\" \/>\n<meta property=\"og:url\" content=\"https:\/\/locorraldarnes.com\/rutes-lo-corral-darnes-itinerari-de-la-palanca\/\" \/>\n<meta property=\"og:site_name\" content=\"lo corral d&#039;arnes\" \/>\n<meta property=\"article:publisher\" content=\"https:\/\/www.facebook.com\/locorraldarnes\" \/>\n<meta property=\"article:published_time\" content=\"2021-11-23T17:45:19+00:00\" \/>\n<meta property=\"article:modified_time\" content=\"2021-11-23T17:45:25+00:00\" \/>\n<meta property=\"og:image\" content=\"https:\/\/locorraldarnes.com\/wp-content\/uploads\/2021\/11\/Itin.-La-Palanca-24.jpg\" \/>\n\t<meta property=\"og:image:width\" content=\"756\" \/>\n\t<meta property=\"og:image:height\" content=\"504\" \/>\n\t<meta property=\"og:image:type\" content=\"image\/jpeg\" \/>\n<meta name=\"author\" content=\"Lo corral d&#039;arnes\" \/>\n<meta name=\"twitter:card\" content=\"summary_large_image\" \/>\n<meta name=\"twitter:label1\" content=\"Written by\" \/>\n\t<meta name=\"twitter:data1\" content=\"Lo corral d&#039;arnes\" \/>\n\t<meta name=\"twitter:label2\" content=\"Est. reading time\" \/>\n\t<meta name=\"twitter:data2\" content=\"6 minutes\" \/>\n<script type=\"application\/ld+json\" class=\"yoast-schema-graph\">{\"@context\":\"https:\\\/\\\/schema.org\",\"@graph\":[{\"@type\":\"Article\",\"@id\":\"https:\\\/\\\/locorraldarnes.com\\\/rutes-lo-corral-darnes-itinerari-de-la-palanca\\\/#article\",\"isPartOf\":{\"@id\":\"https:\\\/\\\/locorraldarnes.com\\\/rutes-lo-corral-darnes-itinerari-de-la-palanca\\\/\"},\"author\":{\"name\":\"Lo corral d'arnes\",\"@id\":\"https:\\\/\\\/locorraldarnes.com\\\/#\\\/schema\\\/person\\\/014cb61eff277c4d2c65f4e64512915f\"},\"headline\":\"RUTES LO CORRAL D\u2019ARNES: Itinerari de la Palanca\",\"datePublished\":\"2021-11-23T17:45:19+00:00\",\"dateModified\":\"2021-11-23T17:45:25+00:00\",\"mainEntityOfPage\":{\"@id\":\"https:\\\/\\\/locorraldarnes.com\\\/rutes-lo-corral-darnes-itinerari-de-la-palanca\\\/\"},\"wordCount\":1563,\"commentCount\":0,\"publisher\":{\"@id\":\"https:\\\/\\\/locorraldarnes.com\\\/#organization\"},\"image\":{\"@id\":\"https:\\\/\\\/locorraldarnes.com\\\/rutes-lo-corral-darnes-itinerari-de-la-palanca\\\/#primaryimage\"},\"thumbnailUrl\":\"https:\\\/\\\/locorraldarnes.com\\\/wp-content\\\/uploads\\\/2021\\\/11\\\/Itin.-La-Palanca-24.jpg\",\"keywords\":[\"Arnes\",\"Els Ports\",\"senderisme\"],\"articleSection\":[\"allotjament rural\",\"excursions\",\"Ressenyes\"],\"inLanguage\":\"en-US\",\"potentialAction\":[{\"@type\":\"CommentAction\",\"name\":\"Comment\",\"target\":[\"https:\\\/\\\/locorraldarnes.com\\\/rutes-lo-corral-darnes-itinerari-de-la-palanca\\\/#respond\"]}]},{\"@type\":\"WebPage\",\"@id\":\"https:\\\/\\\/locorraldarnes.com\\\/rutes-lo-corral-darnes-itinerari-de-la-palanca\\\/\",\"url\":\"https:\\\/\\\/locorraldarnes.com\\\/rutes-lo-corral-darnes-itinerari-de-la-palanca\\\/\",\"name\":\"RUTES LO CORRAL D\u2019ARNES: Itinerari de la Palanca - lo corral d&#039;arnes\",\"isPartOf\":{\"@id\":\"https:\\\/\\\/locorraldarnes.com\\\/#website\"},\"primaryImageOfPage\":{\"@id\":\"https:\\\/\\\/locorraldarnes.com\\\/rutes-lo-corral-darnes-itinerari-de-la-palanca\\\/#primaryimage\"},\"image\":{\"@id\":\"https:\\\/\\\/locorraldarnes.com\\\/rutes-lo-corral-darnes-itinerari-de-la-palanca\\\/#primaryimage\"},\"thumbnailUrl\":\"https:\\\/\\\/locorraldarnes.com\\\/wp-content\\\/uploads\\\/2021\\\/11\\\/Itin.-La-Palanca-24.jpg\",\"datePublished\":\"2021-11-23T17:45:19+00:00\",\"dateModified\":\"2021-11-23T17:45:25+00:00\",\"description\":\"Itinerari circular per l\u2019entorn d\u2019Arnes, ens far\u00e0 con\u00e8ixer uns racons molt interessants des de un punt de vista cultural, naturalista i etnogr\u00e0fic.\",\"breadcrumb\":{\"@id\":\"https:\\\/\\\/locorraldarnes.com\\\/rutes-lo-corral-darnes-itinerari-de-la-palanca\\\/#breadcrumb\"},\"inLanguage\":\"en-US\",\"potentialAction\":[{\"@type\":\"ReadAction\",\"target\":[\"https:\\\/\\\/locorraldarnes.com\\\/rutes-lo-corral-darnes-itinerari-de-la-palanca\\\/\"]}]},{\"@type\":\"ImageObject\",\"inLanguage\":\"en-US\",\"@id\":\"https:\\\/\\\/locorraldarnes.com\\\/rutes-lo-corral-darnes-itinerari-de-la-palanca\\\/#primaryimage\",\"url\":\"https:\\\/\\\/locorraldarnes.com\\\/wp-content\\\/uploads\\\/2021\\\/11\\\/Itin.-La-Palanca-24.jpg\",\"contentUrl\":\"https:\\\/\\\/locorraldarnes.com\\\/wp-content\\\/uploads\\\/2021\\\/11\\\/Itin.-La-Palanca-24.jpg\",\"width\":756,\"height\":504,\"caption\":\"Itin. de la Palanca\"},{\"@type\":\"BreadcrumbList\",\"@id\":\"https:\\\/\\\/locorraldarnes.com\\\/rutes-lo-corral-darnes-itinerari-de-la-palanca\\\/#breadcrumb\",\"itemListElement\":[{\"@type\":\"ListItem\",\"position\":1,\"name\":\"Inici\",\"item\":\"https:\\\/\\\/locorraldarnes.com\\\/\"},{\"@type\":\"ListItem\",\"position\":2,\"name\":\"RUTES LO CORRAL D\u2019ARNES: Itinerari de la Palanca\"}]},{\"@type\":\"WebSite\",\"@id\":\"https:\\\/\\\/locorraldarnes.com\\\/#website\",\"url\":\"https:\\\/\\\/locorraldarnes.com\\\/\",\"name\":\"lo corral d'arnes\",\"description\":\"Allotjament rural a Arnes. Estels del Sud. Els Ports\",\"publisher\":{\"@id\":\"https:\\\/\\\/locorraldarnes.com\\\/#organization\"},\"potentialAction\":[{\"@type\":\"SearchAction\",\"target\":{\"@type\":\"EntryPoint\",\"urlTemplate\":\"https:\\\/\\\/locorraldarnes.com\\\/?s={search_term_string}\"},\"query-input\":{\"@type\":\"PropertyValueSpecification\",\"valueRequired\":true,\"valueName\":\"search_term_string\"}}],\"inLanguage\":\"en-US\"},{\"@type\":\"Organization\",\"@id\":\"https:\\\/\\\/locorraldarnes.com\\\/#organization\",\"name\":\"Lo corral d'arnes\",\"url\":\"https:\\\/\\\/locorraldarnes.com\\\/\",\"logo\":{\"@type\":\"ImageObject\",\"inLanguage\":\"en-US\",\"@id\":\"https:\\\/\\\/locorraldarnes.com\\\/#\\\/schema\\\/logo\\\/image\\\/\",\"url\":\"https:\\\/\\\/locorraldarnes.com\\\/wp-content\\\/uploads\\\/logo-lo-corral-mini.gif\",\"contentUrl\":\"https:\\\/\\\/locorraldarnes.com\\\/wp-content\\\/uploads\\\/logo-lo-corral-mini.gif\",\"width\":283,\"height\":116,\"caption\":\"Lo corral d'arnes\"},\"image\":{\"@id\":\"https:\\\/\\\/locorraldarnes.com\\\/#\\\/schema\\\/logo\\\/image\\\/\"},\"sameAs\":[\"https:\\\/\\\/www.facebook.com\\\/locorraldarnes\",\"https:\\\/\\\/www.instagram.com\\\/locorraldarnes8087\\\/\"]},{\"@type\":\"Person\",\"@id\":\"https:\\\/\\\/locorraldarnes.com\\\/#\\\/schema\\\/person\\\/014cb61eff277c4d2c65f4e64512915f\",\"name\":\"Lo corral d'arnes\",\"image\":{\"@type\":\"ImageObject\",\"inLanguage\":\"en-US\",\"@id\":\"https:\\\/\\\/secure.gravatar.com\\\/avatar\\\/0ec546518cdc38222ea845d597c90f30ed6748bc9239933ec7c1bfbc090e17f2?s=96&d=mm&r=g\",\"url\":\"https:\\\/\\\/secure.gravatar.com\\\/avatar\\\/0ec546518cdc38222ea845d597c90f30ed6748bc9239933ec7c1bfbc090e17f2?s=96&d=mm&r=g\",\"contentUrl\":\"https:\\\/\\\/secure.gravatar.com\\\/avatar\\\/0ec546518cdc38222ea845d597c90f30ed6748bc9239933ec7c1bfbc090e17f2?s=96&d=mm&r=g\",\"caption\":\"Lo corral d'arnes\"},\"sameAs\":[\"http:\\\/\\\/locorraldarnes.com\"]}]}<\/script>\n<!-- \/ Yoast SEO plugin. -->","yoast_head_json":{"title":"RUTES LO CORRAL D\u2019ARNES: Itinerari de la Palanca - lo corral d&#039;arnes","description":"Itinerari circular per l\u2019entorn d\u2019Arnes, ens far\u00e0 con\u00e8ixer uns racons molt interessants des de un punt de vista cultural, naturalista i etnogr\u00e0fic.","robots":{"index":"index","follow":"follow","max-snippet":"max-snippet:-1","max-image-preview":"max-image-preview:large","max-video-preview":"max-video-preview:-1"},"canonical":"https:\/\/locorraldarnes.com\/rutes-lo-corral-darnes-itinerari-de-la-palanca\/","og_locale":"en_US","og_type":"article","og_title":"RUTES LO CORRAL D\u2019ARNES: Itinerari de la Palanca - lo corral d&#039;arnes","og_description":"Itinerari circular per l\u2019entorn d\u2019Arnes, ens far\u00e0 con\u00e8ixer uns racons molt interessants des de un punt de vista cultural, naturalista i etnogr\u00e0fic.","og_url":"https:\/\/locorraldarnes.com\/rutes-lo-corral-darnes-itinerari-de-la-palanca\/","og_site_name":"lo corral d&#039;arnes","article_publisher":"https:\/\/www.facebook.com\/locorraldarnes","article_published_time":"2021-11-23T17:45:19+00:00","article_modified_time":"2021-11-23T17:45:25+00:00","og_image":[{"width":756,"height":504,"url":"https:\/\/locorraldarnes.com\/wp-content\/uploads\/2021\/11\/Itin.-La-Palanca-24.jpg","type":"image\/jpeg"}],"author":"Lo corral d'arnes","twitter_card":"summary_large_image","twitter_misc":{"Written by":"Lo corral d'arnes","Est. reading time":"6 minutes"},"schema":{"@context":"https:\/\/schema.org","@graph":[{"@type":"Article","@id":"https:\/\/locorraldarnes.com\/rutes-lo-corral-darnes-itinerari-de-la-palanca\/#article","isPartOf":{"@id":"https:\/\/locorraldarnes.com\/rutes-lo-corral-darnes-itinerari-de-la-palanca\/"},"author":{"name":"Lo corral d'arnes","@id":"https:\/\/locorraldarnes.com\/#\/schema\/person\/014cb61eff277c4d2c65f4e64512915f"},"headline":"RUTES LO CORRAL D\u2019ARNES: Itinerari de la Palanca","datePublished":"2021-11-23T17:45:19+00:00","dateModified":"2021-11-23T17:45:25+00:00","mainEntityOfPage":{"@id":"https:\/\/locorraldarnes.com\/rutes-lo-corral-darnes-itinerari-de-la-palanca\/"},"wordCount":1563,"commentCount":0,"publisher":{"@id":"https:\/\/locorraldarnes.com\/#organization"},"image":{"@id":"https:\/\/locorraldarnes.com\/rutes-lo-corral-darnes-itinerari-de-la-palanca\/#primaryimage"},"thumbnailUrl":"https:\/\/locorraldarnes.com\/wp-content\/uploads\/2021\/11\/Itin.-La-Palanca-24.jpg","keywords":["Arnes","Els Ports","senderisme"],"articleSection":["allotjament rural","excursions","Ressenyes"],"inLanguage":"en-US","potentialAction":[{"@type":"CommentAction","name":"Comment","target":["https:\/\/locorraldarnes.com\/rutes-lo-corral-darnes-itinerari-de-la-palanca\/#respond"]}]},{"@type":"WebPage","@id":"https:\/\/locorraldarnes.com\/rutes-lo-corral-darnes-itinerari-de-la-palanca\/","url":"https:\/\/locorraldarnes.com\/rutes-lo-corral-darnes-itinerari-de-la-palanca\/","name":"RUTES LO CORRAL D\u2019ARNES: Itinerari de la Palanca - lo corral d&#039;arnes","isPartOf":{"@id":"https:\/\/locorraldarnes.com\/#website"},"primaryImageOfPage":{"@id":"https:\/\/locorraldarnes.com\/rutes-lo-corral-darnes-itinerari-de-la-palanca\/#primaryimage"},"image":{"@id":"https:\/\/locorraldarnes.com\/rutes-lo-corral-darnes-itinerari-de-la-palanca\/#primaryimage"},"thumbnailUrl":"https:\/\/locorraldarnes.com\/wp-content\/uploads\/2021\/11\/Itin.-La-Palanca-24.jpg","datePublished":"2021-11-23T17:45:19+00:00","dateModified":"2021-11-23T17:45:25+00:00","description":"Itinerari circular per l\u2019entorn d\u2019Arnes, ens far\u00e0 con\u00e8ixer uns racons molt interessants des de un punt de vista cultural, naturalista i etnogr\u00e0fic.","breadcrumb":{"@id":"https:\/\/locorraldarnes.com\/rutes-lo-corral-darnes-itinerari-de-la-palanca\/#breadcrumb"},"inLanguage":"en-US","potentialAction":[{"@type":"ReadAction","target":["https:\/\/locorraldarnes.com\/rutes-lo-corral-darnes-itinerari-de-la-palanca\/"]}]},{"@type":"ImageObject","inLanguage":"en-US","@id":"https:\/\/locorraldarnes.com\/rutes-lo-corral-darnes-itinerari-de-la-palanca\/#primaryimage","url":"https:\/\/locorraldarnes.com\/wp-content\/uploads\/2021\/11\/Itin.-La-Palanca-24.jpg","contentUrl":"https:\/\/locorraldarnes.com\/wp-content\/uploads\/2021\/11\/Itin.-La-Palanca-24.jpg","width":756,"height":504,"caption":"Itin. de la Palanca"},{"@type":"BreadcrumbList","@id":"https:\/\/locorraldarnes.com\/rutes-lo-corral-darnes-itinerari-de-la-palanca\/#breadcrumb","itemListElement":[{"@type":"ListItem","position":1,"name":"Inici","item":"https:\/\/locorraldarnes.com\/"},{"@type":"ListItem","position":2,"name":"RUTES LO CORRAL D\u2019ARNES: Itinerari de la Palanca"}]},{"@type":"WebSite","@id":"https:\/\/locorraldarnes.com\/#website","url":"https:\/\/locorraldarnes.com\/","name":"lo corral d'arnes","description":"Allotjament rural a Arnes. Estels del Sud. Els Ports","publisher":{"@id":"https:\/\/locorraldarnes.com\/#organization"},"potentialAction":[{"@type":"SearchAction","target":{"@type":"EntryPoint","urlTemplate":"https:\/\/locorraldarnes.com\/?s={search_term_string}"},"query-input":{"@type":"PropertyValueSpecification","valueRequired":true,"valueName":"search_term_string"}}],"inLanguage":"en-US"},{"@type":"Organization","@id":"https:\/\/locorraldarnes.com\/#organization","name":"Lo corral d'arnes","url":"https:\/\/locorraldarnes.com\/","logo":{"@type":"ImageObject","inLanguage":"en-US","@id":"https:\/\/locorraldarnes.com\/#\/schema\/logo\/image\/","url":"https:\/\/locorraldarnes.com\/wp-content\/uploads\/logo-lo-corral-mini.gif","contentUrl":"https:\/\/locorraldarnes.com\/wp-content\/uploads\/logo-lo-corral-mini.gif","width":283,"height":116,"caption":"Lo corral d'arnes"},"image":{"@id":"https:\/\/locorraldarnes.com\/#\/schema\/logo\/image\/"},"sameAs":["https:\/\/www.facebook.com\/locorraldarnes","https:\/\/www.instagram.com\/locorraldarnes8087\/"]},{"@type":"Person","@id":"https:\/\/locorraldarnes.com\/#\/schema\/person\/014cb61eff277c4d2c65f4e64512915f","name":"Lo corral d'arnes","image":{"@type":"ImageObject","inLanguage":"en-US","@id":"https:\/\/secure.gravatar.com\/avatar\/0ec546518cdc38222ea845d597c90f30ed6748bc9239933ec7c1bfbc090e17f2?s=96&d=mm&r=g","url":"https:\/\/secure.gravatar.com\/avatar\/0ec546518cdc38222ea845d597c90f30ed6748bc9239933ec7c1bfbc090e17f2?s=96&d=mm&r=g","contentUrl":"https:\/\/secure.gravatar.com\/avatar\/0ec546518cdc38222ea845d597c90f30ed6748bc9239933ec7c1bfbc090e17f2?s=96&d=mm&r=g","caption":"Lo corral d'arnes"},"sameAs":["http:\/\/locorraldarnes.com"]}]}},"_links":{"self":[{"href":"https:\/\/locorraldarnes.com\/en\/wp-json\/wp\/v2\/posts\/13328","targetHints":{"allow":["GET"]}}],"collection":[{"href":"https:\/\/locorraldarnes.com\/en\/wp-json\/wp\/v2\/posts"}],"about":[{"href":"https:\/\/locorraldarnes.com\/en\/wp-json\/wp\/v2\/types\/post"}],"author":[{"embeddable":true,"href":"https:\/\/locorraldarnes.com\/en\/wp-json\/wp\/v2\/users\/7344"}],"replies":[{"embeddable":true,"href":"https:\/\/locorraldarnes.com\/en\/wp-json\/wp\/v2\/comments?post=13328"}],"version-history":[{"count":0,"href":"https:\/\/locorraldarnes.com\/en\/wp-json\/wp\/v2\/posts\/13328\/revisions"}],"wp:featuredmedia":[{"embeddable":true,"href":"https:\/\/locorraldarnes.com\/en\/wp-json\/wp\/v2\/media\/13425"}],"wp:attachment":[{"href":"https:\/\/locorraldarnes.com\/en\/wp-json\/wp\/v2\/media?parent=13328"}],"wp:term":[{"taxonomy":"category","embeddable":true,"href":"https:\/\/locorraldarnes.com\/en\/wp-json\/wp\/v2\/categories?post=13328"},{"taxonomy":"post_tag","embeddable":true,"href":"https:\/\/locorraldarnes.com\/en\/wp-json\/wp\/v2\/tags?post=13328"}],"curies":[{"name":"wp","href":"https:\/\/api.w.org\/{rel}","templated":true}]}}