{"id":13299,"date":"2021-10-22T17:54:28","date_gmt":"2021-10-22T15:54:28","guid":{"rendered":"https:\/\/locorraldarnes.com\/?p=13299"},"modified":"2021-10-22T18:20:22","modified_gmt":"2021-10-22T16:20:22","slug":"som-natura","status":"publish","type":"post","link":"https:\/\/locorraldarnes.com\/en\/som-natura\/","title":{"rendered":"SOM NATURA"},"content":{"rendered":"<p>[et_pb_section fb_built=&#8221;1&#8243; admin_label=&#8221;section&#8221; _builder_version=&#8221;3.22&#8243; global_colors_info=&#8221;{}&#8221;][et_pb_row column_structure=&#8221;3_5,2_5&#8243; admin_label=&#8221;row&#8221; _builder_version=&#8221;3.25&#8243; background_size=&#8221;initial&#8221; background_position=&#8221;top_left&#8221; background_repeat=&#8221;repeat&#8221; global_colors_info=&#8221;{}&#8221;][et_pb_column type=&#8221;3_5&#8243; _builder_version=&#8221;3.25&#8243; custom_padding=&#8221;|||&#8221; global_colors_info=&#8221;{}&#8221; custom_padding__hover=&#8221;|||&#8221;][et_pb_text admin_label=&#8221;Text&#8221; _builder_version=&#8221;4.11.3&#8243; background_size=&#8221;initial&#8221; background_position=&#8221;top_left&#8221; background_repeat=&#8221;repeat&#8221; global_colors_info=&#8221;{}&#8221;]<\/p>\n<h2><\/h2>\n<h2>SOM NATURA<\/h2>\n<p>Un bon grapat d\u2019artistes han gravat un tema que es diu <strong>SOM NATURA<\/strong>, un preci\u00f3s tema que parla no sols de <strong>la Ricarda<\/strong>, o dels Espais Protegits de casa nostra. Parla del m\u00f3n, aquest m\u00f3n tant petit en el que vivim, i del que una colla de dropos ha decidit fer un gran negoci.<\/p>\n<p>Ara l&#8217;objectiu dels que mai en tenen prou \u00e9s l&#8217;<strong>Espai Protegit de La Ricarda<\/strong> i el <strong>Delta del Llobregat<\/strong>. Es tracta d&#8217;un dels Espais amb m\u00e9s protecci\u00f3 &#8220;te\u00f2rica&#8221; que tenim a casa nostra, \u00e9s <strong>PEIN<\/strong>, <strong>ZEPA<\/strong>, <strong>Natura 2000<\/strong>, &#8230;.. vaja, que ho t\u00e9 tot a nivell de figures de protecci\u00f3, tant a nivell local com a nivell europeu.<\/p>\n<p>Si amb un espai d&#8217;aquestes caracter\u00edstiques li volen fer tot tipus d\u2019agressions, que no li faran a qualsevol altre lloc que se&#8217;ls hi posi entre cella i cella.<\/p>\n<p><strong>La Ricarda<\/strong> no \u00e9s l\u2019objectiu d\u2019aquests impresentables, el seu objectiu \u00e9s el <strong>TOT PER LA PASTA<\/strong>, els hi \u00e9s igual si malbaraten tot el Delta del Llobregat i el del Amazones junts, els hi rebufa.<\/p>\n<p>I tot per ampliar un aeroport en uns moments en el que el m\u00f3n es dirigeix clarament cap un altra direcci\u00f3, on es parla que d&#8217;aqu\u00ed quatre dies la industria aeron\u00e0utica, tal i com ara la coneixem canviar\u00e0 radicalment per quasi desapar\u00e8ixer per manca de combustibles f\u00f2ssils. Una ampliaci\u00f3 que sols interessa per la mega-obra a fer, com sempre ja ha sortit el ciment, i amb el ciment hi ha qui diu que sempre va associat el tres per cent (guaita tu si rima i tot).<\/p>\n<p>Com sempre ens prenen per borreguets (per dir-ho suau), al final pot ser hi haur\u00e0 alg\u00fa que pensi que tenen ra\u00f3.<\/p>\n<p>NO SENYOR, NO TENEN RAO !!!<\/p>\n<p>No ens quedem callats.\u00a0 Feu difusi\u00f3 d&#8217;aquest v\u00eddeo i com deia el gran Raim\u00f3n<\/p>\n<p><strong>DIGUEM NO !!<\/strong><\/p>\n<p><iframe loading=\"lazy\" title=\"SOM NATURA!\" width=\"1080\" height=\"608\" src=\"https:\/\/www.youtube.com\/embed\/1Iyp2HTki3g?feature=oembed\"  allow=\"accelerometer; autoplay; clipboard-write; encrypted-media; gyroscope; picture-in-picture\" allowfullscreen><\/iframe><\/p>\n<p>&nbsp;<\/p>\n<p>&nbsp;<\/p>\n<p>&nbsp;<\/p>\n<p>[\/et_pb_text][\/et_pb_column][et_pb_column type=&#8221;2_5&#8243; _builder_version=&#8221;3.25&#8243; custom_padding=&#8221;|||&#8221; global_colors_info=&#8221;{}&#8221; custom_padding__hover=&#8221;|||&#8221;][et_pb_gallery gallery_ids=&#8221;11657,5360,2938,1805,11653&#8243; posts_number=&#8221;7&#8243; show_title_and_caption=&#8221;off&#8221; show_pagination=&#8221;off&#8221; _builder_version=&#8221;4.11.3&#8243; _module_preset=&#8221;default&#8221; global_colors_info=&#8221;{}&#8221;][\/et_pb_gallery][\/et_pb_column][\/et_pb_row][et_pb_row _builder_version=&#8221;4.11.3&#8243; _module_preset=&#8221;default&#8221;][et_pb_column _builder_version=&#8221;4.11.3&#8243; _module_preset=&#8221;default&#8221; type=&#8221;4_4&#8243;][et_pb_video _builder_version=&#8221;4.11.3&#8243; _module_preset=&#8221;default&#8221; src=&#8221;http:\/\/<iframe width=%22871%22 height=%22490%22 src=%22https:\/\/www.youtube.com\/embed\/1Iyp2HTki3g%22 title=%22YouTube video player%22 frameborder=%220%22 allow=%22accelerometer; autoplay; clipboard-write; encrypted-media; gyroscope; picture-in-picture%22 allowfullscreen><\/iframe>&#8221; hover_enabled=&#8221;0&#8243; sticky_enabled=&#8221;0&#8243;][\/et_pb_video][\/et_pb_column][\/et_pb_row][\/et_pb_section]<\/p>\n<span class=\"et_bloom_bottom_trigger\"><\/span>","protected":false},"excerpt":{"rendered":"<p>SOM NATURA Un bon grapat d\u2019artistes han gravat un tema que es diu SOM NATURA, un preci\u00f3s tema que parla no sols de la Ricarda, o dels Espais Protegits de casa nostra. Parla del m\u00f3n, aquest m\u00f3n tant petit en el que vivim, i del que una colla de dropos ha decidit fer un gran [&hellip;]<\/p>\n","protected":false},"author":7344,"featured_media":13306,"comment_status":"open","ping_status":"open","sticky":false,"template":"","format":"standard","meta":{"_et_pb_use_builder":"on","_et_pb_old_content":"","_et_gb_content_width":"","footnotes":""},"categories":[413],"tags":[217,295,504],"class_list":["post-13299","post","type-post","status-publish","format-standard","has-post-thumbnail","hentry","category-allotjament-rural","tag-natura","tag-parc-natural-dels-ports","tag-terres-de-lebre"],"yoast_head":"<!-- This site is optimized with the Yoast SEO plugin v27.5 - https:\/\/yoast.com\/product\/yoast-seo-wordpress\/ -->\n<title>SOM NATURA - lo corral d&#039;arnes<\/title>\n<meta name=\"robots\" content=\"index, follow, max-snippet:-1, max-image-preview:large, max-video-preview:-1\" \/>\n<link rel=\"canonical\" href=\"https:\/\/locorraldarnes.com\/en\/som-natura\/\" \/>\n<meta property=\"og:locale\" content=\"en_US\" \/>\n<meta property=\"og:type\" content=\"article\" \/>\n<meta property=\"og:title\" content=\"SOM NATURA - lo corral d&#039;arnes\" \/>\n<meta property=\"og:description\" content=\"SOM NATURA Un bon grapat d\u2019artistes han gravat un tema que es diu SOM NATURA, un preci\u00f3s tema que parla no sols de la Ricarda, o dels Espais Protegits de casa nostra. Parla del m\u00f3n, aquest m\u00f3n tant petit en el que vivim, i del que una colla de dropos ha decidit fer un gran [&hellip;]\" \/>\n<meta property=\"og:url\" content=\"https:\/\/locorraldarnes.com\/en\/som-natura\/\" \/>\n<meta property=\"og:site_name\" content=\"lo corral d&#039;arnes\" \/>\n<meta property=\"article:publisher\" content=\"https:\/\/www.facebook.com\/locorraldarnes\" \/>\n<meta property=\"article:published_time\" content=\"2021-10-22T15:54:28+00:00\" \/>\n<meta property=\"article:modified_time\" content=\"2021-10-22T16:20:22+00:00\" \/>\n<meta property=\"og:image\" content=\"https:\/\/locorraldarnes.com\/wp-content\/uploads\/2021\/10\/Som-Natura.png\" \/>\n\t<meta property=\"og:image:width\" content=\"1097\" \/>\n\t<meta property=\"og:image:height\" content=\"563\" \/>\n\t<meta property=\"og:image:type\" content=\"image\/png\" \/>\n<meta name=\"author\" content=\"Lo corral d&#039;arnes\" \/>\n<meta name=\"twitter:card\" content=\"summary_large_image\" \/>\n<meta name=\"twitter:label1\" content=\"Written by\" \/>\n\t<meta name=\"twitter:data1\" content=\"Lo corral d&#039;arnes\" \/>\n\t<meta name=\"twitter:label2\" content=\"Est. reading time\" \/>\n\t<meta name=\"twitter:data2\" content=\"2 minutes\" \/>\n<script type=\"application\/ld+json\" class=\"yoast-schema-graph\">{\"@context\":\"https:\\\/\\\/schema.org\",\"@graph\":[{\"@type\":\"Article\",\"@id\":\"https:\\\/\\\/locorraldarnes.com\\\/en\\\/som-natura\\\/#article\",\"isPartOf\":{\"@id\":\"https:\\\/\\\/locorraldarnes.com\\\/en\\\/som-natura\\\/\"},\"author\":{\"name\":\"Lo corral d'arnes\",\"@id\":\"https:\\\/\\\/locorraldarnes.com\\\/#\\\/schema\\\/person\\\/014cb61eff277c4d2c65f4e64512915f\"},\"headline\":\"SOM NATURA\",\"datePublished\":\"2021-10-22T15:54:28+00:00\",\"dateModified\":\"2021-10-22T16:20:22+00:00\",\"mainEntityOfPage\":{\"@id\":\"https:\\\/\\\/locorraldarnes.com\\\/en\\\/som-natura\\\/\"},\"wordCount\":503,\"commentCount\":0,\"publisher\":{\"@id\":\"https:\\\/\\\/locorraldarnes.com\\\/#organization\"},\"image\":{\"@id\":\"https:\\\/\\\/locorraldarnes.com\\\/en\\\/som-natura\\\/#primaryimage\"},\"thumbnailUrl\":\"https:\\\/\\\/locorraldarnes.com\\\/wp-content\\\/uploads\\\/2021\\\/10\\\/Som-Natura.png\",\"keywords\":[\"natura\",\"Parc Natural dels Ports\",\"Terres de l'Ebre\"],\"articleSection\":[\"allotjament rural\"],\"inLanguage\":\"en-US\",\"potentialAction\":[{\"@type\":\"CommentAction\",\"name\":\"Comment\",\"target\":[\"https:\\\/\\\/locorraldarnes.com\\\/en\\\/som-natura\\\/#respond\"]}]},{\"@type\":\"WebPage\",\"@id\":\"https:\\\/\\\/locorraldarnes.com\\\/en\\\/som-natura\\\/\",\"url\":\"https:\\\/\\\/locorraldarnes.com\\\/en\\\/som-natura\\\/\",\"name\":\"SOM NATURA - lo corral d&#039;arnes\",\"isPartOf\":{\"@id\":\"https:\\\/\\\/locorraldarnes.com\\\/#website\"},\"primaryImageOfPage\":{\"@id\":\"https:\\\/\\\/locorraldarnes.com\\\/en\\\/som-natura\\\/#primaryimage\"},\"image\":{\"@id\":\"https:\\\/\\\/locorraldarnes.com\\\/en\\\/som-natura\\\/#primaryimage\"},\"thumbnailUrl\":\"https:\\\/\\\/locorraldarnes.com\\\/wp-content\\\/uploads\\\/2021\\\/10\\\/Som-Natura.png\",\"datePublished\":\"2021-10-22T15:54:28+00:00\",\"dateModified\":\"2021-10-22T16:20:22+00:00\",\"breadcrumb\":{\"@id\":\"https:\\\/\\\/locorraldarnes.com\\\/en\\\/som-natura\\\/#breadcrumb\"},\"inLanguage\":\"en-US\",\"potentialAction\":[{\"@type\":\"ReadAction\",\"target\":[\"https:\\\/\\\/locorraldarnes.com\\\/en\\\/som-natura\\\/\"]}]},{\"@type\":\"ImageObject\",\"inLanguage\":\"en-US\",\"@id\":\"https:\\\/\\\/locorraldarnes.com\\\/en\\\/som-natura\\\/#primaryimage\",\"url\":\"https:\\\/\\\/locorraldarnes.com\\\/wp-content\\\/uploads\\\/2021\\\/10\\\/Som-Natura.png\",\"contentUrl\":\"https:\\\/\\\/locorraldarnes.com\\\/wp-content\\\/uploads\\\/2021\\\/10\\\/Som-Natura.png\",\"width\":1097,\"height\":563,\"caption\":\"Som Natura\"},{\"@type\":\"BreadcrumbList\",\"@id\":\"https:\\\/\\\/locorraldarnes.com\\\/en\\\/som-natura\\\/#breadcrumb\",\"itemListElement\":[{\"@type\":\"ListItem\",\"position\":1,\"name\":\"Inici\",\"item\":\"https:\\\/\\\/locorraldarnes.com\\\/\"},{\"@type\":\"ListItem\",\"position\":2,\"name\":\"SOM NATURA\"}]},{\"@type\":\"WebSite\",\"@id\":\"https:\\\/\\\/locorraldarnes.com\\\/#website\",\"url\":\"https:\\\/\\\/locorraldarnes.com\\\/\",\"name\":\"lo corral d'arnes\",\"description\":\"Allotjament rural a Arnes. Estels del Sud. Els Ports\",\"publisher\":{\"@id\":\"https:\\\/\\\/locorraldarnes.com\\\/#organization\"},\"potentialAction\":[{\"@type\":\"SearchAction\",\"target\":{\"@type\":\"EntryPoint\",\"urlTemplate\":\"https:\\\/\\\/locorraldarnes.com\\\/?s={search_term_string}\"},\"query-input\":{\"@type\":\"PropertyValueSpecification\",\"valueRequired\":true,\"valueName\":\"search_term_string\"}}],\"inLanguage\":\"en-US\"},{\"@type\":\"Organization\",\"@id\":\"https:\\\/\\\/locorraldarnes.com\\\/#organization\",\"name\":\"Lo corral d'arnes\",\"url\":\"https:\\\/\\\/locorraldarnes.com\\\/\",\"logo\":{\"@type\":\"ImageObject\",\"inLanguage\":\"en-US\",\"@id\":\"https:\\\/\\\/locorraldarnes.com\\\/#\\\/schema\\\/logo\\\/image\\\/\",\"url\":\"https:\\\/\\\/locorraldarnes.com\\\/wp-content\\\/uploads\\\/logo-lo-corral-mini.gif\",\"contentUrl\":\"https:\\\/\\\/locorraldarnes.com\\\/wp-content\\\/uploads\\\/logo-lo-corral-mini.gif\",\"width\":283,\"height\":116,\"caption\":\"Lo corral d'arnes\"},\"image\":{\"@id\":\"https:\\\/\\\/locorraldarnes.com\\\/#\\\/schema\\\/logo\\\/image\\\/\"},\"sameAs\":[\"https:\\\/\\\/www.facebook.com\\\/locorraldarnes\",\"https:\\\/\\\/www.instagram.com\\\/locorraldarnes8087\\\/\"]},{\"@type\":\"Person\",\"@id\":\"https:\\\/\\\/locorraldarnes.com\\\/#\\\/schema\\\/person\\\/014cb61eff277c4d2c65f4e64512915f\",\"name\":\"Lo corral d'arnes\",\"image\":{\"@type\":\"ImageObject\",\"inLanguage\":\"en-US\",\"@id\":\"https:\\\/\\\/secure.gravatar.com\\\/avatar\\\/0ec546518cdc38222ea845d597c90f30ed6748bc9239933ec7c1bfbc090e17f2?s=96&d=mm&r=g\",\"url\":\"https:\\\/\\\/secure.gravatar.com\\\/avatar\\\/0ec546518cdc38222ea845d597c90f30ed6748bc9239933ec7c1bfbc090e17f2?s=96&d=mm&r=g\",\"contentUrl\":\"https:\\\/\\\/secure.gravatar.com\\\/avatar\\\/0ec546518cdc38222ea845d597c90f30ed6748bc9239933ec7c1bfbc090e17f2?s=96&d=mm&r=g\",\"caption\":\"Lo corral d'arnes\"},\"sameAs\":[\"http:\\\/\\\/locorraldarnes.com\"]}]}<\/script>\n<!-- \/ Yoast SEO plugin. -->","yoast_head_json":{"title":"SOM NATURA - lo corral d&#039;arnes","robots":{"index":"index","follow":"follow","max-snippet":"max-snippet:-1","max-image-preview":"max-image-preview:large","max-video-preview":"max-video-preview:-1"},"canonical":"https:\/\/locorraldarnes.com\/en\/som-natura\/","og_locale":"en_US","og_type":"article","og_title":"SOM NATURA - lo corral d&#039;arnes","og_description":"SOM NATURA Un bon grapat d\u2019artistes han gravat un tema que es diu SOM NATURA, un preci\u00f3s tema que parla no sols de la Ricarda, o dels Espais Protegits de casa nostra. Parla del m\u00f3n, aquest m\u00f3n tant petit en el que vivim, i del que una colla de dropos ha decidit fer un gran [&hellip;]","og_url":"https:\/\/locorraldarnes.com\/en\/som-natura\/","og_site_name":"lo corral d&#039;arnes","article_publisher":"https:\/\/www.facebook.com\/locorraldarnes","article_published_time":"2021-10-22T15:54:28+00:00","article_modified_time":"2021-10-22T16:20:22+00:00","og_image":[{"width":1097,"height":563,"url":"https:\/\/locorraldarnes.com\/wp-content\/uploads\/2021\/10\/Som-Natura.png","type":"image\/png"}],"author":"Lo corral d'arnes","twitter_card":"summary_large_image","twitter_misc":{"Written by":"Lo corral d'arnes","Est. reading time":"2 minutes"},"schema":{"@context":"https:\/\/schema.org","@graph":[{"@type":"Article","@id":"https:\/\/locorraldarnes.com\/en\/som-natura\/#article","isPartOf":{"@id":"https:\/\/locorraldarnes.com\/en\/som-natura\/"},"author":{"name":"Lo corral d'arnes","@id":"https:\/\/locorraldarnes.com\/#\/schema\/person\/014cb61eff277c4d2c65f4e64512915f"},"headline":"SOM NATURA","datePublished":"2021-10-22T15:54:28+00:00","dateModified":"2021-10-22T16:20:22+00:00","mainEntityOfPage":{"@id":"https:\/\/locorraldarnes.com\/en\/som-natura\/"},"wordCount":503,"commentCount":0,"publisher":{"@id":"https:\/\/locorraldarnes.com\/#organization"},"image":{"@id":"https:\/\/locorraldarnes.com\/en\/som-natura\/#primaryimage"},"thumbnailUrl":"https:\/\/locorraldarnes.com\/wp-content\/uploads\/2021\/10\/Som-Natura.png","keywords":["natura","Parc Natural dels Ports","Terres de l'Ebre"],"articleSection":["allotjament rural"],"inLanguage":"en-US","potentialAction":[{"@type":"CommentAction","name":"Comment","target":["https:\/\/locorraldarnes.com\/en\/som-natura\/#respond"]}]},{"@type":"WebPage","@id":"https:\/\/locorraldarnes.com\/en\/som-natura\/","url":"https:\/\/locorraldarnes.com\/en\/som-natura\/","name":"SOM NATURA - lo corral d&#039;arnes","isPartOf":{"@id":"https:\/\/locorraldarnes.com\/#website"},"primaryImageOfPage":{"@id":"https:\/\/locorraldarnes.com\/en\/som-natura\/#primaryimage"},"image":{"@id":"https:\/\/locorraldarnes.com\/en\/som-natura\/#primaryimage"},"thumbnailUrl":"https:\/\/locorraldarnes.com\/wp-content\/uploads\/2021\/10\/Som-Natura.png","datePublished":"2021-10-22T15:54:28+00:00","dateModified":"2021-10-22T16:20:22+00:00","breadcrumb":{"@id":"https:\/\/locorraldarnes.com\/en\/som-natura\/#breadcrumb"},"inLanguage":"en-US","potentialAction":[{"@type":"ReadAction","target":["https:\/\/locorraldarnes.com\/en\/som-natura\/"]}]},{"@type":"ImageObject","inLanguage":"en-US","@id":"https:\/\/locorraldarnes.com\/en\/som-natura\/#primaryimage","url":"https:\/\/locorraldarnes.com\/wp-content\/uploads\/2021\/10\/Som-Natura.png","contentUrl":"https:\/\/locorraldarnes.com\/wp-content\/uploads\/2021\/10\/Som-Natura.png","width":1097,"height":563,"caption":"Som Natura"},{"@type":"BreadcrumbList","@id":"https:\/\/locorraldarnes.com\/en\/som-natura\/#breadcrumb","itemListElement":[{"@type":"ListItem","position":1,"name":"Inici","item":"https:\/\/locorraldarnes.com\/"},{"@type":"ListItem","position":2,"name":"SOM NATURA"}]},{"@type":"WebSite","@id":"https:\/\/locorraldarnes.com\/#website","url":"https:\/\/locorraldarnes.com\/","name":"lo corral d'arnes","description":"Allotjament rural a Arnes. Estels del Sud. Els Ports","publisher":{"@id":"https:\/\/locorraldarnes.com\/#organization"},"potentialAction":[{"@type":"SearchAction","target":{"@type":"EntryPoint","urlTemplate":"https:\/\/locorraldarnes.com\/?s={search_term_string}"},"query-input":{"@type":"PropertyValueSpecification","valueRequired":true,"valueName":"search_term_string"}}],"inLanguage":"en-US"},{"@type":"Organization","@id":"https:\/\/locorraldarnes.com\/#organization","name":"Lo corral d'arnes","url":"https:\/\/locorraldarnes.com\/","logo":{"@type":"ImageObject","inLanguage":"en-US","@id":"https:\/\/locorraldarnes.com\/#\/schema\/logo\/image\/","url":"https:\/\/locorraldarnes.com\/wp-content\/uploads\/logo-lo-corral-mini.gif","contentUrl":"https:\/\/locorraldarnes.com\/wp-content\/uploads\/logo-lo-corral-mini.gif","width":283,"height":116,"caption":"Lo corral d'arnes"},"image":{"@id":"https:\/\/locorraldarnes.com\/#\/schema\/logo\/image\/"},"sameAs":["https:\/\/www.facebook.com\/locorraldarnes","https:\/\/www.instagram.com\/locorraldarnes8087\/"]},{"@type":"Person","@id":"https:\/\/locorraldarnes.com\/#\/schema\/person\/014cb61eff277c4d2c65f4e64512915f","name":"Lo corral d'arnes","image":{"@type":"ImageObject","inLanguage":"en-US","@id":"https:\/\/secure.gravatar.com\/avatar\/0ec546518cdc38222ea845d597c90f30ed6748bc9239933ec7c1bfbc090e17f2?s=96&d=mm&r=g","url":"https:\/\/secure.gravatar.com\/avatar\/0ec546518cdc38222ea845d597c90f30ed6748bc9239933ec7c1bfbc090e17f2?s=96&d=mm&r=g","contentUrl":"https:\/\/secure.gravatar.com\/avatar\/0ec546518cdc38222ea845d597c90f30ed6748bc9239933ec7c1bfbc090e17f2?s=96&d=mm&r=g","caption":"Lo corral d'arnes"},"sameAs":["http:\/\/locorraldarnes.com"]}]}},"_links":{"self":[{"href":"https:\/\/locorraldarnes.com\/en\/wp-json\/wp\/v2\/posts\/13299","targetHints":{"allow":["GET"]}}],"collection":[{"href":"https:\/\/locorraldarnes.com\/en\/wp-json\/wp\/v2\/posts"}],"about":[{"href":"https:\/\/locorraldarnes.com\/en\/wp-json\/wp\/v2\/types\/post"}],"author":[{"embeddable":true,"href":"https:\/\/locorraldarnes.com\/en\/wp-json\/wp\/v2\/users\/7344"}],"replies":[{"embeddable":true,"href":"https:\/\/locorraldarnes.com\/en\/wp-json\/wp\/v2\/comments?post=13299"}],"version-history":[{"count":0,"href":"https:\/\/locorraldarnes.com\/en\/wp-json\/wp\/v2\/posts\/13299\/revisions"}],"wp:featuredmedia":[{"embeddable":true,"href":"https:\/\/locorraldarnes.com\/en\/wp-json\/wp\/v2\/media\/13306"}],"wp:attachment":[{"href":"https:\/\/locorraldarnes.com\/en\/wp-json\/wp\/v2\/media?parent=13299"}],"wp:term":[{"taxonomy":"category","embeddable":true,"href":"https:\/\/locorraldarnes.com\/en\/wp-json\/wp\/v2\/categories?post=13299"},{"taxonomy":"post_tag","embeddable":true,"href":"https:\/\/locorraldarnes.com\/en\/wp-json\/wp\/v2\/tags?post=13299"}],"curies":[{"name":"wp","href":"https:\/\/api.w.org\/{rel}","templated":true}]}}