{"id":13218,"date":"2021-07-16T18:35:17","date_gmt":"2021-07-16T16:35:17","guid":{"rendered":"https:\/\/locorraldarnes.com\/?p=13218"},"modified":"2021-07-16T18:36:29","modified_gmt":"2021-07-16T16:36:29","slug":"pujadors-dels-ports-pujador-de-leuga-a-la-mola-datans","status":"publish","type":"post","link":"https:\/\/locorraldarnes.com\/en\/pujadors-dels-ports-pujador-de-leuga-a-la-mola-datans\/","title":{"rendered":"PUJADORS DELS PORTS: PUJADOR DE L&#8217;EUGA A LA MOLA D&#8217;ATANS."},"content":{"rendered":"<p>[et_pb_section fb_built=&#8221;1&#8243; admin_label=&#8221;section&#8221; _builder_version=&#8221;3.22&#8243;][et_pb_row column_structure=&#8221;3_5,2_5&#8243; admin_label=&#8221;row&#8221; _builder_version=&#8221;3.25&#8243; background_size=&#8221;initial&#8221; background_position=&#8221;top_left&#8221; background_repeat=&#8221;repeat&#8221;][et_pb_column type=&#8221;3_5&#8243; _builder_version=&#8221;3.25&#8243; custom_padding=&#8221;|||&#8221; custom_padding__hover=&#8221;|||&#8221;][et_pb_text admin_label=&#8221;Text&#8221; _builder_version=&#8221;4.9.9&#8243; background_size=&#8221;initial&#8221; background_position=&#8221;top_left&#8221; background_repeat=&#8221;repeat&#8221; custom_margin=&#8221;||-283px|||&#8221; hover_enabled=&#8221;0&#8243; sticky_enabled=&#8221;0&#8243;]<\/p>\n<h2>\u00a0<\/h2>\n<h1 class=\"d-inline dont-break-out\">RUTES LO CORRAL D&#8217;ARNES: Pujador de l&#8217;Euga a les Puntetes Roiges. Paret Oest de la Mola d&#8217;Atans. Monsagres.<\/h1>\n<div class=\"row\">\n<div class=\"col-md-8\">\n<p>Seguint amb la serie d&#8217;entrades sobre els Pujadors dels Ports, amb especial incid\u00e8ncia als del vessant Nord-occidental dels Ports (Orta, Arnes, Beseit), avui anem a parlar d&#8217;un que si b\u00e9 fa m\u00e9s de deu anys tenia un acc\u00e9s for\u00e7a dif\u00edcil degut a que estava &#8220;protegit&#8221; per una espesa vegetaci\u00f3 que dificultava for\u00e7a l&#8217;aproximaci\u00f3. Aquesta vegetaci\u00f3 va quedar redu\u00efda a cendres el juliol del 2009, i el pitjor d&#8217;aquest incendi va ser que varen morir 5 bombers. Voldria saber que en pensen a hores d&#8217;ara els responsables d&#8217;aquell foc. Os va valdre la pena ??<\/p>\n<p>Val a dir que com quasi tots els pujadors que anirem descrivint per aqu\u00ed, <strong>no \u00e9s una excursi\u00f3 apta per a tots els p\u00fablics<\/strong>. Cal escalar fins el IV grau, i dominar les t\u00e8cniques de seguretat necess\u00e0ries per no tenir problemes, sobre tot si al grup hi ha gent inexperta en aquesta mena d&#8217;ascensions<\/p>\n<p>L&#8217;acc\u00e9s el farem des de la poblaci\u00f3 d&#8217;Orta seguint la pista que ens duria al popular Barranc del Canaletes, per\u00f2 abans d&#8217;arribar a l&#8217;aparcament cal agafar un trencall a l&#8217;esquerra i arribar-nos fins el Mas de Pixant\u00f3, on podrem aparcar el vehicle. Si no porteu 4&#215;4 millor deixar-lo a l&#8217;era que trobarem a prop d&#8217;una plantaci\u00f3 de vinya, mig km abans del Mas de Pixant\u00f3.<\/p>\n<p>La senda d&#8217;aproximaci\u00f3 al Pujador surt uns metres abans del Mas, en forta pujada cap a l&#8217;esquerra. En el moment d&#8217;escriure aquesta cr\u00f2nica estava en for\u00e7a bon estat.<\/p>\n<p>En poc m\u00e9s de mitja hora arribarem al Memorial dedicat als bombers morts en l&#8217;incendi del 2009. Bon lloc per observar l&#8217;entorn (paisatge, cingles, bosc cremat, noves plantacions,&#8230;) i reflexionar sobre els perques d&#8217;aquella terrible desgracia.<\/p>\n<p>En aquest punt estem literalment sota els murs que volem pujar, i de seguida ens adonarem que tenen dos punts d\u00e8bils: a l&#8217;extrem dret hi veurem una canal arbrada que passa darrera unes agulles rocoses, son les Puntetes Roiges, i es tracta del Pujador dels Arbellars per on avui baixarem sense cap dificultat t\u00e8cnica.<\/p>\n<p>A l&#8217;esquerra d&#8217;aquesta paret hi veurem una canal rocosa blanquinosa que baixa d&#8217;una feixa arbrada. Aquesta ser\u00e0 la nostra, el Pujador de l&#8217;Euga. Per arribar-hi haurem de seguir un corriol que surt des de el Memorial en direcci\u00f3 SudEst, cap a les Puntetes Roiges i com si anessis a pujar pels Arbellars, i quan arribem a tocar de la paret, farem un gir gaireb\u00e9 de 180\u00ba per anar pujant arran de paret (casc), fins arribar a la canal que forma el Pujador de l&#8217;Euga. No hi ha cam\u00ed per\u00f2 es pot anar pujant amb compte.<\/p>\n<p>Un cop al peu de la canal ens podrem encordar i comen\u00e7ar a pujar canal a munt. Val a dir que cada 30 m. aprox hi anirem trobant una xapa on poder fer reuni\u00f3, i que tamb\u00e9 hi trobarem algun pit\u00f3 a les tirades que es veuen for\u00e7a b\u00e9 per que tenen una baga que els senyalitza.<\/p>\n<ul>\n<li>La primera tirada \u00e9s for\u00e7a senzilla fins una repisa on hi ha una xapa. II\u00ba\u00a0 30 m.<\/li>\n<li>Per la segona sortirem cap a la dreta, per la canal, on anirem trobant alguna asseguran\u00e7a.\u00a0 IV\u00ba\u00a0 30 m.<\/li>\n<li>A la tercera tirada haurem de superar uns murs fins arribar a una alzina on farem reuni\u00f3.\u00a0 IV\u00ba\u00a0 30 m.<\/li>\n<li>Sortirem cap a l&#8217;esquerra per una mena de feixa en diagonal molt senzilla fins uns arbres.\u00a0 II\u00ba\u00a0 35 m.<\/li>\n<li>Seguirem cap a l&#8217;esquerra caminant entre vegetaci\u00f3, donant-li la volta a una mena d&#8217;esper\u00f3, fins arribar a un mur que haurem de superar per arribar a la feixa del Migdia on ens podrem desempallegar de tots els estris d&#8217;escalada i flanquejar cap a la dreta per anar a buscar la baixada.<\/li>\n<\/ul>\n<p>Despr\u00e9s de franquejar una estona arribem a l&#8217;altre vessant dels cingles, sud-est, i anirem trobant fites per mal terreny fins arribar al collet que ens dur\u00e0 al Pujador (en aquest cas baixador) dels Arbellars i al sender\u00f3 que hem fet a la pujada.<\/p>\n<p>Voldria insistir en que <strong>no \u00e9s una excursi\u00f3 apta per a tots els p\u00fablics<\/strong>, ja que cal dominar ni que sigui una mica t\u00e8cniques d&#8217;escalada i valdr\u00e0 la pena anar assegurat, especialment si es va en gent inexperta.<\/p>\n<p>Material: corda de 30\/40 m., arn\u00e9s i casc, reunions, bagues sabineres, i 4-5 cintes.<\/p>\n<p>Aqu\u00ed teniu el link amb el <a href=\"https:\/\/ca.wikiloc.com\/rutes-alpinisme\/rutes-lo-corral-darnes-ruta-31-pujador-de-leuga-contrafort-oest-de-la-mola-datans-78365995\" target=\"_blank\" rel=\"noopener\"><strong>track de l&#8217;itinerari<\/strong><\/a>.<\/p>\n<p>Que gaudiu de l&#8217;excursi\u00f3.<\/p>\n<p>Salut<\/p>\n<p>&nbsp;<\/p>\n<div class=\"entry-content-asset videofit\">\u00a0<\/div>\n<p>&nbsp;<\/p>\n<\/div>\n<div class=\"col-md-4\">\n<p>&nbsp;<\/p>\n<p>&nbsp;<\/p>\n<p>&nbsp;<\/p>\n<p>&nbsp;<\/p>\n<p>&nbsp;<\/p>\n<p>&nbsp;<\/p>\n<\/div>\n<\/div>\n<p>&nbsp;<\/p>\n<p>&nbsp;<\/p>\n<p>&nbsp;<\/p>\n<div style=\"color: #777; font-size: 11px; line-height: 16px;\">\u00a0<\/div>\n<p>&nbsp;<\/p>\n<p>[\/et_pb_text][\/et_pb_column][et_pb_column type=&#8221;2_5&#8243; _builder_version=&#8221;3.25&#8243; custom_padding=&#8221;|||&#8221; custom_padding__hover=&#8221;|||&#8221;][et_pb_gallery gallery_ids=&#8221;13236,13240,13244,13248,13253,13257,13261,13265,13269,13273,13278&#8243; posts_number=&#8221;30&#8243; show_title_and_caption=&#8221;off&#8221; show_pagination=&#8221;off&#8221; _builder_version=&#8221;4.9.9&#8243; _module_preset=&#8221;default&#8221;][\/et_pb_gallery][\/et_pb_column][\/et_pb_row][\/et_pb_section]<\/p>\n<span class=\"et_bloom_bottom_trigger\"><\/span>","protected":false},"excerpt":{"rendered":"<p>Dins de la serie Pujadors del Ports, avui ens enfilarem pel Pujador de l&#8217;Euga, a les Puntetes Roiges. Contraforts de la Mola d&#8217;Atans al Monsagre i visitant el Memorial als bombers morts a l&#8217;incendi d&#8217;Orta del 2009.<\/p>\n","protected":false},"author":7344,"featured_media":13226,"comment_status":"open","ping_status":"open","sticky":false,"template":"","format":"standard","meta":{"_et_pb_use_builder":"on","_et_pb_old_content":"","_et_gb_content_width":"","footnotes":""},"categories":[413,28,108,4,429],"tags":[192,520],"class_list":["post-13218","post","type-post","status-publish","format-standard","has-post-thumbnail","hentry","category-allotjament-rural","category-els-ports","category-escalada","category-excursions","category-ressenyes","tag-escalada","tag-pujadors-dels-ports"],"yoast_head":"<!-- This site is optimized with the Yoast SEO plugin v27.5 - https:\/\/yoast.com\/product\/yoast-seo-wordpress\/ -->\n<title>PUJADORS DELS PORTS: PUJADOR DE L&#039;EUGA A LA MOLA D&#039;ATANS. - lo corral d&#039;arnes<\/title>\n<meta name=\"description\" content=\"Pujador de l&#039;Euga a les Puntes Roiges baixant pel Pujador dels Arbellars, visitant el memorial als bombers morts a l&#039;incendi d&#039;Orta del 2009\" \/>\n<meta name=\"robots\" content=\"index, follow, max-snippet:-1, max-image-preview:large, max-video-preview:-1\" \/>\n<link rel=\"canonical\" href=\"https:\/\/locorraldarnes.com\/en\/pujadors-dels-ports-pujador-de-leuga-a-la-mola-datans\/\" \/>\n<meta property=\"og:locale\" content=\"en_US\" \/>\n<meta property=\"og:type\" content=\"article\" \/>\n<meta property=\"og:title\" content=\"PUJADORS DELS PORTS: PUJADOR DE L&#039;EUGA A LA MOLA D&#039;ATANS. - lo corral d&#039;arnes\" \/>\n<meta property=\"og:description\" content=\"Pujador de l&#039;Euga a les Puntes Roiges baixant pel Pujador dels Arbellars, visitant el memorial als bombers morts a l&#039;incendi d&#039;Orta del 2009\" \/>\n<meta property=\"og:url\" content=\"https:\/\/locorraldarnes.com\/en\/pujadors-dels-ports-pujador-de-leuga-a-la-mola-datans\/\" \/>\n<meta property=\"og:site_name\" content=\"lo corral d&#039;arnes\" \/>\n<meta property=\"article:publisher\" content=\"https:\/\/www.facebook.com\/locorraldarnes\" \/>\n<meta property=\"article:published_time\" content=\"2021-07-16T16:35:17+00:00\" \/>\n<meta property=\"article:modified_time\" content=\"2021-07-16T16:36:29+00:00\" \/>\n<meta property=\"og:image\" content=\"https:\/\/locorraldarnes.com\/wp-content\/uploads\/2021\/07\/Pujador-Euga-Memorial-Bombers.jpg\" \/>\n\t<meta property=\"og:image:width\" content=\"756\" \/>\n\t<meta property=\"og:image:height\" content=\"567\" \/>\n\t<meta property=\"og:image:type\" content=\"image\/jpeg\" \/>\n<meta name=\"author\" content=\"Lo corral d&#039;arnes\" \/>\n<meta name=\"twitter:card\" content=\"summary_large_image\" \/>\n<meta name=\"twitter:label1\" content=\"Written by\" \/>\n\t<meta name=\"twitter:data1\" content=\"Lo corral d&#039;arnes\" \/>\n\t<meta name=\"twitter:label2\" content=\"Est. reading time\" \/>\n\t<meta name=\"twitter:data2\" content=\"4 minutes\" \/>\n<script type=\"application\/ld+json\" class=\"yoast-schema-graph\">{\"@context\":\"https:\\\/\\\/schema.org\",\"@graph\":[{\"@type\":\"Article\",\"@id\":\"https:\\\/\\\/locorraldarnes.com\\\/en\\\/pujadors-dels-ports-pujador-de-leuga-a-la-mola-datans\\\/#article\",\"isPartOf\":{\"@id\":\"https:\\\/\\\/locorraldarnes.com\\\/en\\\/pujadors-dels-ports-pujador-de-leuga-a-la-mola-datans\\\/\"},\"author\":{\"name\":\"Lo corral d'arnes\",\"@id\":\"https:\\\/\\\/locorraldarnes.com\\\/#\\\/schema\\\/person\\\/014cb61eff277c4d2c65f4e64512915f\"},\"headline\":\"PUJADORS DELS PORTS: PUJADOR DE L&#8217;EUGA A LA MOLA D&#8217;ATANS.\",\"datePublished\":\"2021-07-16T16:35:17+00:00\",\"dateModified\":\"2021-07-16T16:36:29+00:00\",\"mainEntityOfPage\":{\"@id\":\"https:\\\/\\\/locorraldarnes.com\\\/en\\\/pujadors-dels-ports-pujador-de-leuga-a-la-mola-datans\\\/\"},\"wordCount\":926,\"commentCount\":0,\"publisher\":{\"@id\":\"https:\\\/\\\/locorraldarnes.com\\\/#organization\"},\"image\":{\"@id\":\"https:\\\/\\\/locorraldarnes.com\\\/en\\\/pujadors-dels-ports-pujador-de-leuga-a-la-mola-datans\\\/#primaryimage\"},\"thumbnailUrl\":\"https:\\\/\\\/locorraldarnes.com\\\/wp-content\\\/uploads\\\/2021\\\/07\\\/Pujador-Euga-Memorial-Bombers.jpg\",\"keywords\":[\"escalada\",\"pujadors dels ports\"],\"articleSection\":[\"allotjament rural\",\"Els Ports\",\"Escalada\",\"excursions\",\"Ressenyes\"],\"inLanguage\":\"en-US\",\"potentialAction\":[{\"@type\":\"CommentAction\",\"name\":\"Comment\",\"target\":[\"https:\\\/\\\/locorraldarnes.com\\\/en\\\/pujadors-dels-ports-pujador-de-leuga-a-la-mola-datans\\\/#respond\"]}]},{\"@type\":\"WebPage\",\"@id\":\"https:\\\/\\\/locorraldarnes.com\\\/en\\\/pujadors-dels-ports-pujador-de-leuga-a-la-mola-datans\\\/\",\"url\":\"https:\\\/\\\/locorraldarnes.com\\\/en\\\/pujadors-dels-ports-pujador-de-leuga-a-la-mola-datans\\\/\",\"name\":\"PUJADORS DELS PORTS: PUJADOR DE L'EUGA A LA MOLA D'ATANS. - lo corral d&#039;arnes\",\"isPartOf\":{\"@id\":\"https:\\\/\\\/locorraldarnes.com\\\/#website\"},\"primaryImageOfPage\":{\"@id\":\"https:\\\/\\\/locorraldarnes.com\\\/en\\\/pujadors-dels-ports-pujador-de-leuga-a-la-mola-datans\\\/#primaryimage\"},\"image\":{\"@id\":\"https:\\\/\\\/locorraldarnes.com\\\/en\\\/pujadors-dels-ports-pujador-de-leuga-a-la-mola-datans\\\/#primaryimage\"},\"thumbnailUrl\":\"https:\\\/\\\/locorraldarnes.com\\\/wp-content\\\/uploads\\\/2021\\\/07\\\/Pujador-Euga-Memorial-Bombers.jpg\",\"datePublished\":\"2021-07-16T16:35:17+00:00\",\"dateModified\":\"2021-07-16T16:36:29+00:00\",\"description\":\"Pujador de l'Euga a les Puntes Roiges baixant pel Pujador dels Arbellars, visitant el memorial als bombers morts a l'incendi d'Orta del 2009\",\"breadcrumb\":{\"@id\":\"https:\\\/\\\/locorraldarnes.com\\\/en\\\/pujadors-dels-ports-pujador-de-leuga-a-la-mola-datans\\\/#breadcrumb\"},\"inLanguage\":\"en-US\",\"potentialAction\":[{\"@type\":\"ReadAction\",\"target\":[\"https:\\\/\\\/locorraldarnes.com\\\/en\\\/pujadors-dels-ports-pujador-de-leuga-a-la-mola-datans\\\/\"]}]},{\"@type\":\"ImageObject\",\"inLanguage\":\"en-US\",\"@id\":\"https:\\\/\\\/locorraldarnes.com\\\/en\\\/pujadors-dels-ports-pujador-de-leuga-a-la-mola-datans\\\/#primaryimage\",\"url\":\"https:\\\/\\\/locorraldarnes.com\\\/wp-content\\\/uploads\\\/2021\\\/07\\\/Pujador-Euga-Memorial-Bombers.jpg\",\"contentUrl\":\"https:\\\/\\\/locorraldarnes.com\\\/wp-content\\\/uploads\\\/2021\\\/07\\\/Pujador-Euga-Memorial-Bombers.jpg\",\"width\":756,\"height\":567,\"caption\":\"OLYMPUS DIGITAL CAMERA\"},{\"@type\":\"BreadcrumbList\",\"@id\":\"https:\\\/\\\/locorraldarnes.com\\\/en\\\/pujadors-dels-ports-pujador-de-leuga-a-la-mola-datans\\\/#breadcrumb\",\"itemListElement\":[{\"@type\":\"ListItem\",\"position\":1,\"name\":\"Inici\",\"item\":\"https:\\\/\\\/locorraldarnes.com\\\/\"},{\"@type\":\"ListItem\",\"position\":2,\"name\":\"PUJADORS DELS PORTS: PUJADOR DE L&#8217;EUGA A LA MOLA D&#8217;ATANS.\"}]},{\"@type\":\"WebSite\",\"@id\":\"https:\\\/\\\/locorraldarnes.com\\\/#website\",\"url\":\"https:\\\/\\\/locorraldarnes.com\\\/\",\"name\":\"lo corral d'arnes\",\"description\":\"Allotjament rural a Arnes. Estels del Sud. Els Ports\",\"publisher\":{\"@id\":\"https:\\\/\\\/locorraldarnes.com\\\/#organization\"},\"potentialAction\":[{\"@type\":\"SearchAction\",\"target\":{\"@type\":\"EntryPoint\",\"urlTemplate\":\"https:\\\/\\\/locorraldarnes.com\\\/?s={search_term_string}\"},\"query-input\":{\"@type\":\"PropertyValueSpecification\",\"valueRequired\":true,\"valueName\":\"search_term_string\"}}],\"inLanguage\":\"en-US\"},{\"@type\":\"Organization\",\"@id\":\"https:\\\/\\\/locorraldarnes.com\\\/#organization\",\"name\":\"Lo corral d'arnes\",\"url\":\"https:\\\/\\\/locorraldarnes.com\\\/\",\"logo\":{\"@type\":\"ImageObject\",\"inLanguage\":\"en-US\",\"@id\":\"https:\\\/\\\/locorraldarnes.com\\\/#\\\/schema\\\/logo\\\/image\\\/\",\"url\":\"https:\\\/\\\/locorraldarnes.com\\\/wp-content\\\/uploads\\\/logo-lo-corral-mini.gif\",\"contentUrl\":\"https:\\\/\\\/locorraldarnes.com\\\/wp-content\\\/uploads\\\/logo-lo-corral-mini.gif\",\"width\":283,\"height\":116,\"caption\":\"Lo corral d'arnes\"},\"image\":{\"@id\":\"https:\\\/\\\/locorraldarnes.com\\\/#\\\/schema\\\/logo\\\/image\\\/\"},\"sameAs\":[\"https:\\\/\\\/www.facebook.com\\\/locorraldarnes\",\"https:\\\/\\\/www.instagram.com\\\/locorraldarnes8087\\\/\"]},{\"@type\":\"Person\",\"@id\":\"https:\\\/\\\/locorraldarnes.com\\\/#\\\/schema\\\/person\\\/014cb61eff277c4d2c65f4e64512915f\",\"name\":\"Lo corral d'arnes\",\"image\":{\"@type\":\"ImageObject\",\"inLanguage\":\"en-US\",\"@id\":\"https:\\\/\\\/secure.gravatar.com\\\/avatar\\\/0ec546518cdc38222ea845d597c90f30ed6748bc9239933ec7c1bfbc090e17f2?s=96&d=mm&r=g\",\"url\":\"https:\\\/\\\/secure.gravatar.com\\\/avatar\\\/0ec546518cdc38222ea845d597c90f30ed6748bc9239933ec7c1bfbc090e17f2?s=96&d=mm&r=g\",\"contentUrl\":\"https:\\\/\\\/secure.gravatar.com\\\/avatar\\\/0ec546518cdc38222ea845d597c90f30ed6748bc9239933ec7c1bfbc090e17f2?s=96&d=mm&r=g\",\"caption\":\"Lo corral d'arnes\"},\"sameAs\":[\"http:\\\/\\\/locorraldarnes.com\"]}]}<\/script>\n<!-- \/ Yoast SEO plugin. -->","yoast_head_json":{"title":"PUJADORS DELS PORTS: PUJADOR DE L'EUGA A LA MOLA D'ATANS. - lo corral d&#039;arnes","description":"Pujador de l'Euga a les Puntes Roiges baixant pel Pujador dels Arbellars, visitant el memorial als bombers morts a l'incendi d'Orta del 2009","robots":{"index":"index","follow":"follow","max-snippet":"max-snippet:-1","max-image-preview":"max-image-preview:large","max-video-preview":"max-video-preview:-1"},"canonical":"https:\/\/locorraldarnes.com\/en\/pujadors-dels-ports-pujador-de-leuga-a-la-mola-datans\/","og_locale":"en_US","og_type":"article","og_title":"PUJADORS DELS PORTS: PUJADOR DE L'EUGA A LA MOLA D'ATANS. - lo corral d&#039;arnes","og_description":"Pujador de l'Euga a les Puntes Roiges baixant pel Pujador dels Arbellars, visitant el memorial als bombers morts a l'incendi d'Orta del 2009","og_url":"https:\/\/locorraldarnes.com\/en\/pujadors-dels-ports-pujador-de-leuga-a-la-mola-datans\/","og_site_name":"lo corral d&#039;arnes","article_publisher":"https:\/\/www.facebook.com\/locorraldarnes","article_published_time":"2021-07-16T16:35:17+00:00","article_modified_time":"2021-07-16T16:36:29+00:00","og_image":[{"width":756,"height":567,"url":"https:\/\/locorraldarnes.com\/wp-content\/uploads\/2021\/07\/Pujador-Euga-Memorial-Bombers.jpg","type":"image\/jpeg"}],"author":"Lo corral d'arnes","twitter_card":"summary_large_image","twitter_misc":{"Written by":"Lo corral d'arnes","Est. reading time":"4 minutes"},"schema":{"@context":"https:\/\/schema.org","@graph":[{"@type":"Article","@id":"https:\/\/locorraldarnes.com\/en\/pujadors-dels-ports-pujador-de-leuga-a-la-mola-datans\/#article","isPartOf":{"@id":"https:\/\/locorraldarnes.com\/en\/pujadors-dels-ports-pujador-de-leuga-a-la-mola-datans\/"},"author":{"name":"Lo corral d'arnes","@id":"https:\/\/locorraldarnes.com\/#\/schema\/person\/014cb61eff277c4d2c65f4e64512915f"},"headline":"PUJADORS DELS PORTS: PUJADOR DE L&#8217;EUGA A LA MOLA D&#8217;ATANS.","datePublished":"2021-07-16T16:35:17+00:00","dateModified":"2021-07-16T16:36:29+00:00","mainEntityOfPage":{"@id":"https:\/\/locorraldarnes.com\/en\/pujadors-dels-ports-pujador-de-leuga-a-la-mola-datans\/"},"wordCount":926,"commentCount":0,"publisher":{"@id":"https:\/\/locorraldarnes.com\/#organization"},"image":{"@id":"https:\/\/locorraldarnes.com\/en\/pujadors-dels-ports-pujador-de-leuga-a-la-mola-datans\/#primaryimage"},"thumbnailUrl":"https:\/\/locorraldarnes.com\/wp-content\/uploads\/2021\/07\/Pujador-Euga-Memorial-Bombers.jpg","keywords":["escalada","pujadors dels ports"],"articleSection":["allotjament rural","Els Ports","Escalada","excursions","Ressenyes"],"inLanguage":"en-US","potentialAction":[{"@type":"CommentAction","name":"Comment","target":["https:\/\/locorraldarnes.com\/en\/pujadors-dels-ports-pujador-de-leuga-a-la-mola-datans\/#respond"]}]},{"@type":"WebPage","@id":"https:\/\/locorraldarnes.com\/en\/pujadors-dels-ports-pujador-de-leuga-a-la-mola-datans\/","url":"https:\/\/locorraldarnes.com\/en\/pujadors-dels-ports-pujador-de-leuga-a-la-mola-datans\/","name":"PUJADORS DELS PORTS: PUJADOR DE L'EUGA A LA MOLA D'ATANS. - lo corral d&#039;arnes","isPartOf":{"@id":"https:\/\/locorraldarnes.com\/#website"},"primaryImageOfPage":{"@id":"https:\/\/locorraldarnes.com\/en\/pujadors-dels-ports-pujador-de-leuga-a-la-mola-datans\/#primaryimage"},"image":{"@id":"https:\/\/locorraldarnes.com\/en\/pujadors-dels-ports-pujador-de-leuga-a-la-mola-datans\/#primaryimage"},"thumbnailUrl":"https:\/\/locorraldarnes.com\/wp-content\/uploads\/2021\/07\/Pujador-Euga-Memorial-Bombers.jpg","datePublished":"2021-07-16T16:35:17+00:00","dateModified":"2021-07-16T16:36:29+00:00","description":"Pujador de l'Euga a les Puntes Roiges baixant pel Pujador dels Arbellars, visitant el memorial als bombers morts a l'incendi d'Orta del 2009","breadcrumb":{"@id":"https:\/\/locorraldarnes.com\/en\/pujadors-dels-ports-pujador-de-leuga-a-la-mola-datans\/#breadcrumb"},"inLanguage":"en-US","potentialAction":[{"@type":"ReadAction","target":["https:\/\/locorraldarnes.com\/en\/pujadors-dels-ports-pujador-de-leuga-a-la-mola-datans\/"]}]},{"@type":"ImageObject","inLanguage":"en-US","@id":"https:\/\/locorraldarnes.com\/en\/pujadors-dels-ports-pujador-de-leuga-a-la-mola-datans\/#primaryimage","url":"https:\/\/locorraldarnes.com\/wp-content\/uploads\/2021\/07\/Pujador-Euga-Memorial-Bombers.jpg","contentUrl":"https:\/\/locorraldarnes.com\/wp-content\/uploads\/2021\/07\/Pujador-Euga-Memorial-Bombers.jpg","width":756,"height":567,"caption":"OLYMPUS DIGITAL CAMERA"},{"@type":"BreadcrumbList","@id":"https:\/\/locorraldarnes.com\/en\/pujadors-dels-ports-pujador-de-leuga-a-la-mola-datans\/#breadcrumb","itemListElement":[{"@type":"ListItem","position":1,"name":"Inici","item":"https:\/\/locorraldarnes.com\/"},{"@type":"ListItem","position":2,"name":"PUJADORS DELS PORTS: PUJADOR DE L&#8217;EUGA A LA MOLA D&#8217;ATANS."}]},{"@type":"WebSite","@id":"https:\/\/locorraldarnes.com\/#website","url":"https:\/\/locorraldarnes.com\/","name":"lo corral d'arnes","description":"Allotjament rural a Arnes. Estels del Sud. Els Ports","publisher":{"@id":"https:\/\/locorraldarnes.com\/#organization"},"potentialAction":[{"@type":"SearchAction","target":{"@type":"EntryPoint","urlTemplate":"https:\/\/locorraldarnes.com\/?s={search_term_string}"},"query-input":{"@type":"PropertyValueSpecification","valueRequired":true,"valueName":"search_term_string"}}],"inLanguage":"en-US"},{"@type":"Organization","@id":"https:\/\/locorraldarnes.com\/#organization","name":"Lo corral d'arnes","url":"https:\/\/locorraldarnes.com\/","logo":{"@type":"ImageObject","inLanguage":"en-US","@id":"https:\/\/locorraldarnes.com\/#\/schema\/logo\/image\/","url":"https:\/\/locorraldarnes.com\/wp-content\/uploads\/logo-lo-corral-mini.gif","contentUrl":"https:\/\/locorraldarnes.com\/wp-content\/uploads\/logo-lo-corral-mini.gif","width":283,"height":116,"caption":"Lo corral d'arnes"},"image":{"@id":"https:\/\/locorraldarnes.com\/#\/schema\/logo\/image\/"},"sameAs":["https:\/\/www.facebook.com\/locorraldarnes","https:\/\/www.instagram.com\/locorraldarnes8087\/"]},{"@type":"Person","@id":"https:\/\/locorraldarnes.com\/#\/schema\/person\/014cb61eff277c4d2c65f4e64512915f","name":"Lo corral d'arnes","image":{"@type":"ImageObject","inLanguage":"en-US","@id":"https:\/\/secure.gravatar.com\/avatar\/0ec546518cdc38222ea845d597c90f30ed6748bc9239933ec7c1bfbc090e17f2?s=96&d=mm&r=g","url":"https:\/\/secure.gravatar.com\/avatar\/0ec546518cdc38222ea845d597c90f30ed6748bc9239933ec7c1bfbc090e17f2?s=96&d=mm&r=g","contentUrl":"https:\/\/secure.gravatar.com\/avatar\/0ec546518cdc38222ea845d597c90f30ed6748bc9239933ec7c1bfbc090e17f2?s=96&d=mm&r=g","caption":"Lo corral d'arnes"},"sameAs":["http:\/\/locorraldarnes.com"]}]}},"_links":{"self":[{"href":"https:\/\/locorraldarnes.com\/en\/wp-json\/wp\/v2\/posts\/13218","targetHints":{"allow":["GET"]}}],"collection":[{"href":"https:\/\/locorraldarnes.com\/en\/wp-json\/wp\/v2\/posts"}],"about":[{"href":"https:\/\/locorraldarnes.com\/en\/wp-json\/wp\/v2\/types\/post"}],"author":[{"embeddable":true,"href":"https:\/\/locorraldarnes.com\/en\/wp-json\/wp\/v2\/users\/7344"}],"replies":[{"embeddable":true,"href":"https:\/\/locorraldarnes.com\/en\/wp-json\/wp\/v2\/comments?post=13218"}],"version-history":[{"count":0,"href":"https:\/\/locorraldarnes.com\/en\/wp-json\/wp\/v2\/posts\/13218\/revisions"}],"wp:featuredmedia":[{"embeddable":true,"href":"https:\/\/locorraldarnes.com\/en\/wp-json\/wp\/v2\/media\/13226"}],"wp:attachment":[{"href":"https:\/\/locorraldarnes.com\/en\/wp-json\/wp\/v2\/media?parent=13218"}],"wp:term":[{"taxonomy":"category","embeddable":true,"href":"https:\/\/locorraldarnes.com\/en\/wp-json\/wp\/v2\/categories?post=13218"},{"taxonomy":"post_tag","embeddable":true,"href":"https:\/\/locorraldarnes.com\/en\/wp-json\/wp\/v2\/tags?post=13218"}],"curies":[{"name":"wp","href":"https:\/\/api.w.org\/{rel}","templated":true}]}}