{"id":13057,"date":"2021-06-11T19:35:00","date_gmt":"2021-06-11T17:35:00","guid":{"rendered":"https:\/\/locorraldarnes.com\/?p=13057"},"modified":"2021-06-11T19:45:39","modified_gmt":"2021-06-11T17:45:39","slug":"escalada-als-estrets-via-salshishes-tibetanes-a-la-gronsa-sud","status":"publish","type":"post","link":"https:\/\/locorraldarnes.com\/en\/escalada-als-estrets-via-salshishes-tibetanes-a-la-gronsa-sud\/","title":{"rendered":"ESCALADA ALS ESTRETS, VIA SALSHISHES TIBETANES A LA GRONSA SUD."},"content":{"rendered":"<p>[et_pb_section fb_built=&#8221;1&#8243; admin_label=&#8221;section&#8221; _builder_version=&#8221;3.22&#8243;][et_pb_row column_structure=&#8221;3_5,2_5&#8243; admin_label=&#8221;row&#8221; _builder_version=&#8221;3.25&#8243; background_size=&#8221;initial&#8221; background_position=&#8221;top_left&#8221; background_repeat=&#8221;repeat&#8221;][et_pb_column type=&#8221;3_5&#8243; _builder_version=&#8221;3.25&#8243; custom_padding=&#8221;|||&#8221; custom_padding__hover=&#8221;|||&#8221;][et_pb_text admin_label=&#8221;Text&#8221; _builder_version=&#8221;4.9.6&#8243; background_size=&#8221;initial&#8221; background_position=&#8221;top_left&#8221; background_repeat=&#8221;repeat&#8221; custom_margin=&#8221;||-283px|||&#8221; hover_enabled=&#8221;0&#8243; sticky_enabled=&#8221;0&#8243;]<\/p>\n<h2>\u00a0<\/h2>\n<h2>ESCALADA ALS ESTRETS D&#8217;ARNES, VIA SALSHISHES TIBETANES<\/h2>\n<div class=\"row\">\n<div class=\"col-md-8\">\n<p>Enguany es compleix el vint\u00e9 aniversari de l&#8217;obertura de la via <strong>Salshishes Tibetanes<\/strong> a la <strong>Gronsa Sud<\/strong>, als <strong>Estrets d&#8217;Arnes<\/strong> (o de Lliber\u00f3s). Tamb\u00e9 fa els mateixos anys que un grup de dones es van encaparrar de pujar una muntanya molt alta, un 8000, el <strong>Shisha Pangma<\/strong>. Com que alguns dels components del seu &#8220;club de fans&#8221; les varem comen\u00e7ar a anomenar &#8220;salshishes&#8221; i va donar la casualitat que la Marisa hi va participar a l&#8217;expedici\u00f3, doncs tot va anar rodat per que la via s&#8217;anomen\u00e9s <strong>Salshishes Tibetanes, <\/strong>ja que la varem acabar pocs dies abans que marxesin cap a l&#8217;Himalaia.<\/p>\n<p>Es tracta d&#8217;una via que es va obrir amb un equipament per no patir, que es mant\u00e9 en un grau que ronda el III &#8211; IV, i vull dir que &#8220;per no patir&#8221;, vol dir que <strong>\u00e9s per que la gent que escala III i IV no pateixi<\/strong>. Resulta evident que les persones que tenen un nivell molt m\u00e9s elevat els hi sobrar\u00e0 de tot. Aquests s&#8217;han equivocat de via, ho sento.<\/p>\n<p>Amb el temps nosaltres hem anat afegint anys i kilos als nostres m\u00e9s que depauperats genolls, i aix\u00f2 ha provocat que haguem preparat la via per que es pugui rapelar de dalt a baix. Totes les reunions son rapelables i quasi totes estan &#8220;doblades&#8221;. Que vol dir doblades? Doncs que hi sol haver dos xapes amb anella per rapelar i dos per fer la reuni\u00f3, de tal manera hi poden &#8220;convuire&#8221; en una mateixa reuni\u00f3 els qui baixen i els qui pujen.\u00a0 Darrerament aquest equipament ens ha anat for\u00e7a b\u00e9 en alguna escalada &#8220;multitudinaria&#8221; amb en Guillem i sus locos seguidores.<\/p>\n<p>El fet de viure a Arnes i repetir la via de tant en tant, ens permet fer un &#8220;manteniment&#8221; continu, ja que molt de tant en tant cal reposar alguna xapa que alg\u00fa (per equivocaci\u00f3) es deu endur, de vegades tamb\u00e9 hem retirat diverses deixalles (llaunes, plastics, burilles,&#8230;) que algunes persones, tamb\u00e9 de ben segur per equivocaci\u00f3, es deixen per la paret.<\/p>\n<p>Haviem preparat una ressenya de la via, per\u00f2 com que l&#8217;oncle Guillem ha fet una veritable obra d&#8217;art, os passo el <strong><a href=\"https:\/\/guillem2.blogspot.com\/search?updated-max=2021-06-08T10:36:00%2B02:00&amp;max-results=2\" target=\"_blank\" rel=\"noopener\">link amb el seu blog<\/a><\/strong>, on tamb\u00e9 teniu ressenyes de la <a href=\"https:\/\/guillem2.blogspot.com\/search?updated-max=2021-06-08T10:36:00%2B02:00&amp;max-results=2\" target=\"_blank\" rel=\"noopener\"><strong>Tintin a les Moles<\/strong><\/a> i de la <strong><a href=\"https:\/\/guillem2.blogspot.com\/2021\/06\/27-05-2021-ports-debeseit-estrets-de.html\" target=\"_blank\" rel=\"noopener\">Heroes Abstenerse de l&#8217;Espill<\/a>.<\/strong><\/p>\n<p>Al <a href=\"https:\/\/guillem2.blogspot.com\/\" target=\"_blank\" rel=\"noopener\"><strong>Blog del Guillem\u00a0 <\/strong><\/a>hi trobareu un munt de ressenyes d&#8217;escalada &#8220;plaisir&#8221;, concepte molt de moda darrerament especialment als &#8220;Casals d&#8217;Avis&#8221; i dem\u00e9s gent bon vivant.<\/p>\n<p>B\u00e9, que disfruteu de la Salshishes, que disfruteu de l&#8217;escalada i sobretot, que disfruteu de la vida.<\/p>\n<p>Salut<\/p>\n<p><img loading=\"lazy\" decoding=\"async\" class=\"wp-image-13061 alignnone size-full\" src=\"https:\/\/locorraldarnes.com\/wp-content\/uploads\/2021\/06\/Salshishes-Tibetanes-Ressenya-Guillem.jpg\" alt=\"\" width=\"588\" height=\"1024\" srcset=\"https:\/\/locorraldarnes.com\/wp-content\/uploads\/2021\/06\/Salshishes-Tibetanes-Ressenya-Guillem.jpg 588w, https:\/\/locorraldarnes.com\/wp-content\/uploads\/2021\/06\/Salshishes-Tibetanes-Ressenya-Guillem-480x836.jpg 480w\" sizes=\"(min-width: 0px) and (max-width: 480px) 480px, (min-width: 481px) 588px, 100vw\" \/><\/p>\n<div class=\"entry-content-asset videofit\">\u00a0<\/div>\n<p>&nbsp;<\/p>\n<\/div>\n<div class=\"col-md-4\">\n<p>&nbsp;<\/p>\n<p>&nbsp;<\/p>\n<p>&nbsp;<\/p>\n<p>&nbsp;<\/p>\n<p>&nbsp;<\/p>\n<p>&nbsp;<\/p>\n<\/div>\n<\/div>\n<p>&nbsp;<\/p>\n<p>&nbsp;<\/p>\n<p>&nbsp;<\/p>\n<div style=\"color: #777; font-size: 11px; line-height: 16px;\">\u00a0<\/div>\n<p>&nbsp;<\/p>\n<p>[\/et_pb_text][\/et_pb_column][et_pb_column type=&#8221;2_5&#8243; _builder_version=&#8221;3.25&#8243; custom_padding=&#8221;|||&#8221; custom_padding__hover=&#8221;|||&#8221;][et_pb_gallery gallery_ids=&#8221;13065,13069,13073,13077,13081,13085,13089,13093,13097,13101&#8243; posts_number=&#8221;30&#8243; show_title_and_caption=&#8221;off&#8221; show_pagination=&#8221;off&#8221; _builder_version=&#8221;4.9.6&#8243; _module_preset=&#8221;default&#8221;][\/et_pb_gallery][\/et_pb_column][\/et_pb_row][\/et_pb_section]<\/p>\n<span class=\"et_bloom_bottom_trigger\"><\/span>","protected":false},"excerpt":{"rendered":"<p>Enguany es compleix el vint\u00e8 aniversari de l&#8217;obertura de la via Salshishes Tibetanes a la Gronsa Sud, als Estrets d&#8217;Arnes<\/p>\n","protected":false},"author":7344,"featured_media":13109,"comment_status":"open","ping_status":"open","sticky":false,"template":"","format":"standard","meta":{"_et_pb_use_builder":"on","_et_pb_old_content":"","_et_gb_content_width":"","footnotes":""},"categories":[413,108,429],"tags":[10,192,518],"class_list":["post-13057","post","type-post","status-publish","format-standard","has-post-thumbnail","hentry","category-allotjament-rural","category-escalada","category-ressenyes","tag-allotjament-rural","tag-escalada","tag-ressenyes"],"yoast_head":"<!-- This site is optimized with the Yoast SEO plugin v27.5 - https:\/\/yoast.com\/product\/yoast-seo-wordpress\/ -->\n<title>ESCALADA ALS ESTRETS, VIA SALSHISHES TIBETANES A LA GRONSA SUD. - lo corral d&#039;arnes<\/title>\n<meta name=\"description\" content=\"Ressenya de la via Salshishes Tibetanes a la Gronsa Sud, Estrets d&#039;Arnes, els Ports. Amb enlla\u00e7os al Blog d&#039;en Guillem\" \/>\n<meta name=\"robots\" content=\"index, follow, max-snippet:-1, max-image-preview:large, max-video-preview:-1\" \/>\n<link rel=\"canonical\" href=\"https:\/\/locorraldarnes.com\/en\/escalada-als-estrets-via-salshishes-tibetanes-a-la-gronsa-sud\/\" \/>\n<meta property=\"og:locale\" content=\"en_US\" \/>\n<meta property=\"og:type\" content=\"article\" \/>\n<meta property=\"og:title\" content=\"ESCALADA ALS ESTRETS, VIA SALSHISHES TIBETANES A LA GRONSA SUD. - lo corral d&#039;arnes\" \/>\n<meta property=\"og:description\" content=\"Ressenya de la via Salshishes Tibetanes a la Gronsa Sud, Estrets d&#039;Arnes, els Ports. Amb enlla\u00e7os al Blog d&#039;en Guillem\" \/>\n<meta property=\"og:url\" content=\"https:\/\/locorraldarnes.com\/en\/escalada-als-estrets-via-salshishes-tibetanes-a-la-gronsa-sud\/\" \/>\n<meta property=\"og:site_name\" content=\"lo corral d&#039;arnes\" \/>\n<meta property=\"article:publisher\" content=\"https:\/\/www.facebook.com\/locorraldarnes\" \/>\n<meta property=\"article:published_time\" content=\"2021-06-11T17:35:00+00:00\" \/>\n<meta property=\"article:modified_time\" content=\"2021-06-11T17:45:39+00:00\" \/>\n<meta property=\"og:image\" content=\"https:\/\/locorraldarnes.com\/wp-content\/uploads\/2021\/06\/2021_05_25-Salshishes-tibetanes-4.jpg\" \/>\n\t<meta property=\"og:image:width\" content=\"1920\" \/>\n\t<meta property=\"og:image:height\" content=\"1440\" \/>\n\t<meta property=\"og:image:type\" content=\"image\/jpeg\" \/>\n<meta name=\"author\" content=\"Lo corral d&#039;arnes\" \/>\n<meta name=\"twitter:card\" content=\"summary_large_image\" \/>\n<meta name=\"twitter:label1\" content=\"Written by\" \/>\n\t<meta name=\"twitter:data1\" content=\"Lo corral d&#039;arnes\" \/>\n\t<meta name=\"twitter:label2\" content=\"Est. reading time\" \/>\n\t<meta name=\"twitter:data2\" content=\"3 minutes\" \/>\n<script type=\"application\/ld+json\" class=\"yoast-schema-graph\">{\"@context\":\"https:\\\/\\\/schema.org\",\"@graph\":[{\"@type\":\"Article\",\"@id\":\"https:\\\/\\\/locorraldarnes.com\\\/en\\\/escalada-als-estrets-via-salshishes-tibetanes-a-la-gronsa-sud\\\/#article\",\"isPartOf\":{\"@id\":\"https:\\\/\\\/locorraldarnes.com\\\/en\\\/escalada-als-estrets-via-salshishes-tibetanes-a-la-gronsa-sud\\\/\"},\"author\":{\"name\":\"Lo corral d'arnes\",\"@id\":\"https:\\\/\\\/locorraldarnes.com\\\/#\\\/schema\\\/person\\\/014cb61eff277c4d2c65f4e64512915f\"},\"headline\":\"ESCALADA ALS ESTRETS, VIA SALSHISHES TIBETANES A LA GRONSA SUD.\",\"datePublished\":\"2021-06-11T17:35:00+00:00\",\"dateModified\":\"2021-06-11T17:45:39+00:00\",\"mainEntityOfPage\":{\"@id\":\"https:\\\/\\\/locorraldarnes.com\\\/en\\\/escalada-als-estrets-via-salshishes-tibetanes-a-la-gronsa-sud\\\/\"},\"wordCount\":587,\"commentCount\":0,\"publisher\":{\"@id\":\"https:\\\/\\\/locorraldarnes.com\\\/#organization\"},\"image\":{\"@id\":\"https:\\\/\\\/locorraldarnes.com\\\/en\\\/escalada-als-estrets-via-salshishes-tibetanes-a-la-gronsa-sud\\\/#primaryimage\"},\"thumbnailUrl\":\"https:\\\/\\\/locorraldarnes.com\\\/wp-content\\\/uploads\\\/2021\\\/06\\\/2021_05_25-Salshishes-tibetanes-4.jpg\",\"keywords\":[\"allotjament rural\",\"escalada\",\"ressenyes\"],\"articleSection\":[\"allotjament rural\",\"Escalada\",\"Ressenyes\"],\"inLanguage\":\"en-US\",\"potentialAction\":[{\"@type\":\"CommentAction\",\"name\":\"Comment\",\"target\":[\"https:\\\/\\\/locorraldarnes.com\\\/en\\\/escalada-als-estrets-via-salshishes-tibetanes-a-la-gronsa-sud\\\/#respond\"]}]},{\"@type\":\"WebPage\",\"@id\":\"https:\\\/\\\/locorraldarnes.com\\\/en\\\/escalada-als-estrets-via-salshishes-tibetanes-a-la-gronsa-sud\\\/\",\"url\":\"https:\\\/\\\/locorraldarnes.com\\\/en\\\/escalada-als-estrets-via-salshishes-tibetanes-a-la-gronsa-sud\\\/\",\"name\":\"ESCALADA ALS ESTRETS, VIA SALSHISHES TIBETANES A LA GRONSA SUD. - lo corral d&#039;arnes\",\"isPartOf\":{\"@id\":\"https:\\\/\\\/locorraldarnes.com\\\/#website\"},\"primaryImageOfPage\":{\"@id\":\"https:\\\/\\\/locorraldarnes.com\\\/en\\\/escalada-als-estrets-via-salshishes-tibetanes-a-la-gronsa-sud\\\/#primaryimage\"},\"image\":{\"@id\":\"https:\\\/\\\/locorraldarnes.com\\\/en\\\/escalada-als-estrets-via-salshishes-tibetanes-a-la-gronsa-sud\\\/#primaryimage\"},\"thumbnailUrl\":\"https:\\\/\\\/locorraldarnes.com\\\/wp-content\\\/uploads\\\/2021\\\/06\\\/2021_05_25-Salshishes-tibetanes-4.jpg\",\"datePublished\":\"2021-06-11T17:35:00+00:00\",\"dateModified\":\"2021-06-11T17:45:39+00:00\",\"description\":\"Ressenya de la via Salshishes Tibetanes a la Gronsa Sud, Estrets d'Arnes, els Ports. Amb enlla\u00e7os al Blog d'en Guillem\",\"breadcrumb\":{\"@id\":\"https:\\\/\\\/locorraldarnes.com\\\/en\\\/escalada-als-estrets-via-salshishes-tibetanes-a-la-gronsa-sud\\\/#breadcrumb\"},\"inLanguage\":\"en-US\",\"potentialAction\":[{\"@type\":\"ReadAction\",\"target\":[\"https:\\\/\\\/locorraldarnes.com\\\/en\\\/escalada-als-estrets-via-salshishes-tibetanes-a-la-gronsa-sud\\\/\"]}]},{\"@type\":\"ImageObject\",\"inLanguage\":\"en-US\",\"@id\":\"https:\\\/\\\/locorraldarnes.com\\\/en\\\/escalada-als-estrets-via-salshishes-tibetanes-a-la-gronsa-sud\\\/#primaryimage\",\"url\":\"https:\\\/\\\/locorraldarnes.com\\\/wp-content\\\/uploads\\\/2021\\\/06\\\/2021_05_25-Salshishes-tibetanes-4.jpg\",\"contentUrl\":\"https:\\\/\\\/locorraldarnes.com\\\/wp-content\\\/uploads\\\/2021\\\/06\\\/2021_05_25-Salshishes-tibetanes-4.jpg\",\"width\":1920,\"height\":1440,\"caption\":\"Salshishes Tibetanes\"},{\"@type\":\"BreadcrumbList\",\"@id\":\"https:\\\/\\\/locorraldarnes.com\\\/en\\\/escalada-als-estrets-via-salshishes-tibetanes-a-la-gronsa-sud\\\/#breadcrumb\",\"itemListElement\":[{\"@type\":\"ListItem\",\"position\":1,\"name\":\"Inici\",\"item\":\"https:\\\/\\\/locorraldarnes.com\\\/\"},{\"@type\":\"ListItem\",\"position\":2,\"name\":\"ESCALADA ALS ESTRETS, VIA SALSHISHES TIBETANES A LA GRONSA SUD.\"}]},{\"@type\":\"WebSite\",\"@id\":\"https:\\\/\\\/locorraldarnes.com\\\/#website\",\"url\":\"https:\\\/\\\/locorraldarnes.com\\\/\",\"name\":\"lo corral d'arnes\",\"description\":\"Allotjament rural a Arnes. Estels del Sud. Els Ports\",\"publisher\":{\"@id\":\"https:\\\/\\\/locorraldarnes.com\\\/#organization\"},\"potentialAction\":[{\"@type\":\"SearchAction\",\"target\":{\"@type\":\"EntryPoint\",\"urlTemplate\":\"https:\\\/\\\/locorraldarnes.com\\\/?s={search_term_string}\"},\"query-input\":{\"@type\":\"PropertyValueSpecification\",\"valueRequired\":true,\"valueName\":\"search_term_string\"}}],\"inLanguage\":\"en-US\"},{\"@type\":\"Organization\",\"@id\":\"https:\\\/\\\/locorraldarnes.com\\\/#organization\",\"name\":\"Lo corral d'arnes\",\"url\":\"https:\\\/\\\/locorraldarnes.com\\\/\",\"logo\":{\"@type\":\"ImageObject\",\"inLanguage\":\"en-US\",\"@id\":\"https:\\\/\\\/locorraldarnes.com\\\/#\\\/schema\\\/logo\\\/image\\\/\",\"url\":\"https:\\\/\\\/locorraldarnes.com\\\/wp-content\\\/uploads\\\/logo-lo-corral-mini.gif\",\"contentUrl\":\"https:\\\/\\\/locorraldarnes.com\\\/wp-content\\\/uploads\\\/logo-lo-corral-mini.gif\",\"width\":283,\"height\":116,\"caption\":\"Lo corral d'arnes\"},\"image\":{\"@id\":\"https:\\\/\\\/locorraldarnes.com\\\/#\\\/schema\\\/logo\\\/image\\\/\"},\"sameAs\":[\"https:\\\/\\\/www.facebook.com\\\/locorraldarnes\",\"https:\\\/\\\/www.instagram.com\\\/locorraldarnes8087\\\/\"]},{\"@type\":\"Person\",\"@id\":\"https:\\\/\\\/locorraldarnes.com\\\/#\\\/schema\\\/person\\\/014cb61eff277c4d2c65f4e64512915f\",\"name\":\"Lo corral d'arnes\",\"image\":{\"@type\":\"ImageObject\",\"inLanguage\":\"en-US\",\"@id\":\"https:\\\/\\\/secure.gravatar.com\\\/avatar\\\/0ec546518cdc38222ea845d597c90f30ed6748bc9239933ec7c1bfbc090e17f2?s=96&d=mm&r=g\",\"url\":\"https:\\\/\\\/secure.gravatar.com\\\/avatar\\\/0ec546518cdc38222ea845d597c90f30ed6748bc9239933ec7c1bfbc090e17f2?s=96&d=mm&r=g\",\"contentUrl\":\"https:\\\/\\\/secure.gravatar.com\\\/avatar\\\/0ec546518cdc38222ea845d597c90f30ed6748bc9239933ec7c1bfbc090e17f2?s=96&d=mm&r=g\",\"caption\":\"Lo corral d'arnes\"},\"sameAs\":[\"http:\\\/\\\/locorraldarnes.com\"]}]}<\/script>\n<!-- \/ Yoast SEO plugin. -->","yoast_head_json":{"title":"ESCALADA ALS ESTRETS, VIA SALSHISHES TIBETANES A LA GRONSA SUD. - lo corral d&#039;arnes","description":"Ressenya de la via Salshishes Tibetanes a la Gronsa Sud, Estrets d'Arnes, els Ports. Amb enlla\u00e7os al Blog d'en Guillem","robots":{"index":"index","follow":"follow","max-snippet":"max-snippet:-1","max-image-preview":"max-image-preview:large","max-video-preview":"max-video-preview:-1"},"canonical":"https:\/\/locorraldarnes.com\/en\/escalada-als-estrets-via-salshishes-tibetanes-a-la-gronsa-sud\/","og_locale":"en_US","og_type":"article","og_title":"ESCALADA ALS ESTRETS, VIA SALSHISHES TIBETANES A LA GRONSA SUD. - lo corral d&#039;arnes","og_description":"Ressenya de la via Salshishes Tibetanes a la Gronsa Sud, Estrets d'Arnes, els Ports. Amb enlla\u00e7os al Blog d'en Guillem","og_url":"https:\/\/locorraldarnes.com\/en\/escalada-als-estrets-via-salshishes-tibetanes-a-la-gronsa-sud\/","og_site_name":"lo corral d&#039;arnes","article_publisher":"https:\/\/www.facebook.com\/locorraldarnes","article_published_time":"2021-06-11T17:35:00+00:00","article_modified_time":"2021-06-11T17:45:39+00:00","og_image":[{"width":1920,"height":1440,"url":"https:\/\/locorraldarnes.com\/wp-content\/uploads\/2021\/06\/2021_05_25-Salshishes-tibetanes-4.jpg","type":"image\/jpeg"}],"author":"Lo corral d'arnes","twitter_card":"summary_large_image","twitter_misc":{"Written by":"Lo corral d'arnes","Est. reading time":"3 minutes"},"schema":{"@context":"https:\/\/schema.org","@graph":[{"@type":"Article","@id":"https:\/\/locorraldarnes.com\/en\/escalada-als-estrets-via-salshishes-tibetanes-a-la-gronsa-sud\/#article","isPartOf":{"@id":"https:\/\/locorraldarnes.com\/en\/escalada-als-estrets-via-salshishes-tibetanes-a-la-gronsa-sud\/"},"author":{"name":"Lo corral d'arnes","@id":"https:\/\/locorraldarnes.com\/#\/schema\/person\/014cb61eff277c4d2c65f4e64512915f"},"headline":"ESCALADA ALS ESTRETS, VIA SALSHISHES TIBETANES A LA GRONSA SUD.","datePublished":"2021-06-11T17:35:00+00:00","dateModified":"2021-06-11T17:45:39+00:00","mainEntityOfPage":{"@id":"https:\/\/locorraldarnes.com\/en\/escalada-als-estrets-via-salshishes-tibetanes-a-la-gronsa-sud\/"},"wordCount":587,"commentCount":0,"publisher":{"@id":"https:\/\/locorraldarnes.com\/#organization"},"image":{"@id":"https:\/\/locorraldarnes.com\/en\/escalada-als-estrets-via-salshishes-tibetanes-a-la-gronsa-sud\/#primaryimage"},"thumbnailUrl":"https:\/\/locorraldarnes.com\/wp-content\/uploads\/2021\/06\/2021_05_25-Salshishes-tibetanes-4.jpg","keywords":["allotjament rural","escalada","ressenyes"],"articleSection":["allotjament rural","Escalada","Ressenyes"],"inLanguage":"en-US","potentialAction":[{"@type":"CommentAction","name":"Comment","target":["https:\/\/locorraldarnes.com\/en\/escalada-als-estrets-via-salshishes-tibetanes-a-la-gronsa-sud\/#respond"]}]},{"@type":"WebPage","@id":"https:\/\/locorraldarnes.com\/en\/escalada-als-estrets-via-salshishes-tibetanes-a-la-gronsa-sud\/","url":"https:\/\/locorraldarnes.com\/en\/escalada-als-estrets-via-salshishes-tibetanes-a-la-gronsa-sud\/","name":"ESCALADA ALS ESTRETS, VIA SALSHISHES TIBETANES A LA GRONSA SUD. - lo corral d&#039;arnes","isPartOf":{"@id":"https:\/\/locorraldarnes.com\/#website"},"primaryImageOfPage":{"@id":"https:\/\/locorraldarnes.com\/en\/escalada-als-estrets-via-salshishes-tibetanes-a-la-gronsa-sud\/#primaryimage"},"image":{"@id":"https:\/\/locorraldarnes.com\/en\/escalada-als-estrets-via-salshishes-tibetanes-a-la-gronsa-sud\/#primaryimage"},"thumbnailUrl":"https:\/\/locorraldarnes.com\/wp-content\/uploads\/2021\/06\/2021_05_25-Salshishes-tibetanes-4.jpg","datePublished":"2021-06-11T17:35:00+00:00","dateModified":"2021-06-11T17:45:39+00:00","description":"Ressenya de la via Salshishes Tibetanes a la Gronsa Sud, Estrets d'Arnes, els Ports. Amb enlla\u00e7os al Blog d'en Guillem","breadcrumb":{"@id":"https:\/\/locorraldarnes.com\/en\/escalada-als-estrets-via-salshishes-tibetanes-a-la-gronsa-sud\/#breadcrumb"},"inLanguage":"en-US","potentialAction":[{"@type":"ReadAction","target":["https:\/\/locorraldarnes.com\/en\/escalada-als-estrets-via-salshishes-tibetanes-a-la-gronsa-sud\/"]}]},{"@type":"ImageObject","inLanguage":"en-US","@id":"https:\/\/locorraldarnes.com\/en\/escalada-als-estrets-via-salshishes-tibetanes-a-la-gronsa-sud\/#primaryimage","url":"https:\/\/locorraldarnes.com\/wp-content\/uploads\/2021\/06\/2021_05_25-Salshishes-tibetanes-4.jpg","contentUrl":"https:\/\/locorraldarnes.com\/wp-content\/uploads\/2021\/06\/2021_05_25-Salshishes-tibetanes-4.jpg","width":1920,"height":1440,"caption":"Salshishes Tibetanes"},{"@type":"BreadcrumbList","@id":"https:\/\/locorraldarnes.com\/en\/escalada-als-estrets-via-salshishes-tibetanes-a-la-gronsa-sud\/#breadcrumb","itemListElement":[{"@type":"ListItem","position":1,"name":"Inici","item":"https:\/\/locorraldarnes.com\/"},{"@type":"ListItem","position":2,"name":"ESCALADA ALS ESTRETS, VIA SALSHISHES TIBETANES A LA GRONSA SUD."}]},{"@type":"WebSite","@id":"https:\/\/locorraldarnes.com\/#website","url":"https:\/\/locorraldarnes.com\/","name":"lo corral d'arnes","description":"Allotjament rural a Arnes. Estels del Sud. Els Ports","publisher":{"@id":"https:\/\/locorraldarnes.com\/#organization"},"potentialAction":[{"@type":"SearchAction","target":{"@type":"EntryPoint","urlTemplate":"https:\/\/locorraldarnes.com\/?s={search_term_string}"},"query-input":{"@type":"PropertyValueSpecification","valueRequired":true,"valueName":"search_term_string"}}],"inLanguage":"en-US"},{"@type":"Organization","@id":"https:\/\/locorraldarnes.com\/#organization","name":"Lo corral d'arnes","url":"https:\/\/locorraldarnes.com\/","logo":{"@type":"ImageObject","inLanguage":"en-US","@id":"https:\/\/locorraldarnes.com\/#\/schema\/logo\/image\/","url":"https:\/\/locorraldarnes.com\/wp-content\/uploads\/logo-lo-corral-mini.gif","contentUrl":"https:\/\/locorraldarnes.com\/wp-content\/uploads\/logo-lo-corral-mini.gif","width":283,"height":116,"caption":"Lo corral d'arnes"},"image":{"@id":"https:\/\/locorraldarnes.com\/#\/schema\/logo\/image\/"},"sameAs":["https:\/\/www.facebook.com\/locorraldarnes","https:\/\/www.instagram.com\/locorraldarnes8087\/"]},{"@type":"Person","@id":"https:\/\/locorraldarnes.com\/#\/schema\/person\/014cb61eff277c4d2c65f4e64512915f","name":"Lo corral d'arnes","image":{"@type":"ImageObject","inLanguage":"en-US","@id":"https:\/\/secure.gravatar.com\/avatar\/0ec546518cdc38222ea845d597c90f30ed6748bc9239933ec7c1bfbc090e17f2?s=96&d=mm&r=g","url":"https:\/\/secure.gravatar.com\/avatar\/0ec546518cdc38222ea845d597c90f30ed6748bc9239933ec7c1bfbc090e17f2?s=96&d=mm&r=g","contentUrl":"https:\/\/secure.gravatar.com\/avatar\/0ec546518cdc38222ea845d597c90f30ed6748bc9239933ec7c1bfbc090e17f2?s=96&d=mm&r=g","caption":"Lo corral d'arnes"},"sameAs":["http:\/\/locorraldarnes.com"]}]}},"_links":{"self":[{"href":"https:\/\/locorraldarnes.com\/en\/wp-json\/wp\/v2\/posts\/13057","targetHints":{"allow":["GET"]}}],"collection":[{"href":"https:\/\/locorraldarnes.com\/en\/wp-json\/wp\/v2\/posts"}],"about":[{"href":"https:\/\/locorraldarnes.com\/en\/wp-json\/wp\/v2\/types\/post"}],"author":[{"embeddable":true,"href":"https:\/\/locorraldarnes.com\/en\/wp-json\/wp\/v2\/users\/7344"}],"replies":[{"embeddable":true,"href":"https:\/\/locorraldarnes.com\/en\/wp-json\/wp\/v2\/comments?post=13057"}],"version-history":[{"count":0,"href":"https:\/\/locorraldarnes.com\/en\/wp-json\/wp\/v2\/posts\/13057\/revisions"}],"wp:featuredmedia":[{"embeddable":true,"href":"https:\/\/locorraldarnes.com\/en\/wp-json\/wp\/v2\/media\/13109"}],"wp:attachment":[{"href":"https:\/\/locorraldarnes.com\/en\/wp-json\/wp\/v2\/media?parent=13057"}],"wp:term":[{"taxonomy":"category","embeddable":true,"href":"https:\/\/locorraldarnes.com\/en\/wp-json\/wp\/v2\/categories?post=13057"},{"taxonomy":"post_tag","embeddable":true,"href":"https:\/\/locorraldarnes.com\/en\/wp-json\/wp\/v2\/tags?post=13057"}],"curies":[{"name":"wp","href":"https:\/\/api.w.org\/{rel}","templated":true}]}}