{"id":12669,"date":"2021-01-23T19:01:18","date_gmt":"2021-01-23T18:01:18","guid":{"rendered":"https:\/\/locorraldarnes.com\/?p=12669"},"modified":"2021-01-23T19:25:03","modified_gmt":"2021-01-23T18:25:03","slug":"espigoladors-de-mandarines","status":"publish","type":"post","link":"https:\/\/locorraldarnes.com\/en\/espigoladors-de-mandarines\/","title":{"rendered":"ESPIGOLADORS DE MANDARINES"},"content":{"rendered":"<p>[et_pb_section fb_built=&#8221;1&#8243; admin_label=&#8221;section&#8221; _builder_version=&#8221;3.22&#8243;][et_pb_row column_structure=&#8221;3_5,2_5&#8243; admin_label=&#8221;row&#8221; _builder_version=&#8221;3.25&#8243; background_size=&#8221;initial&#8221; background_position=&#8221;top_left&#8221; background_repeat=&#8221;repeat&#8221;][et_pb_column type=&#8221;3_5&#8243; _builder_version=&#8221;3.25&#8243; custom_padding=&#8221;|||&#8221; custom_padding__hover=&#8221;|||&#8221;][et_pb_text admin_label=&#8221;Text&#8221; _builder_version=&#8221;4.8.1&#8243; background_size=&#8221;initial&#8221; background_position=&#8221;top_left&#8221; background_repeat=&#8221;repeat&#8221;]<\/p>\n<h2>\u00a0<\/h2>\n<h2>QUE FER EL CAP DE SETMANA EN TEMPS DE CONFINAMENT<\/h2>\n<p>&nbsp;<\/p>\n<p>Espigolar \u00e9s una paraula que m&#8217;agrada especialment i la utilitzo en els meus tallers i vida quotidiana, de fet per tenyir amb tints naturals, espigolo a la cuina, espigolo als camps d&#8217;oliveres, espigolo als jardins dels amics! Us atreviu a conjugar el verb espigolar?<\/p>\n<p>Coneixeu la ONG <a href=\"https:\/\/espigoladors.cat\/ca\/\">Espigoladors<\/a>? Una bona manera de col.laborar sobretot en aquests moments especials que vivim.<\/p>\n<p>A les Terres de l&#8217;Ebre \u00e9s temps de mandarina i taronges, aquest any la collita s&#8217;est\u00e0 quedant als camps ja que no \u00e9s gens rendible la seva recol\u00b7lecci\u00f3. Molta mandarina i petita, per\u00f2 us ben asseguro que d&#8217;un gust espectacular! dolces com la mel d&#8217;Arnes!<\/p>\n<p>Tot el que es recol\u00b7lecta amb els voluntaris es porta al banc d&#8217;aliments i el proper dilluns es far\u00e0 el repartiment.<\/p>\n<p>Aquest dissabte ens hem sumat a l&#8217;espigolada, un mat\u00ed agradable treballant al camp, amb totes les mesures de seguretat, una bona manera tamb\u00e9 d&#8217;aclarir la ment del dia a dia actual.<\/p>\n<p>Us ho recomanem. Espigoleu! Si consulteu a la seva web, segur que trobeu on!<\/p>\n<p><a href=\"https:\/\/espigoladors.cat\/ca\/\">www.espigoladors.com<\/a><\/p>\n<p>Salut, que tot no \u00e9s caminar pels Ports!!!! \ud83d\ude42<\/p>\n<p>&nbsp;<\/p>\n<p>&nbsp;<\/p>\n<p>[\/et_pb_text][\/et_pb_column][et_pb_column type=&#8221;2_5&#8243; _builder_version=&#8221;3.25&#8243; custom_padding=&#8221;|||&#8221; custom_padding__hover=&#8221;|||&#8221;][et_pb_gallery gallery_ids=&#8221;12672,12676,12680,12684,12688&#8243; posts_number=&#8221;7&#8243; show_title_and_caption=&#8221;off&#8221; show_pagination=&#8221;off&#8221; _builder_version=&#8221;4.8.1&#8243; _module_preset=&#8221;default&#8221;][\/et_pb_gallery][\/et_pb_column][\/et_pb_row][\/et_pb_section]<\/p>\n<span class=\"et_bloom_bottom_trigger\"><\/span>","protected":false},"excerpt":{"rendered":"<p>\u00a0 QUE FER EL CAP DE SETMANA EN TEMPS DE CONFINAMENT &nbsp; Espigolar \u00e9s una paraula que m&#8217;agrada especialment i la utilitzo en els meus tallers i vida quotidiana, de fet per tenyir amb tints naturals, espigolo a la cuina, espigolo als camps d&#8217;oliveres, espigolo als jardins dels amics! Us atreviu a conjugar el verb [&hellip;]<\/p>\n","protected":false},"author":7344,"featured_media":12692,"comment_status":"open","ping_status":"open","sticky":false,"template":"","format":"standard","meta":{"_et_pb_use_builder":"on","_et_pb_old_content":"","_et_gb_content_width":"","footnotes":""},"categories":[136,257,28],"tags":[501,502,503,504,65],"class_list":["post-12669","post","type-post","status-publish","format-standard","has-post-thumbnail","hentry","category-allotjament","category-arnes","category-els-ports","tag-espigoladors","tag-mandarines","tag-ong","tag-terres-de-lebre","tag-tortosa"],"yoast_head":"<!-- This site is optimized with the Yoast SEO plugin v27.5 - https:\/\/yoast.com\/product\/yoast-seo-wordpress\/ -->\n<title>ESPIGOLADORS DE MANDARINES - lo corral d&#039;arnes<\/title>\n<meta name=\"description\" content=\"Espigolant mandarines a les Terres de l&#039;Ebre tamb\u00e9 \u00e9s una bona manera de passar un dissabte el mat\u00ed. L&#039;experi\u00e8ncia s&#039;ho val!\" \/>\n<meta name=\"robots\" content=\"index, follow, max-snippet:-1, max-image-preview:large, max-video-preview:-1\" \/>\n<link rel=\"canonical\" href=\"https:\/\/locorraldarnes.com\/en\/espigoladors-de-mandarines\/\" \/>\n<meta property=\"og:locale\" content=\"en_US\" \/>\n<meta property=\"og:type\" content=\"article\" \/>\n<meta property=\"og:title\" content=\"ESPIGOLADORS DE MANDARINES - lo corral d&#039;arnes\" \/>\n<meta property=\"og:description\" content=\"Espigolant mandarines a les Terres de l&#039;Ebre tamb\u00e9 \u00e9s una bona manera de passar un dissabte el mat\u00ed. L&#039;experi\u00e8ncia s&#039;ho val!\" \/>\n<meta property=\"og:url\" content=\"https:\/\/locorraldarnes.com\/en\/espigoladors-de-mandarines\/\" \/>\n<meta property=\"og:site_name\" content=\"lo corral d&#039;arnes\" \/>\n<meta property=\"article:publisher\" content=\"https:\/\/www.facebook.com\/locorraldarnes\" \/>\n<meta property=\"article:published_time\" content=\"2021-01-23T18:01:18+00:00\" \/>\n<meta property=\"article:modified_time\" content=\"2021-01-23T18:25:03+00:00\" \/>\n<meta property=\"og:image\" content=\"https:\/\/locorraldarnes.com\/wp-content\/uploads\/2021\/01\/Espigoladors-a-lebre-e1611425222287.jpg\" \/>\n\t<meta property=\"og:image:width\" content=\"756\" \/>\n\t<meta property=\"og:image:height\" content=\"756\" \/>\n\t<meta property=\"og:image:type\" content=\"image\/jpeg\" \/>\n<meta name=\"author\" content=\"Lo corral d&#039;arnes\" \/>\n<meta name=\"twitter:card\" content=\"summary_large_image\" \/>\n<meta name=\"twitter:label1\" content=\"Written by\" \/>\n\t<meta name=\"twitter:data1\" content=\"Lo corral d&#039;arnes\" \/>\n\t<meta name=\"twitter:label2\" content=\"Est. reading time\" \/>\n\t<meta name=\"twitter:data2\" content=\"1 minute\" \/>\n<script type=\"application\/ld+json\" class=\"yoast-schema-graph\">{\"@context\":\"https:\\\/\\\/schema.org\",\"@graph\":[{\"@type\":\"Article\",\"@id\":\"https:\\\/\\\/locorraldarnes.com\\\/en\\\/espigoladors-de-mandarines\\\/#article\",\"isPartOf\":{\"@id\":\"https:\\\/\\\/locorraldarnes.com\\\/en\\\/espigoladors-de-mandarines\\\/\"},\"author\":{\"name\":\"Lo corral d'arnes\",\"@id\":\"https:\\\/\\\/locorraldarnes.com\\\/#\\\/schema\\\/person\\\/014cb61eff277c4d2c65f4e64512915f\"},\"headline\":\"ESPIGOLADORS DE MANDARINES\",\"datePublished\":\"2021-01-23T18:01:18+00:00\",\"dateModified\":\"2021-01-23T18:25:03+00:00\",\"mainEntityOfPage\":{\"@id\":\"https:\\\/\\\/locorraldarnes.com\\\/en\\\/espigoladors-de-mandarines\\\/\"},\"wordCount\":318,\"commentCount\":0,\"publisher\":{\"@id\":\"https:\\\/\\\/locorraldarnes.com\\\/#organization\"},\"image\":{\"@id\":\"https:\\\/\\\/locorraldarnes.com\\\/en\\\/espigoladors-de-mandarines\\\/#primaryimage\"},\"thumbnailUrl\":\"https:\\\/\\\/locorraldarnes.com\\\/wp-content\\\/uploads\\\/2021\\\/01\\\/Espigoladors-a-lebre-e1611425222287.jpg\",\"keywords\":[\"Espigoladors\",\"mandarines\",\"ong\",\"Terres de l'Ebre\",\"Tortosa\"],\"articleSection\":[\"allotjament\",\"Arnes\",\"Els Ports\"],\"inLanguage\":\"en-US\",\"potentialAction\":[{\"@type\":\"CommentAction\",\"name\":\"Comment\",\"target\":[\"https:\\\/\\\/locorraldarnes.com\\\/en\\\/espigoladors-de-mandarines\\\/#respond\"]}]},{\"@type\":\"WebPage\",\"@id\":\"https:\\\/\\\/locorraldarnes.com\\\/en\\\/espigoladors-de-mandarines\\\/\",\"url\":\"https:\\\/\\\/locorraldarnes.com\\\/en\\\/espigoladors-de-mandarines\\\/\",\"name\":\"ESPIGOLADORS DE MANDARINES - lo corral d&#039;arnes\",\"isPartOf\":{\"@id\":\"https:\\\/\\\/locorraldarnes.com\\\/#website\"},\"primaryImageOfPage\":{\"@id\":\"https:\\\/\\\/locorraldarnes.com\\\/en\\\/espigoladors-de-mandarines\\\/#primaryimage\"},\"image\":{\"@id\":\"https:\\\/\\\/locorraldarnes.com\\\/en\\\/espigoladors-de-mandarines\\\/#primaryimage\"},\"thumbnailUrl\":\"https:\\\/\\\/locorraldarnes.com\\\/wp-content\\\/uploads\\\/2021\\\/01\\\/Espigoladors-a-lebre-e1611425222287.jpg\",\"datePublished\":\"2021-01-23T18:01:18+00:00\",\"dateModified\":\"2021-01-23T18:25:03+00:00\",\"description\":\"Espigolant mandarines a les Terres de l'Ebre tamb\u00e9 \u00e9s una bona manera de passar un dissabte el mat\u00ed. L'experi\u00e8ncia s'ho val!\",\"breadcrumb\":{\"@id\":\"https:\\\/\\\/locorraldarnes.com\\\/en\\\/espigoladors-de-mandarines\\\/#breadcrumb\"},\"inLanguage\":\"en-US\",\"potentialAction\":[{\"@type\":\"ReadAction\",\"target\":[\"https:\\\/\\\/locorraldarnes.com\\\/en\\\/espigoladors-de-mandarines\\\/\"]}]},{\"@type\":\"ImageObject\",\"inLanguage\":\"en-US\",\"@id\":\"https:\\\/\\\/locorraldarnes.com\\\/en\\\/espigoladors-de-mandarines\\\/#primaryimage\",\"url\":\"https:\\\/\\\/locorraldarnes.com\\\/wp-content\\\/uploads\\\/2021\\\/01\\\/Espigoladors-a-lebre-e1611425222287.jpg\",\"contentUrl\":\"https:\\\/\\\/locorraldarnes.com\\\/wp-content\\\/uploads\\\/2021\\\/01\\\/Espigoladors-a-lebre-e1611425222287.jpg\",\"width\":756,\"height\":756,\"caption\":\"Espigoladors a l'Ebre\"},{\"@type\":\"BreadcrumbList\",\"@id\":\"https:\\\/\\\/locorraldarnes.com\\\/en\\\/espigoladors-de-mandarines\\\/#breadcrumb\",\"itemListElement\":[{\"@type\":\"ListItem\",\"position\":1,\"name\":\"Inici\",\"item\":\"https:\\\/\\\/locorraldarnes.com\\\/\"},{\"@type\":\"ListItem\",\"position\":2,\"name\":\"ESPIGOLADORS DE MANDARINES\"}]},{\"@type\":\"WebSite\",\"@id\":\"https:\\\/\\\/locorraldarnes.com\\\/#website\",\"url\":\"https:\\\/\\\/locorraldarnes.com\\\/\",\"name\":\"lo corral d'arnes\",\"description\":\"Allotjament rural a Arnes. Estels del Sud. Els Ports\",\"publisher\":{\"@id\":\"https:\\\/\\\/locorraldarnes.com\\\/#organization\"},\"potentialAction\":[{\"@type\":\"SearchAction\",\"target\":{\"@type\":\"EntryPoint\",\"urlTemplate\":\"https:\\\/\\\/locorraldarnes.com\\\/?s={search_term_string}\"},\"query-input\":{\"@type\":\"PropertyValueSpecification\",\"valueRequired\":true,\"valueName\":\"search_term_string\"}}],\"inLanguage\":\"en-US\"},{\"@type\":\"Organization\",\"@id\":\"https:\\\/\\\/locorraldarnes.com\\\/#organization\",\"name\":\"Lo corral d'arnes\",\"url\":\"https:\\\/\\\/locorraldarnes.com\\\/\",\"logo\":{\"@type\":\"ImageObject\",\"inLanguage\":\"en-US\",\"@id\":\"https:\\\/\\\/locorraldarnes.com\\\/#\\\/schema\\\/logo\\\/image\\\/\",\"url\":\"https:\\\/\\\/locorraldarnes.com\\\/wp-content\\\/uploads\\\/logo-lo-corral-mini.gif\",\"contentUrl\":\"https:\\\/\\\/locorraldarnes.com\\\/wp-content\\\/uploads\\\/logo-lo-corral-mini.gif\",\"width\":283,\"height\":116,\"caption\":\"Lo corral d'arnes\"},\"image\":{\"@id\":\"https:\\\/\\\/locorraldarnes.com\\\/#\\\/schema\\\/logo\\\/image\\\/\"},\"sameAs\":[\"https:\\\/\\\/www.facebook.com\\\/locorraldarnes\",\"https:\\\/\\\/www.instagram.com\\\/locorraldarnes8087\\\/\"]},{\"@type\":\"Person\",\"@id\":\"https:\\\/\\\/locorraldarnes.com\\\/#\\\/schema\\\/person\\\/014cb61eff277c4d2c65f4e64512915f\",\"name\":\"Lo corral d'arnes\",\"image\":{\"@type\":\"ImageObject\",\"inLanguage\":\"en-US\",\"@id\":\"https:\\\/\\\/secure.gravatar.com\\\/avatar\\\/0ec546518cdc38222ea845d597c90f30ed6748bc9239933ec7c1bfbc090e17f2?s=96&d=mm&r=g\",\"url\":\"https:\\\/\\\/secure.gravatar.com\\\/avatar\\\/0ec546518cdc38222ea845d597c90f30ed6748bc9239933ec7c1bfbc090e17f2?s=96&d=mm&r=g\",\"contentUrl\":\"https:\\\/\\\/secure.gravatar.com\\\/avatar\\\/0ec546518cdc38222ea845d597c90f30ed6748bc9239933ec7c1bfbc090e17f2?s=96&d=mm&r=g\",\"caption\":\"Lo corral d'arnes\"},\"sameAs\":[\"http:\\\/\\\/locorraldarnes.com\"]}]}<\/script>\n<!-- \/ Yoast SEO plugin. -->","yoast_head_json":{"title":"ESPIGOLADORS DE MANDARINES - lo corral d&#039;arnes","description":"Espigolant mandarines a les Terres de l'Ebre tamb\u00e9 \u00e9s una bona manera de passar un dissabte el mat\u00ed. L'experi\u00e8ncia s'ho val!","robots":{"index":"index","follow":"follow","max-snippet":"max-snippet:-1","max-image-preview":"max-image-preview:large","max-video-preview":"max-video-preview:-1"},"canonical":"https:\/\/locorraldarnes.com\/en\/espigoladors-de-mandarines\/","og_locale":"en_US","og_type":"article","og_title":"ESPIGOLADORS DE MANDARINES - lo corral d&#039;arnes","og_description":"Espigolant mandarines a les Terres de l'Ebre tamb\u00e9 \u00e9s una bona manera de passar un dissabte el mat\u00ed. L'experi\u00e8ncia s'ho val!","og_url":"https:\/\/locorraldarnes.com\/en\/espigoladors-de-mandarines\/","og_site_name":"lo corral d&#039;arnes","article_publisher":"https:\/\/www.facebook.com\/locorraldarnes","article_published_time":"2021-01-23T18:01:18+00:00","article_modified_time":"2021-01-23T18:25:03+00:00","og_image":[{"width":756,"height":756,"url":"https:\/\/locorraldarnes.com\/wp-content\/uploads\/2021\/01\/Espigoladors-a-lebre-e1611425222287.jpg","type":"image\/jpeg"}],"author":"Lo corral d'arnes","twitter_card":"summary_large_image","twitter_misc":{"Written by":"Lo corral d'arnes","Est. reading time":"1 minute"},"schema":{"@context":"https:\/\/schema.org","@graph":[{"@type":"Article","@id":"https:\/\/locorraldarnes.com\/en\/espigoladors-de-mandarines\/#article","isPartOf":{"@id":"https:\/\/locorraldarnes.com\/en\/espigoladors-de-mandarines\/"},"author":{"name":"Lo corral d'arnes","@id":"https:\/\/locorraldarnes.com\/#\/schema\/person\/014cb61eff277c4d2c65f4e64512915f"},"headline":"ESPIGOLADORS DE MANDARINES","datePublished":"2021-01-23T18:01:18+00:00","dateModified":"2021-01-23T18:25:03+00:00","mainEntityOfPage":{"@id":"https:\/\/locorraldarnes.com\/en\/espigoladors-de-mandarines\/"},"wordCount":318,"commentCount":0,"publisher":{"@id":"https:\/\/locorraldarnes.com\/#organization"},"image":{"@id":"https:\/\/locorraldarnes.com\/en\/espigoladors-de-mandarines\/#primaryimage"},"thumbnailUrl":"https:\/\/locorraldarnes.com\/wp-content\/uploads\/2021\/01\/Espigoladors-a-lebre-e1611425222287.jpg","keywords":["Espigoladors","mandarines","ong","Terres de l'Ebre","Tortosa"],"articleSection":["allotjament","Arnes","Els Ports"],"inLanguage":"en-US","potentialAction":[{"@type":"CommentAction","name":"Comment","target":["https:\/\/locorraldarnes.com\/en\/espigoladors-de-mandarines\/#respond"]}]},{"@type":"WebPage","@id":"https:\/\/locorraldarnes.com\/en\/espigoladors-de-mandarines\/","url":"https:\/\/locorraldarnes.com\/en\/espigoladors-de-mandarines\/","name":"ESPIGOLADORS DE MANDARINES - lo corral d&#039;arnes","isPartOf":{"@id":"https:\/\/locorraldarnes.com\/#website"},"primaryImageOfPage":{"@id":"https:\/\/locorraldarnes.com\/en\/espigoladors-de-mandarines\/#primaryimage"},"image":{"@id":"https:\/\/locorraldarnes.com\/en\/espigoladors-de-mandarines\/#primaryimage"},"thumbnailUrl":"https:\/\/locorraldarnes.com\/wp-content\/uploads\/2021\/01\/Espigoladors-a-lebre-e1611425222287.jpg","datePublished":"2021-01-23T18:01:18+00:00","dateModified":"2021-01-23T18:25:03+00:00","description":"Espigolant mandarines a les Terres de l'Ebre tamb\u00e9 \u00e9s una bona manera de passar un dissabte el mat\u00ed. L'experi\u00e8ncia s'ho val!","breadcrumb":{"@id":"https:\/\/locorraldarnes.com\/en\/espigoladors-de-mandarines\/#breadcrumb"},"inLanguage":"en-US","potentialAction":[{"@type":"ReadAction","target":["https:\/\/locorraldarnes.com\/en\/espigoladors-de-mandarines\/"]}]},{"@type":"ImageObject","inLanguage":"en-US","@id":"https:\/\/locorraldarnes.com\/en\/espigoladors-de-mandarines\/#primaryimage","url":"https:\/\/locorraldarnes.com\/wp-content\/uploads\/2021\/01\/Espigoladors-a-lebre-e1611425222287.jpg","contentUrl":"https:\/\/locorraldarnes.com\/wp-content\/uploads\/2021\/01\/Espigoladors-a-lebre-e1611425222287.jpg","width":756,"height":756,"caption":"Espigoladors a l'Ebre"},{"@type":"BreadcrumbList","@id":"https:\/\/locorraldarnes.com\/en\/espigoladors-de-mandarines\/#breadcrumb","itemListElement":[{"@type":"ListItem","position":1,"name":"Inici","item":"https:\/\/locorraldarnes.com\/"},{"@type":"ListItem","position":2,"name":"ESPIGOLADORS DE MANDARINES"}]},{"@type":"WebSite","@id":"https:\/\/locorraldarnes.com\/#website","url":"https:\/\/locorraldarnes.com\/","name":"lo corral d'arnes","description":"Allotjament rural a Arnes. Estels del Sud. Els Ports","publisher":{"@id":"https:\/\/locorraldarnes.com\/#organization"},"potentialAction":[{"@type":"SearchAction","target":{"@type":"EntryPoint","urlTemplate":"https:\/\/locorraldarnes.com\/?s={search_term_string}"},"query-input":{"@type":"PropertyValueSpecification","valueRequired":true,"valueName":"search_term_string"}}],"inLanguage":"en-US"},{"@type":"Organization","@id":"https:\/\/locorraldarnes.com\/#organization","name":"Lo corral d'arnes","url":"https:\/\/locorraldarnes.com\/","logo":{"@type":"ImageObject","inLanguage":"en-US","@id":"https:\/\/locorraldarnes.com\/#\/schema\/logo\/image\/","url":"https:\/\/locorraldarnes.com\/wp-content\/uploads\/logo-lo-corral-mini.gif","contentUrl":"https:\/\/locorraldarnes.com\/wp-content\/uploads\/logo-lo-corral-mini.gif","width":283,"height":116,"caption":"Lo corral d'arnes"},"image":{"@id":"https:\/\/locorraldarnes.com\/#\/schema\/logo\/image\/"},"sameAs":["https:\/\/www.facebook.com\/locorraldarnes","https:\/\/www.instagram.com\/locorraldarnes8087\/"]},{"@type":"Person","@id":"https:\/\/locorraldarnes.com\/#\/schema\/person\/014cb61eff277c4d2c65f4e64512915f","name":"Lo corral d'arnes","image":{"@type":"ImageObject","inLanguage":"en-US","@id":"https:\/\/secure.gravatar.com\/avatar\/0ec546518cdc38222ea845d597c90f30ed6748bc9239933ec7c1bfbc090e17f2?s=96&d=mm&r=g","url":"https:\/\/secure.gravatar.com\/avatar\/0ec546518cdc38222ea845d597c90f30ed6748bc9239933ec7c1bfbc090e17f2?s=96&d=mm&r=g","contentUrl":"https:\/\/secure.gravatar.com\/avatar\/0ec546518cdc38222ea845d597c90f30ed6748bc9239933ec7c1bfbc090e17f2?s=96&d=mm&r=g","caption":"Lo corral d'arnes"},"sameAs":["http:\/\/locorraldarnes.com"]}]}},"_links":{"self":[{"href":"https:\/\/locorraldarnes.com\/en\/wp-json\/wp\/v2\/posts\/12669","targetHints":{"allow":["GET"]}}],"collection":[{"href":"https:\/\/locorraldarnes.com\/en\/wp-json\/wp\/v2\/posts"}],"about":[{"href":"https:\/\/locorraldarnes.com\/en\/wp-json\/wp\/v2\/types\/post"}],"author":[{"embeddable":true,"href":"https:\/\/locorraldarnes.com\/en\/wp-json\/wp\/v2\/users\/7344"}],"replies":[{"embeddable":true,"href":"https:\/\/locorraldarnes.com\/en\/wp-json\/wp\/v2\/comments?post=12669"}],"version-history":[{"count":0,"href":"https:\/\/locorraldarnes.com\/en\/wp-json\/wp\/v2\/posts\/12669\/revisions"}],"wp:featuredmedia":[{"embeddable":true,"href":"https:\/\/locorraldarnes.com\/en\/wp-json\/wp\/v2\/media\/12692"}],"wp:attachment":[{"href":"https:\/\/locorraldarnes.com\/en\/wp-json\/wp\/v2\/media?parent=12669"}],"wp:term":[{"taxonomy":"category","embeddable":true,"href":"https:\/\/locorraldarnes.com\/en\/wp-json\/wp\/v2\/categories?post=12669"},{"taxonomy":"post_tag","embeddable":true,"href":"https:\/\/locorraldarnes.com\/en\/wp-json\/wp\/v2\/tags?post=12669"}],"curies":[{"name":"wp","href":"https:\/\/api.w.org\/{rel}","templated":true}]}}